{"id":2292,"date":"2026-08-31T10:27:45","date_gmt":"2026-08-31T08:27:45","guid":{"rendered":"https:\/\/bonifratrzy.pl\/wtz-zebrzydowice\/?p=2292"},"modified":"2026-08-31T10:28:36","modified_gmt":"2026-08-31T08:28:36","slug":"zapraszamy-na-xiii-dozynkowe-spotkanie-integracyjne","status":"publish","type":"post","link":"https:\/\/bonifratrzy.pl\/wtz-zebrzydowice\/zapraszamy-na-xiii-dozynkowe-spotkanie-integracyjne\/","title":{"rendered":"Zapraszamy na XIII Do\u017cynkowe Spotkanie Integracyjne!"},"content":{"rendered":"\n<p class=\"wp-block-paragraph\">Serdecznie zapraszamy na XIII Do\u017cynkowe Spotkanie Integracyjne, kt\u00f3re odb\u0119dzie si\u0119 3 wrze\u015bnia 2026 r . w Konwencie Bonifratr\u00f3w w Zebrzydowicach!!!<\/p>\n\n\n\n<!--more-->\n\n\n\n<figure class=\"wp-block-image size-full\"><img loading=\"lazy\" decoding=\"async\" width=\"1810\" height=\"2560\" src=\"https:\/\/bonifratrzy.pl\/wtz-zebrzydowice\/wp-content\/uploads\/sites\/54\/2026\/08\/plakat-fiolet-b-scaled.jpg\" alt=\"\" class=\"wp-image-2294\" \/><\/figure>\n","protected":false},"excerpt":{"rendered":"<p>Serdecznie zapraszamy na XIII Do\u017cynkowe Spotkanie Integracyjne, kt\u00f3re odb\u0119dzie si\u0119 3 wrze\u015bnia 2026 r . w Konwencie Bonifratr\u00f3w w Zebrzydowicach!!!<\/p>\n","protected":false},"author":69,"featured_media":2294,"comment_status":"open","ping_status":"open","sticky":false,"template":"","format":"standard","meta":{"footnotes":""},"categories":[1],"tags":[],"class_list":["post-2292","post","type-post","status-publish","format-standard","has-post-thumbnail","hentry","category-aktualnosci"],"_links":{"self":[{"href":"https:\/\/bonifratrzy.pl\/wtz-zebrzydowice\/wp-json\/wp\/v2\/posts\/2292","targetHints":{"allow":["GET"]}}],"collection":[{"href":"https:\/\/bonifratrzy.pl\/wtz-zebrzydowice\/wp-json\/wp\/v2\/posts"}],"about":[{"href":"https:\/\/bonifratrzy.pl\/wtz-zebrzydowice\/wp-json\/wp\/v2\/types\/post"}],"author":[{"embeddable":true,"href":"https:\/\/bonifratrzy.pl\/wtz-zebrzydowice\/wp-json\/wp\/v2\/users\/69"}],"replies":[{"embeddable":true,"href":"https:\/\/bonifratrzy.pl\/wtz-zebrzydowice\/wp-json\/wp\/v2\/comments?post=2292"}],"version-history":[{"count":2,"href":"https:\/\/bonifratrzy.pl\/wtz-zebrzydowice\/wp-json\/wp\/v2\/posts\/2292\/revisions"}],"predecessor-version":[{"id":2296,"href":"https:\/\/bonifratrzy.pl\/wtz-zebrzydowice\/wp-json\/wp\/v2\/posts\/2292\/revisions\/2296"}],"wp:featuredmedia":[{"embeddable":true,"href":"https:\/\/bonifratrzy.pl\/wtz-zebrzydowice\/wp-json\/wp\/v2\/media\/2294"}],"wp:attachment":[{"href":"https:\/\/bonifratrzy.pl\/wtz-zebrzydowice\/wp-json\/wp\/v2\/media?parent=2292"}],"wp:term":[{"taxonomy":"category","embeddable":true,"href":"https:\/\/bonifratrzy.pl\/wtz-zebrzydowice\/wp-json\/wp\/v2\/categories?post=2292"},{"taxonomy":"post_tag","embeddable":true,"href":"https:\/\/bonifratrzy.pl\/wtz-zebrzydowice\/wp-json\/wp\/v2\/tags?post=2292"}],"curies":[{"name":"wp","href":"https:\/\/api.w.org\/{rel}","templated":true}]}}