{"id":312,"date":"2019-05-21T14:28:49","date_gmt":"2019-05-21T12:28:49","guid":{"rendered":"https:\/\/bonifratrzy.pl\/szpital-wroclaw\/?p=312"},"modified":"2019-05-21T15:32:12","modified_gmt":"2019-05-21T13:32:12","slug":"pani-barbara-szwat-uhonorowana-odznaczeniem-bene-meritus","status":"publish","type":"post","link":"https:\/\/bonifratrzy.pl\/szpital-wroclaw\/pani-barbara-szwat-uhonorowana-odznaczeniem-bene-meritus\/","title":{"rendered":"Pani Barbara Szwat uhonorowana odznaczeniem &#8222;Bene Meritus&#8221;"},"content":{"rendered":"<p><strong>Wroc\u0142aw \/ 13.05.2019\/<\/strong> Jest nam niezmiernie mi\u0142o poinformowa\u0107, \u017ce <strong>Pani Barbara Szwat<\/strong> \u2013 piel\u0119gniarka oddzia\u0142owa w Hospicjum \u015bw. Jana Bo\u017cego zosta\u0142a uhonorowana odznaczeniem zawodowym \u201eBene Meritus\u201d przyznanym decyzj\u0105 Kapitu\u0142y za wyr\u00f3\u017cniaj\u0105c\u0105 si\u0119 postaw\u0119 zawodow\u0105, upowszechnianie i przestrzeganie zasad etyki zawodowej\u00a0oraz wzorowe wykonywanie obowi\u0105zk\u00f3w zawodowych.<\/p>\n<p>Z okazji Mi\u0119dzynarodowego Dnia Piel\u0119gniarek w Teatrze Lalek we Wroc\u0142awiu odby\u0142o si\u0119 uroczyste wr\u0119czenie odznacze\u0144.<\/p>\n<p>Pani Basi serdecznie gratulujemy i \u017cyczymy dalszych sukces\u00f3w zawodowych i przede wszystkim satysfakcji z wykonywanej pracy.<\/p>\n<div class=\"wpmf-gallerys wpmf-gallerys-life \" ><div id=\"gallery-1\" class=\"gallery gallery_life wpmf_gallery_default gallery_default  gallery-columns-2 gallery-size-medium gallery-link-file wpmf-has-border-radius-0 wpmf-gutterwidth-5 no_ratio\"><figure class=\"wpmf-gallery-item\" data-index=\"0\"><div class=\"wpmf-gallery-icon\"><div class=\"square_thumbnail\"><div class=\"img_centered\"><a class=\" not_video noLightbox\" data-lightbox=\"1\" data-href=\"https:\/\/bonifratrzy.pl\/szpital-wroclaw\/wp-content\/uploads\/sites\/51\/2019\/05\/3-piel.jpg\" title=\"3 Piel\" target=\"_self\" data-index=\"0\"><img decoding=\"async\" class=\"wpmf_img\" alt=\"3 Piel\" src=\"https:\/\/bonifratrzy.pl\/szpital-wroclaw\/wp-content\/uploads\/sites\/51\/2019\/05\/3-piel-300x200.jpg\" data-type=\"wpmfgalleryimg\" data-lazy-src=\"https:\/\/bonifratrzy.pl\/szpital-wroclaw\/wp-content\/uploads\/sites\/51\/2019\/05\/3-piel-300x200.jpg\"><\/a><\/div><\/div><\/div><\/figure><figure class=\"wpmf-gallery-item\" data-index=\"1\"><div class=\"wpmf-gallery-icon\"><div class=\"square_thumbnail\"><div class=\"img_centered\"><a class=\" not_video noLightbox\" data-lightbox=\"1\" data-href=\"https:\/\/bonifratrzy.pl\/szpital-wroclaw\/wp-content\/uploads\/sites\/51\/2019\/05\/1-piel.jpg\" title=\"1 Piel\" target=\"_self\" data-index=\"1\"><img decoding=\"async\" class=\"wpmf_img\" alt=\"1 Piel\" src=\"https:\/\/bonifratrzy.pl\/szpital-wroclaw\/wp-content\/uploads\/sites\/51\/2019\/05\/1-piel-300x200.jpg\" data-type=\"wpmfgalleryimg\" data-lazy-src=\"https:\/\/bonifratrzy.pl\/szpital-wroclaw\/wp-content\/uploads\/sites\/51\/2019\/05\/1-piel-300x200.jpg\"><\/a><\/div><\/div><\/div><\/figure><\/div><\/div>\n<p>&nbsp;<\/p>\n<p>&nbsp;<\/p>\n","protected":false},"excerpt":{"rendered":"<p>Wroc\u0142aw \/ 13.05.2019\/ Jest nam niezmiernie mi\u0142o poinformowa\u0107, \u017ce Pani Barbara Szwat \u2013 piel\u0119gniarka oddzia\u0142owa w Hospicjum \u015bw. Jana Bo\u017cego zosta\u0142a uhonorowana odznaczeniem zawodowym \u201eBene Meritus\u201d przyznanym decyzj\u0105 Kapitu\u0142y za wyr\u00f3\u017cniaj\u0105c\u0105 si\u0119 postaw\u0119 zawodow\u0105, upowszechnianie i przestrzeganie zasad etyki zawodowej oraz wzorowe wykonywanie obowi\u0105zk\u00f3w zawodowych.<\/p>\n","protected":false},"author":6,"featured_media":303,"comment_status":"open","ping_status":"open","sticky":false,"template":"","format":"standard","meta":{"_sitemap_exclude":false,"_sitemap_priority":"","_sitemap_frequency":"","footnotes":""},"categories":[1],"tags":[],"_links":{"self":[{"href":"https:\/\/bonifratrzy.pl\/szpital-wroclaw\/wp-json\/wp\/v2\/posts\/312"}],"collection":[{"href":"https:\/\/bonifratrzy.pl\/szpital-wroclaw\/wp-json\/wp\/v2\/posts"}],"about":[{"href":"https:\/\/bonifratrzy.pl\/szpital-wroclaw\/wp-json\/wp\/v2\/types\/post"}],"author":[{"embeddable":true,"href":"https:\/\/bonifratrzy.pl\/szpital-wroclaw\/wp-json\/wp\/v2\/users\/6"}],"replies":[{"embeddable":true,"href":"https:\/\/bonifratrzy.pl\/szpital-wroclaw\/wp-json\/wp\/v2\/comments?post=312"}],"version-history":[{"count":4,"href":"https:\/\/bonifratrzy.pl\/szpital-wroclaw\/wp-json\/wp\/v2\/posts\/312\/revisions"}],"predecessor-version":[{"id":316,"href":"https:\/\/bonifratrzy.pl\/szpital-wroclaw\/wp-json\/wp\/v2\/posts\/312\/revisions\/316"}],"wp:featuredmedia":[{"embeddable":true,"href":"https:\/\/bonifratrzy.pl\/szpital-wroclaw\/wp-json\/wp\/v2\/media\/303"}],"wp:attachment":[{"href":"https:\/\/bonifratrzy.pl\/szpital-wroclaw\/wp-json\/wp\/v2\/media?parent=312"}],"wp:term":[{"taxonomy":"category","embeddable":true,"href":"https:\/\/bonifratrzy.pl\/szpital-wroclaw\/wp-json\/wp\/v2\/categories?post=312"},{"taxonomy":"post_tag","embeddable":true,"href":"https:\/\/bonifratrzy.pl\/szpital-wroclaw\/wp-json\/wp\/v2\/tags?post=312"}],"curies":[{"name":"wp","href":"https:\/\/api.w.org\/{rel}","templated":true}]}}