{"id":225,"date":"2018-10-26T14:53:08","date_gmt":"2018-10-26T12:53:08","guid":{"rendered":"https:\/\/bonifratrzy.pl\/szpital-wroclaw\/?p=225"},"modified":"2018-10-26T14:59:11","modified_gmt":"2018-10-26T12:59:11","slug":"kwesta-na-rzecz-hospicjum-bonifrtareskiego","status":"publish","type":"post","link":"https:\/\/bonifratrzy.pl\/szpital-wroclaw\/kwesta-na-rzecz-hospicjum-bonifrtareskiego\/","title":{"rendered":"Kwesta na rzecz Hospicjum Bonifratr\u00f3w im. \u015bw. Jana Bo\u017cego"},"content":{"rendered":"<p><strong>1 \u2013 3 listopada 2018r.<\/strong> na wroc\u0142awskich cmentarzach spotkacie naszych wolontariuszy prowadz\u0105cych kwest\u0119. Wszystkie zebrane pieni\u0105dze zostan\u0105 przeznaczone na wsparcie dzia\u0142alno\u015bci <strong>Hospicjum Bonifratr\u00f3w im. \u015bw. Jana Bo\u017cego<\/strong> \u2013 m.in.\u00a0 zakup koncentrator\u00f3w tlenu na potrzeby naszych pacjent\u00f3w z hospicjum domowego. Po raz kolejny wypatrujcie \u017c\u00f3\u0142tych koszulek i u\u015bmiechni\u0119tych twarzy!<\/p>\n<p>Ju\u017c teraz dzi\u0119kujemy za okazane serce i wsparcie.<\/p>\n","protected":false},"excerpt":{"rendered":"<p>1 \u2013 3 listopada 2018r. na wroc\u0142awskich cmentarzach spotkacie naszych wolontariuszy prowadz\u0105cych kwest\u0119. Wszystkie zebrane pieni\u0105dze zostan\u0105 przeznaczone na wsparcie dzia\u0142alno\u015bci Hospicjum Bonifratr\u00f3w im. \u015bw. Jana Bo\u017cego \u2013 m.in.  zakup koncentrator\u00f3w tlenu na potrzeby naszych pacjent\u00f3w z hospicjum domowego. Po raz kolejny wypatrujcie \u017c\u00f3\u0142tych koszulek i u\u015bmiechni\u0119tych twarzy!<\/p>\n<p>Ju\u017c teraz dzi\u0119kujemy za okazane serce i wsparcie.<\/p>\n","protected":false},"author":6,"featured_media":222,"comment_status":"open","ping_status":"open","sticky":false,"template":"","format":"standard","meta":{"_sitemap_exclude":false,"_sitemap_priority":"","_sitemap_frequency":"","footnotes":""},"categories":[1],"tags":[],"_links":{"self":[{"href":"https:\/\/bonifratrzy.pl\/szpital-wroclaw\/wp-json\/wp\/v2\/posts\/225"}],"collection":[{"href":"https:\/\/bonifratrzy.pl\/szpital-wroclaw\/wp-json\/wp\/v2\/posts"}],"about":[{"href":"https:\/\/bonifratrzy.pl\/szpital-wroclaw\/wp-json\/wp\/v2\/types\/post"}],"author":[{"embeddable":true,"href":"https:\/\/bonifratrzy.pl\/szpital-wroclaw\/wp-json\/wp\/v2\/users\/6"}],"replies":[{"embeddable":true,"href":"https:\/\/bonifratrzy.pl\/szpital-wroclaw\/wp-json\/wp\/v2\/comments?post=225"}],"version-history":[{"count":2,"href":"https:\/\/bonifratrzy.pl\/szpital-wroclaw\/wp-json\/wp\/v2\/posts\/225\/revisions"}],"predecessor-version":[{"id":227,"href":"https:\/\/bonifratrzy.pl\/szpital-wroclaw\/wp-json\/wp\/v2\/posts\/225\/revisions\/227"}],"wp:featuredmedia":[{"embeddable":true,"href":"https:\/\/bonifratrzy.pl\/szpital-wroclaw\/wp-json\/wp\/v2\/media\/222"}],"wp:attachment":[{"href":"https:\/\/bonifratrzy.pl\/szpital-wroclaw\/wp-json\/wp\/v2\/media?parent=225"}],"wp:term":[{"taxonomy":"category","embeddable":true,"href":"https:\/\/bonifratrzy.pl\/szpital-wroclaw\/wp-json\/wp\/v2\/categories?post=225"},{"taxonomy":"post_tag","embeddable":true,"href":"https:\/\/bonifratrzy.pl\/szpital-wroclaw\/wp-json\/wp\/v2\/tags?post=225"}],"curies":[{"name":"wp","href":"https:\/\/api.w.org\/{rel}","templated":true}]}}