{"id":223,"date":"2018-10-26T14:47:01","date_gmt":"2018-10-26T12:47:01","guid":{"rendered":"https:\/\/bonifratrzy.pl\/szpital-wroclaw\/?p=223"},"modified":"2018-10-26T14:47:01","modified_gmt":"2018-10-26T12:47:01","slug":"nie-zapominajmy-o-hospicjum-wywiad-z-bratem-sadokiem-i-pania-anna-zebranowicz","status":"publish","type":"post","link":"https:\/\/bonifratrzy.pl\/szpital-wroclaw\/nie-zapominajmy-o-hospicjum-wywiad-z-bratem-sadokiem-i-pania-anna-zebranowicz\/","title":{"rendered":"Nie zapominajmy o hospicjum &#8211; wywiad z bratem Sadokiem i Pani\u0105 Ann\u0105 \u017bebranowicz"},"content":{"rendered":"<p>Zach\u0119camy do zapoznania si\u0119 z wywiadem NIE ZAPOMINAJMY O HOSPICJUM &#8211; Anna \u017bebranowicz, brat Sadok Snopek \u00a9 VTV<\/p>\n<p>https:\/\/www.youtube.com\/watch?v=g8GOWrFSX0A<\/p>\n","protected":false},"excerpt":{"rendered":"<p>Zach\u0119camy do zapoznania si\u0119 z wywiadem NIE ZAPOMINAJMY O HOSPICJUM &#8211; Anna \u017bebranowicz, brat Sadok Snopek \u00a9 VTV<\/p>\n","protected":false},"author":6,"featured_media":221,"comment_status":"open","ping_status":"open","sticky":false,"template":"","format":"standard","meta":{"_sitemap_exclude":false,"_sitemap_priority":"","_sitemap_frequency":"","footnotes":""},"categories":[1],"tags":[],"_links":{"self":[{"href":"https:\/\/bonifratrzy.pl\/szpital-wroclaw\/wp-json\/wp\/v2\/posts\/223"}],"collection":[{"href":"https:\/\/bonifratrzy.pl\/szpital-wroclaw\/wp-json\/wp\/v2\/posts"}],"about":[{"href":"https:\/\/bonifratrzy.pl\/szpital-wroclaw\/wp-json\/wp\/v2\/types\/post"}],"author":[{"embeddable":true,"href":"https:\/\/bonifratrzy.pl\/szpital-wroclaw\/wp-json\/wp\/v2\/users\/6"}],"replies":[{"embeddable":true,"href":"https:\/\/bonifratrzy.pl\/szpital-wroclaw\/wp-json\/wp\/v2\/comments?post=223"}],"version-history":[{"count":1,"href":"https:\/\/bonifratrzy.pl\/szpital-wroclaw\/wp-json\/wp\/v2\/posts\/223\/revisions"}],"predecessor-version":[{"id":224,"href":"https:\/\/bonifratrzy.pl\/szpital-wroclaw\/wp-json\/wp\/v2\/posts\/223\/revisions\/224"}],"wp:featuredmedia":[{"embeddable":true,"href":"https:\/\/bonifratrzy.pl\/szpital-wroclaw\/wp-json\/wp\/v2\/media\/221"}],"wp:attachment":[{"href":"https:\/\/bonifratrzy.pl\/szpital-wroclaw\/wp-json\/wp\/v2\/media?parent=223"}],"wp:term":[{"taxonomy":"category","embeddable":true,"href":"https:\/\/bonifratrzy.pl\/szpital-wroclaw\/wp-json\/wp\/v2\/categories?post=223"},{"taxonomy":"post_tag","embeddable":true,"href":"https:\/\/bonifratrzy.pl\/szpital-wroclaw\/wp-json\/wp\/v2\/tags?post=223"}],"curies":[{"name":"wp","href":"https:\/\/api.w.org\/{rel}","templated":true}]}}