{"id":839,"date":"2016-11-22T16:50:14","date_gmt":"2016-11-22T15:50:14","guid":{"rendered":"https:\/\/bonifratrzy.pl\/klasztor-warszawa-sapiezynska\/?p=839"},"modified":"2020-11-02T12:19:51","modified_gmt":"2020-11-02T11:19:51","slug":"swieto-patronalne-siostr-karolanek-4-listopada-2016-r","status":"publish","type":"post","link":"https:\/\/bonifratrzy.pl\/klasztor-warszawa-sapiezynska\/2016\/11\/22\/swieto-patronalne-siostr-karolanek-4-listopada-2016-r\/","title":{"rendered":"\u015awi\u0119to patronalne Si\u00f3str Karolanek\u2013 4 listopada 2016 r."},"content":{"rendered":"<p>4 listopada Siostry Karolanki obchodzi\u0142y swoje \u015bwi\u0119to patronalne &#8211; wspomnienie \u015bw. Karola Boromeusza i zarazem zako\u0144czenie obchod\u00f3w 25-lecia bytno\u015bci i pos\u0142ugi w kraju misyjnym, jakim jest dla nich Polska. W domu Zakonnym Bonifratr\u00f3w mieszkaj\u0105 i pracuj\u0105 od kilku lat dwie siostry z tego zgromadzenia. Siostra Renna \u2013 prze\u0142o\u017cona wsp\u00f3lnoty i siostra Irena. Obydwie, na co dzie\u0144 realizuj\u0105 charyzmat swojego zgromadzenia w pracy z chorymi na oddziale Domu Opieki Braci Bonifratr\u00f3w.<\/p>\n<p>W tym dniu podczas Mszy \u015awi\u0119tej jedna z si\u00f3str przypomnia\u0142a nam rys historyczny zgromadzenia. Modlili\u015bmy si\u0119 wraz z siostrami, pensjonariuszami i wsp\u00f3\u0142pracownikami za ca\u0142e zgromadzenie si\u00f3str Karolanek.<\/p>\n<p>Pe\u0142ni wdzi\u0119czno\u015bci za trud i po\u015bwiecenie, jakie siostry wk\u0142adaj\u0105 ka\u017cdego dnia w prac\u0119 z podopiecznymi, pragniemy zawierzy\u0107 siostr\u0119 Renn\u0119 i siostr\u0119 Iren\u0119 Niepokalanemu Sercu Naj\u015bwi\u0119tszej Marii Panny, prosz\u0105c o wszelkie \u0142aski potrzebne w \u017cyciu zakonnym dla naszych si\u00f3str i ca\u0142ego ich zgromadzenia.<\/p>\n<h3><strong>Modlitwa<\/strong><\/h3>\n<p>Wszechmog\u0105cy Bo\u017ce, zachowaj w Twoim ludzie ducha,<br \/>\nkt\u00f3ry o\u017cywia\u0142 \u015bwi\u0119tego Karola Boromeusza, biskupa,<br \/>\naby Ko\u015bci\u00f3\u0142 nieustannie si\u0119 odnawia\u0142, \u00a0i upodabniaj\u0105c si\u0119 do Chrystusa,<br \/>\nukazywa\u0142 \u015bwiatu Jego prawdziwe oblicze.<br \/>\nPrzez naszego Pana Jezusa Chrystusa, Twojego Syna,<br \/>\nkt\u00f3ry z Tob\u0105 \u017cyje i kr\u00f3luje w jedno\u015bci Ducha \u015awi\u0119tego,<br \/>\nB\u00f3g, przez wszystkie wieki wiek\u00f3w.<br \/>\nAmen.<\/p>\n<p>bonifratrzy<\/p>\n<div class=\"wpmf-gallerys wpmf-gallerys-life \" ><div id=\"gallery-1\" class=\"gallery gallery_life wpmf_gallery_default gallery_default  gallery-columns-3 gallery-size-thumbnail gallery-link-file wpmf-has-border-radius-0 wpmf-gutterwidth-5 no_ratio\"><figure class=\"wpmf-gallery-item\" data-index=\"0\"><div class=\"wpmf-gallery-icon\"><div class=\"square_thumbnail\"><div class=\"img_centered\"><a class=\" not_video noLightbox\" data-lightbox=\"1\" data-href=\"https:\/\/bonifratrzy.pl\/klasztor-warszawa-sapiezynska\/wp-content\/uploads\/sites\/19\/2016\/11\/DSC01129-1024x768.jpg\" title=\"DSC01129\" target=\"_self\" data-index=\"0\"><img decoding=\"async\" class=\"wpmf_img\" alt=\"DSC01129\" src=\"https:\/\/bonifratrzy.pl\/klasztor-warszawa-sapiezynska\/wp-content\/uploads\/sites\/19\/2016\/11\/DSC01129-150x150.jpg\" data-type=\"wpmfgalleryimg\" data-lazy-src=\"https:\/\/bonifratrzy.pl\/klasztor-warszawa-sapiezynska\/wp-content\/uploads\/sites\/19\/2016\/11\/DSC01129-150x150.jpg\"><\/a><\/div><\/div><\/div><\/figure><figure class=\"wpmf-gallery-item\" data-index=\"1\"><div class=\"wpmf-gallery-icon\"><div class=\"square_thumbnail\"><div class=\"img_centered\"><a class=\" not_video noLightbox\" data-lightbox=\"1\" data-href=\"https:\/\/bonifratrzy.pl\/klasztor-warszawa-sapiezynska\/wp-content\/uploads\/sites\/19\/2016\/11\/DSC01133-768x1024.jpg\" title=\"DSC01133\" target=\"_self\" data-index=\"1\"><img decoding=\"async\" class=\"wpmf_img\" alt=\"DSC01133\" src=\"https:\/\/bonifratrzy.pl\/klasztor-warszawa-sapiezynska\/wp-content\/uploads\/sites\/19\/2016\/11\/DSC01133-150x150.jpg\" data-type=\"wpmfgalleryimg\" data-lazy-src=\"https:\/\/bonifratrzy.pl\/klasztor-warszawa-sapiezynska\/wp-content\/uploads\/sites\/19\/2016\/11\/DSC01133-150x150.jpg\"><\/a><\/div><\/div><\/div><\/figure><figure class=\"wpmf-gallery-item\" data-index=\"2\"><div class=\"wpmf-gallery-icon\"><div class=\"square_thumbnail\"><div class=\"img_centered\"><a class=\" not_video noLightbox\" data-lightbox=\"1\" data-href=\"https:\/\/bonifratrzy.pl\/klasztor-warszawa-sapiezynska\/wp-content\/uploads\/sites\/19\/2016\/11\/DSC01124-1024x768.jpg\" title=\"DSC01124\" target=\"_self\" data-index=\"2\"><img decoding=\"async\" class=\"wpmf_img\" alt=\"DSC01124\" src=\"https:\/\/bonifratrzy.pl\/klasztor-warszawa-sapiezynska\/wp-content\/uploads\/sites\/19\/2016\/11\/DSC01124-150x150.jpg\" data-type=\"wpmfgalleryimg\" data-lazy-src=\"https:\/\/bonifratrzy.pl\/klasztor-warszawa-sapiezynska\/wp-content\/uploads\/sites\/19\/2016\/11\/DSC01124-150x150.jpg\"><\/a><\/div><\/div><\/div><\/figure><\/div><\/div>\n","protected":false},"excerpt":{"rendered":"<p>Wspomnienie \u015bw. Karola Boromeusza.<\/p>\n","protected":false},"author":6,"featured_media":846,"comment_status":"open","ping_status":"open","sticky":false,"template":"","format":"standard","meta":{"footnotes":""},"categories":[1],"tags":[],"_links":{"self":[{"href":"https:\/\/bonifratrzy.pl\/klasztor-warszawa-sapiezynska\/wp-json\/wp\/v2\/posts\/839"}],"collection":[{"href":"https:\/\/bonifratrzy.pl\/klasztor-warszawa-sapiezynska\/wp-json\/wp\/v2\/posts"}],"about":[{"href":"https:\/\/bonifratrzy.pl\/klasztor-warszawa-sapiezynska\/wp-json\/wp\/v2\/types\/post"}],"author":[{"embeddable":true,"href":"https:\/\/bonifratrzy.pl\/klasztor-warszawa-sapiezynska\/wp-json\/wp\/v2\/users\/6"}],"replies":[{"embeddable":true,"href":"https:\/\/bonifratrzy.pl\/klasztor-warszawa-sapiezynska\/wp-json\/wp\/v2\/comments?post=839"}],"version-history":[{"count":8,"href":"https:\/\/bonifratrzy.pl\/klasztor-warszawa-sapiezynska\/wp-json\/wp\/v2\/posts\/839\/revisions"}],"predecessor-version":[{"id":3521,"href":"https:\/\/bonifratrzy.pl\/klasztor-warszawa-sapiezynska\/wp-json\/wp\/v2\/posts\/839\/revisions\/3521"}],"wp:featuredmedia":[{"embeddable":true,"href":"https:\/\/bonifratrzy.pl\/klasztor-warszawa-sapiezynska\/wp-json\/wp\/v2\/media\/846"}],"wp:attachment":[{"href":"https:\/\/bonifratrzy.pl\/klasztor-warszawa-sapiezynska\/wp-json\/wp\/v2\/media?parent=839"}],"wp:term":[{"taxonomy":"category","embeddable":true,"href":"https:\/\/bonifratrzy.pl\/klasztor-warszawa-sapiezynska\/wp-json\/wp\/v2\/categories?post=839"},{"taxonomy":"post_tag","embeddable":true,"href":"https:\/\/bonifratrzy.pl\/klasztor-warszawa-sapiezynska\/wp-json\/wp\/v2\/tags?post=839"}],"curies":[{"name":"wp","href":"https:\/\/api.w.org\/{rel}","templated":true}]}}