{"id":4672,"date":"2023-07-20T09:34:20","date_gmt":"2023-07-20T07:34:20","guid":{"rendered":"https:\/\/bonifratrzy.pl\/klasztor-warszawa-sapiezynska\/?p=4672"},"modified":"2023-07-20T09:34:20","modified_gmt":"2023-07-20T07:34:20","slug":"pozegnanie-ksiedza-roberta","status":"publish","type":"post","link":"https:\/\/bonifratrzy.pl\/klasztor-warszawa-sapiezynska\/2023\/07\/20\/pozegnanie-ksiedza-roberta\/","title":{"rendered":"Po\u017cegnanie Ksi\u0119dza Roberta"},"content":{"rendered":"<p><strong>19.07.2023 Po pi\u0119cioletniej pos\u0142udze Ksi\u0105dz Robert ko\u0144czy misj\u0119 kapelana w naszym warszawskim konwencie.<\/strong> W intencji dzi\u0119kczynnej za minione lata na rzecz naszych senior\u00f3w, wsp\u00f3\u0142pracownik\u00f3w oraz braci ks Robert sprawowa\u0142 Naj\u015bwi\u0119tsz\u0105 Eucharysti\u0119. Wyra\u017caj\u0105c tym samym wi\u0119\u017a, kt\u00f3ra zrodzi\u0142a si\u0119 podczas tych lat. Wsp\u00f3\u0142bracia, mieszka\u0144cy i wsp\u00f3\u0142pracownicy licznie zgromadzeni w kaplicy DGRu odwzajemni\u0142a swoj\u0105 sympati\u0119 i wdzi\u0119czno\u015b\u0107 za wszystkie Eucharystie sprawowane przez ksi\u0119dza Roberta, liczne pos\u0142ugi sakramentalne oraz katechezy i dni skupienia dla naszej wsp\u00f3lnoty szpitalnej. Po zako\u0144czonej Mszy \u015awi\u0119tej na \u015bwietlicy wszyscy udali\u015bmy si\u0119 na pocz\u0119stunek do \u015bwietlicy.<\/p>\n","protected":false},"excerpt":{"rendered":"<p>19.07.2023 Po pi\u0119cioletniej pos\u0142udze Ksi\u0105dz Robert ko\u0144czy misj\u0119 kapelana w naszym warszawskim konwencie.<\/p>\n","protected":false},"author":47,"featured_media":0,"comment_status":"open","ping_status":"open","sticky":false,"template":"","format":"standard","meta":{"footnotes":""},"categories":[1],"tags":[],"_links":{"self":[{"href":"https:\/\/bonifratrzy.pl\/klasztor-warszawa-sapiezynska\/wp-json\/wp\/v2\/posts\/4672"}],"collection":[{"href":"https:\/\/bonifratrzy.pl\/klasztor-warszawa-sapiezynska\/wp-json\/wp\/v2\/posts"}],"about":[{"href":"https:\/\/bonifratrzy.pl\/klasztor-warszawa-sapiezynska\/wp-json\/wp\/v2\/types\/post"}],"author":[{"embeddable":true,"href":"https:\/\/bonifratrzy.pl\/klasztor-warszawa-sapiezynska\/wp-json\/wp\/v2\/users\/47"}],"replies":[{"embeddable":true,"href":"https:\/\/bonifratrzy.pl\/klasztor-warszawa-sapiezynska\/wp-json\/wp\/v2\/comments?post=4672"}],"version-history":[{"count":1,"href":"https:\/\/bonifratrzy.pl\/klasztor-warszawa-sapiezynska\/wp-json\/wp\/v2\/posts\/4672\/revisions"}],"predecessor-version":[{"id":4673,"href":"https:\/\/bonifratrzy.pl\/klasztor-warszawa-sapiezynska\/wp-json\/wp\/v2\/posts\/4672\/revisions\/4673"}],"wp:attachment":[{"href":"https:\/\/bonifratrzy.pl\/klasztor-warszawa-sapiezynska\/wp-json\/wp\/v2\/media?parent=4672"}],"wp:term":[{"taxonomy":"category","embeddable":true,"href":"https:\/\/bonifratrzy.pl\/klasztor-warszawa-sapiezynska\/wp-json\/wp\/v2\/categories?post=4672"},{"taxonomy":"post_tag","embeddable":true,"href":"https:\/\/bonifratrzy.pl\/klasztor-warszawa-sapiezynska\/wp-json\/wp\/v2\/tags?post=4672"}],"curies":[{"name":"wp","href":"https:\/\/api.w.org\/{rel}","templated":true}]}}