{"id":4590,"date":"2023-06-30T16:54:24","date_gmt":"2023-06-30T14:54:24","guid":{"rendered":"https:\/\/bonifratrzy.pl\/klasztor-warszawa-sapiezynska\/?p=4590"},"modified":"2023-06-30T16:54:24","modified_gmt":"2023-06-30T14:54:24","slug":"imieniny-brata-pawla-kulki-przeora-warszawskiego-konwentu","status":"publish","type":"post","link":"https:\/\/bonifratrzy.pl\/klasztor-warszawa-sapiezynska\/2023\/06\/30\/imieniny-brata-pawla-kulki-przeora-warszawskiego-konwentu\/","title":{"rendered":"Imieniny brata Paw\u0142a Kulki &#8211; przeora warszawskiego konwentu"},"content":{"rendered":"<p><strong>30.06.2023 Nasza wsp\u00f3lnota szpitalna \u015bwi\u0119towa\u0142a imieniny brata Paw\u0142a Kulki &#8211; przeora naszego konwentu w Warszawie<\/strong>. O godzinie 11.00 odby\u0142a si\u0119 uroczysta Msza \u015awi\u0119ta w kaplicy Domu Geriatryczno-Rehabilitacyjnego, kt\u00f3rej przewodniczy\u0142 i s\u0142owo Bo\u017ce skierowa\u0142 brat Wawrzyniec Iwa\u0144czuk &#8211; przeor z Drohobycza na Ukrainie. Brat Prowincja\u0142 z\u0142o\u017cy\u0142 solenizantowi najserdeczniejsze \u017cyczenia w imieniu wszystkich zebranych na dzisiejszej uroczysto\u015bci. Po zako\u0144czonej Eucharystii i nabo\u017ce\u0144stwie do Serca Pana Jezusa udali\u015bmy si\u0119 z zaproszonymi go\u015b\u0107mi na obiad do klasztornego refektarza.<\/p>\n<p>Brat Pawe\u0142 pos\u0142uguje w warszawskim konwencie od maja 2022 roku, jest prze\u0142o\u017conym konwentu, pe\u0142ni funkcj\u0119 I radnego prowincjalnego oraz odpowiedzialnego z ramienia Polskiej Prowincji za pomoc humanitarn\u0105 poszkodowanym w wyniku wojny na Ukrainie.<\/p>\n<div class=\"wpmf-gallerys wpmf-gallerys-life \" ><div id=\"gallery-1\" class=\"gallery gallery_life wpmf_gallery_default gallery_default  gallery-columns-3 gallery-size-thumbnail gallery-link-file wpmf-has-border-radius-0 wpmf-gutterwidth-5 no_ratio\"><figure class=\"wpmf-gallery-item\" data-index=\"0\"><div class=\"wpmf-gallery-icon\"><div class=\"square_thumbnail\"><div class=\"img_centered\"><a class=\" not_video noLightbox\" data-lightbox=\"1\" data-href=\"https:\/\/bonifratrzy.pl\/klasztor-warszawa-sapiezynska\/wp-content\/uploads\/sites\/19\/2023\/06\/Imieniny-Brata-Pawla-Kulki-OH-2-1024x683.jpg\" title=\"Imieniny Brata Paw\u0142a Kulki OH (2)\" target=\"_self\" data-index=\"0\"><img decoding=\"async\" class=\"wpmf_img\" alt=\"Imieniny Brata Paw\u0142a Kulki OH (2)\" src=\"https:\/\/bonifratrzy.pl\/klasztor-warszawa-sapiezynska\/wp-content\/uploads\/sites\/19\/2023\/06\/Imieniny-Brata-Pawla-Kulki-OH-2-150x150.jpg\" data-type=\"wpmfgalleryimg\" data-lazy-src=\"https:\/\/bonifratrzy.pl\/klasztor-warszawa-sapiezynska\/wp-content\/uploads\/sites\/19\/2023\/06\/Imieniny-Brata-Pawla-Kulki-OH-2-150x150.jpg\"><\/a><\/div><\/div><\/div><\/figure><figure class=\"wpmf-gallery-item\" data-index=\"1\"><div class=\"wpmf-gallery-icon\"><div class=\"square_thumbnail\"><div class=\"img_centered\"><a class=\" not_video noLightbox\" data-lightbox=\"1\" data-href=\"https:\/\/bonifratrzy.pl\/klasztor-warszawa-sapiezynska\/wp-content\/uploads\/sites\/19\/2023\/06\/Imieniny-Brata-Pawla-Kulki-OH-15-1024x683.jpg\" title=\"Imieniny Brata Paw\u0142a Kulki OH (15)\" target=\"_self\" data-index=\"1\"><img decoding=\"async\" class=\"wpmf_img\" alt=\"Imieniny Brata Paw\u0142a Kulki OH (15)\" src=\"https:\/\/bonifratrzy.pl\/klasztor-warszawa-sapiezynska\/wp-content\/uploads\/sites\/19\/2023\/06\/Imieniny-Brata-Pawla-Kulki-OH-15-150x150.jpg\" data-type=\"wpmfgalleryimg\" data-lazy-src=\"https:\/\/bonifratrzy.pl\/klasztor-warszawa-sapiezynska\/wp-content\/uploads\/sites\/19\/2023\/06\/Imieniny-Brata-Pawla-Kulki-OH-15-150x150.jpg\"><\/a><\/div><\/div><\/div><\/figure><figure class=\"wpmf-gallery-item\" data-index=\"2\"><div class=\"wpmf-gallery-icon\"><div class=\"square_thumbnail\"><div class=\"img_centered\"><a class=\" not_video noLightbox\" data-lightbox=\"1\" data-href=\"https:\/\/bonifratrzy.pl\/klasztor-warszawa-sapiezynska\/wp-content\/uploads\/sites\/19\/2023\/06\/Imieniny-Brata-Pawla-Kulki-OH-12-1024x683.jpg\" title=\"Imieniny Brata Paw\u0142a Kulki OH (12)\" target=\"_self\" data-index=\"2\"><img decoding=\"async\" class=\"wpmf_img\" alt=\"Imieniny Brata Paw\u0142a Kulki OH (12)\" src=\"https:\/\/bonifratrzy.pl\/klasztor-warszawa-sapiezynska\/wp-content\/uploads\/sites\/19\/2023\/06\/Imieniny-Brata-Pawla-Kulki-OH-12-150x150.jpg\" data-type=\"wpmfgalleryimg\" data-lazy-src=\"https:\/\/bonifratrzy.pl\/klasztor-warszawa-sapiezynska\/wp-content\/uploads\/sites\/19\/2023\/06\/Imieniny-Brata-Pawla-Kulki-OH-12-150x150.jpg\"><\/a><\/div><\/div><\/div><\/figure><figure class=\"wpmf-gallery-item\" data-index=\"3\"><div class=\"wpmf-gallery-icon\"><div class=\"square_thumbnail\"><div class=\"img_centered\"><a class=\" not_video noLightbox\" data-lightbox=\"1\" data-href=\"https:\/\/bonifratrzy.pl\/klasztor-warszawa-sapiezynska\/wp-content\/uploads\/sites\/19\/2023\/06\/Imieniny-Brata-Pawla-Kulki-OH-25-1024x683.jpg\" title=\"Imieniny Brata Paw\u0142a Kulki OH (25)\" target=\"_self\" data-index=\"3\"><img decoding=\"async\" class=\"wpmf_img\" alt=\"Imieniny Brata Paw\u0142a Kulki OH (25)\" src=\"https:\/\/bonifratrzy.pl\/klasztor-warszawa-sapiezynska\/wp-content\/uploads\/sites\/19\/2023\/06\/Imieniny-Brata-Pawla-Kulki-OH-25-150x150.jpg\" data-type=\"wpmfgalleryimg\" data-lazy-src=\"https:\/\/bonifratrzy.pl\/klasztor-warszawa-sapiezynska\/wp-content\/uploads\/sites\/19\/2023\/06\/Imieniny-Brata-Pawla-Kulki-OH-25-150x150.jpg\"><\/a><\/div><\/div><\/div><\/figure><figure class=\"wpmf-gallery-item\" data-index=\"4\"><div class=\"wpmf-gallery-icon\"><div class=\"square_thumbnail\"><div class=\"img_centered\"><a class=\" not_video noLightbox\" data-lightbox=\"1\" data-href=\"https:\/\/bonifratrzy.pl\/klasztor-warszawa-sapiezynska\/wp-content\/uploads\/sites\/19\/2023\/06\/Imieniny-Brata-Pawla-Kulki-OH-9-1024x683.jpg\" title=\"Imieniny Brata Paw\u0142a Kulki OH (9)\" target=\"_self\" data-index=\"4\"><img decoding=\"async\" class=\"wpmf_img\" alt=\"Imieniny Brata Paw\u0142a Kulki OH (9)\" src=\"https:\/\/bonifratrzy.pl\/klasztor-warszawa-sapiezynska\/wp-content\/uploads\/sites\/19\/2023\/06\/Imieniny-Brata-Pawla-Kulki-OH-9-150x150.jpg\" data-type=\"wpmfgalleryimg\" data-lazy-src=\"https:\/\/bonifratrzy.pl\/klasztor-warszawa-sapiezynska\/wp-content\/uploads\/sites\/19\/2023\/06\/Imieniny-Brata-Pawla-Kulki-OH-9-150x150.jpg\"><\/a><\/div><\/div><\/div><\/figure><figure class=\"wpmf-gallery-item\" data-index=\"5\"><div class=\"wpmf-gallery-icon\"><div class=\"square_thumbnail\"><div class=\"img_centered\"><a class=\" not_video noLightbox\" data-lightbox=\"1\" data-href=\"https:\/\/bonifratrzy.pl\/klasztor-warszawa-sapiezynska\/wp-content\/uploads\/sites\/19\/2023\/06\/Imieniny-Brata-Pawla-Kulki-OH-10-1024x683.jpg\" title=\"Imieniny Brata Paw\u0142a Kulki OH (10)\" target=\"_self\" data-index=\"5\"><img decoding=\"async\" class=\"wpmf_img\" alt=\"Imieniny Brata Paw\u0142a Kulki OH (10)\" src=\"https:\/\/bonifratrzy.pl\/klasztor-warszawa-sapiezynska\/wp-content\/uploads\/sites\/19\/2023\/06\/Imieniny-Brata-Pawla-Kulki-OH-10-150x150.jpg\" data-type=\"wpmfgalleryimg\" data-lazy-src=\"https:\/\/bonifratrzy.pl\/klasztor-warszawa-sapiezynska\/wp-content\/uploads\/sites\/19\/2023\/06\/Imieniny-Brata-Pawla-Kulki-OH-10-150x150.jpg\"><\/a><\/div><\/div><\/div><\/figure><figure class=\"wpmf-gallery-item\" data-index=\"6\"><div class=\"wpmf-gallery-icon\"><div class=\"square_thumbnail\"><div class=\"img_centered\"><a class=\" not_video noLightbox\" data-lightbox=\"1\" data-href=\"https:\/\/bonifratrzy.pl\/klasztor-warszawa-sapiezynska\/wp-content\/uploads\/sites\/19\/2023\/06\/Imieniny-Brata-Pawla-Kulki-OH-16-1024x683.jpg\" title=\"Imieniny Brata Paw\u0142a Kulki OH (16)\" target=\"_self\" data-index=\"6\"><img decoding=\"async\" class=\"wpmf_img\" alt=\"Imieniny Brata Paw\u0142a Kulki OH (16)\" src=\"https:\/\/bonifratrzy.pl\/klasztor-warszawa-sapiezynska\/wp-content\/uploads\/sites\/19\/2023\/06\/Imieniny-Brata-Pawla-Kulki-OH-16-150x150.jpg\" data-type=\"wpmfgalleryimg\" data-lazy-src=\"https:\/\/bonifratrzy.pl\/klasztor-warszawa-sapiezynska\/wp-content\/uploads\/sites\/19\/2023\/06\/Imieniny-Brata-Pawla-Kulki-OH-16-150x150.jpg\"><\/a><\/div><\/div><\/div><\/figure><figure class=\"wpmf-gallery-item\" data-index=\"7\"><div class=\"wpmf-gallery-icon\"><div class=\"square_thumbnail\"><div class=\"img_centered\"><a class=\" not_video noLightbox\" data-lightbox=\"1\" data-href=\"https:\/\/bonifratrzy.pl\/klasztor-warszawa-sapiezynska\/wp-content\/uploads\/sites\/19\/2023\/06\/Imieniny-Brata-Pawla-Kulki-OH-13-1024x683.jpg\" title=\"Imieniny Brata Paw\u0142a Kulki OH (13)\" target=\"_self\" data-index=\"7\"><img decoding=\"async\" class=\"wpmf_img\" alt=\"Imieniny Brata Paw\u0142a Kulki OH (13)\" src=\"https:\/\/bonifratrzy.pl\/klasztor-warszawa-sapiezynska\/wp-content\/uploads\/sites\/19\/2023\/06\/Imieniny-Brata-Pawla-Kulki-OH-13-150x150.jpg\" data-type=\"wpmfgalleryimg\" data-lazy-src=\"https:\/\/bonifratrzy.pl\/klasztor-warszawa-sapiezynska\/wp-content\/uploads\/sites\/19\/2023\/06\/Imieniny-Brata-Pawla-Kulki-OH-13-150x150.jpg\"><\/a><\/div><\/div><\/div><\/figure><figure class=\"wpmf-gallery-item\" data-index=\"8\"><div class=\"wpmf-gallery-icon\"><div class=\"square_thumbnail\"><div class=\"img_centered\"><a class=\" not_video noLightbox\" data-lightbox=\"1\" data-href=\"https:\/\/bonifratrzy.pl\/klasztor-warszawa-sapiezynska\/wp-content\/uploads\/sites\/19\/2023\/06\/Imieniny-Brata-Pawla-Kulki-OH-20-1024x683.jpg\" title=\"Imieniny Brata Paw\u0142a Kulki OH (20)\" target=\"_self\" data-index=\"8\"><img decoding=\"async\" class=\"wpmf_img\" alt=\"Imieniny Brata Paw\u0142a Kulki OH (20)\" src=\"https:\/\/bonifratrzy.pl\/klasztor-warszawa-sapiezynska\/wp-content\/uploads\/sites\/19\/2023\/06\/Imieniny-Brata-Pawla-Kulki-OH-20-150x150.jpg\" data-type=\"wpmfgalleryimg\" data-lazy-src=\"https:\/\/bonifratrzy.pl\/klasztor-warszawa-sapiezynska\/wp-content\/uploads\/sites\/19\/2023\/06\/Imieniny-Brata-Pawla-Kulki-OH-20-150x150.jpg\"><\/a><\/div><\/div><\/div><\/figure><figure class=\"wpmf-gallery-item\" data-index=\"9\"><div class=\"wpmf-gallery-icon\"><div class=\"square_thumbnail\"><div class=\"img_centered\"><a class=\" not_video noLightbox\" data-lightbox=\"1\" data-href=\"https:\/\/bonifratrzy.pl\/klasztor-warszawa-sapiezynska\/wp-content\/uploads\/sites\/19\/2023\/06\/Imieniny-Brata-Pawla-Kulki-OH-1.jpg\" title=\"Imieniny Brata Paw\u0142a Kulki OH (1)\" target=\"_self\" data-index=\"9\"><img decoding=\"async\" class=\"wpmf_img\" alt=\"Imieniny Brata Paw\u0142a Kulki OH (1)\" src=\"https:\/\/bonifratrzy.pl\/klasztor-warszawa-sapiezynska\/wp-content\/uploads\/sites\/19\/2023\/06\/Imieniny-Brata-Pawla-Kulki-OH-1-150x150.jpg\" data-type=\"wpmfgalleryimg\" data-lazy-src=\"https:\/\/bonifratrzy.pl\/klasztor-warszawa-sapiezynska\/wp-content\/uploads\/sites\/19\/2023\/06\/Imieniny-Brata-Pawla-Kulki-OH-1-150x150.jpg\"><\/a><\/div><\/div><\/div><\/figure><figure class=\"wpmf-gallery-item\" data-index=\"10\"><div class=\"wpmf-gallery-icon\"><div class=\"square_thumbnail\"><div class=\"img_centered\"><a class=\" not_video noLightbox\" data-lightbox=\"1\" data-href=\"https:\/\/bonifratrzy.pl\/klasztor-warszawa-sapiezynska\/wp-content\/uploads\/sites\/19\/2023\/06\/Imieniny-Brata-Pawla-Kulki-OH-3-1024x683.jpg\" title=\"Imieniny Brata Paw\u0142a Kulki OH (3)\" target=\"_self\" data-index=\"10\"><img decoding=\"async\" class=\"wpmf_img\" alt=\"Imieniny Brata Paw\u0142a Kulki OH (3)\" src=\"https:\/\/bonifratrzy.pl\/klasztor-warszawa-sapiezynska\/wp-content\/uploads\/sites\/19\/2023\/06\/Imieniny-Brata-Pawla-Kulki-OH-3-150x150.jpg\" data-type=\"wpmfgalleryimg\" data-lazy-src=\"https:\/\/bonifratrzy.pl\/klasztor-warszawa-sapiezynska\/wp-content\/uploads\/sites\/19\/2023\/06\/Imieniny-Brata-Pawla-Kulki-OH-3-150x150.jpg\"><\/a><\/div><\/div><\/div><\/figure><figure class=\"wpmf-gallery-item\" data-index=\"11\"><div class=\"wpmf-gallery-icon\"><div class=\"square_thumbnail\"><div class=\"img_centered\"><a class=\" not_video noLightbox\" data-lightbox=\"1\" data-href=\"https:\/\/bonifratrzy.pl\/klasztor-warszawa-sapiezynska\/wp-content\/uploads\/sites\/19\/2023\/06\/Imieniny-Brata-Pawla-Kulki-OH-8-1024x683.jpg\" title=\"Imieniny Brata Paw\u0142a Kulki OH (8)\" target=\"_self\" data-index=\"11\"><img decoding=\"async\" class=\"wpmf_img\" alt=\"Imieniny Brata Paw\u0142a Kulki OH (8)\" src=\"https:\/\/bonifratrzy.pl\/klasztor-warszawa-sapiezynska\/wp-content\/uploads\/sites\/19\/2023\/06\/Imieniny-Brata-Pawla-Kulki-OH-8-150x150.jpg\" data-type=\"wpmfgalleryimg\" data-lazy-src=\"https:\/\/bonifratrzy.pl\/klasztor-warszawa-sapiezynska\/wp-content\/uploads\/sites\/19\/2023\/06\/Imieniny-Brata-Pawla-Kulki-OH-8-150x150.jpg\"><\/a><\/div><\/div><\/div><\/figure><figure class=\"wpmf-gallery-item\" data-index=\"12\"><div class=\"wpmf-gallery-icon\"><div class=\"square_thumbnail\"><div class=\"img_centered\"><a class=\" not_video noLightbox\" data-lightbox=\"1\" data-href=\"https:\/\/bonifratrzy.pl\/klasztor-warszawa-sapiezynska\/wp-content\/uploads\/sites\/19\/2023\/06\/Imieniny-Brata-Pawla-Kulki-OH-21-1024x683.jpg\" title=\"Imieniny Brata Paw\u0142a Kulki OH (21)\" target=\"_self\" data-index=\"12\"><img decoding=\"async\" class=\"wpmf_img\" alt=\"Imieniny Brata Paw\u0142a Kulki OH (21)\" src=\"https:\/\/bonifratrzy.pl\/klasztor-warszawa-sapiezynska\/wp-content\/uploads\/sites\/19\/2023\/06\/Imieniny-Brata-Pawla-Kulki-OH-21-150x150.jpg\" data-type=\"wpmfgalleryimg\" data-lazy-src=\"https:\/\/bonifratrzy.pl\/klasztor-warszawa-sapiezynska\/wp-content\/uploads\/sites\/19\/2023\/06\/Imieniny-Brata-Pawla-Kulki-OH-21-150x150.jpg\"><\/a><\/div><\/div><\/div><\/figure><figure class=\"wpmf-gallery-item\" data-index=\"13\"><div class=\"wpmf-gallery-icon\"><div class=\"square_thumbnail\"><div class=\"img_centered\"><a class=\" not_video noLightbox\" data-lightbox=\"1\" data-href=\"https:\/\/bonifratrzy.pl\/klasztor-warszawa-sapiezynska\/wp-content\/uploads\/sites\/19\/2023\/06\/Imieniny-Brata-Pawla-Kulki-OH-17-1024x683.jpg\" title=\"Imieniny Brata Paw\u0142a Kulki OH (17)\" target=\"_self\" data-index=\"13\"><img decoding=\"async\" class=\"wpmf_img\" alt=\"Imieniny Brata Paw\u0142a Kulki OH (17)\" src=\"https:\/\/bonifratrzy.pl\/klasztor-warszawa-sapiezynska\/wp-content\/uploads\/sites\/19\/2023\/06\/Imieniny-Brata-Pawla-Kulki-OH-17-150x150.jpg\" data-type=\"wpmfgalleryimg\" data-lazy-src=\"https:\/\/bonifratrzy.pl\/klasztor-warszawa-sapiezynska\/wp-content\/uploads\/sites\/19\/2023\/06\/Imieniny-Brata-Pawla-Kulki-OH-17-150x150.jpg\"><\/a><\/div><\/div><\/div><\/figure><figure class=\"wpmf-gallery-item\" data-index=\"14\"><div class=\"wpmf-gallery-icon\"><div class=\"square_thumbnail\"><div class=\"img_centered\"><a class=\" not_video noLightbox\" data-lightbox=\"1\" data-href=\"https:\/\/bonifratrzy.pl\/klasztor-warszawa-sapiezynska\/wp-content\/uploads\/sites\/19\/2023\/06\/Imieniny-Brata-Pawla-Kulki-OH-24-1024x683.jpg\" title=\"Imieniny Brata Paw\u0142a Kulki OH (24)\" target=\"_self\" data-index=\"14\"><img decoding=\"async\" class=\"wpmf_img\" alt=\"Imieniny Brata Paw\u0142a Kulki OH (24)\" src=\"https:\/\/bonifratrzy.pl\/klasztor-warszawa-sapiezynska\/wp-content\/uploads\/sites\/19\/2023\/06\/Imieniny-Brata-Pawla-Kulki-OH-24-150x150.jpg\" data-type=\"wpmfgalleryimg\" data-lazy-src=\"https:\/\/bonifratrzy.pl\/klasztor-warszawa-sapiezynska\/wp-content\/uploads\/sites\/19\/2023\/06\/Imieniny-Brata-Pawla-Kulki-OH-24-150x150.jpg\"><\/a><\/div><\/div><\/div><\/figure><\/div><\/div>\n","protected":false},"excerpt":{"rendered":"<p>30.06.2023 Nasza wsp\u00f3lnota szpitalna \u015bwi\u0119towa\u0142a imieniny brata Paw\u0142a Kulki &#8211; przeora naszego konwentu w Warszawie<\/p>\n","protected":false},"author":47,"featured_media":4595,"comment_status":"open","ping_status":"open","sticky":false,"template":"","format":"standard","meta":{"footnotes":""},"categories":[1],"tags":[],"_links":{"self":[{"href":"https:\/\/bonifratrzy.pl\/klasztor-warszawa-sapiezynska\/wp-json\/wp\/v2\/posts\/4590"}],"collection":[{"href":"https:\/\/bonifratrzy.pl\/klasztor-warszawa-sapiezynska\/wp-json\/wp\/v2\/posts"}],"about":[{"href":"https:\/\/bonifratrzy.pl\/klasztor-warszawa-sapiezynska\/wp-json\/wp\/v2\/types\/post"}],"author":[{"embeddable":true,"href":"https:\/\/bonifratrzy.pl\/klasztor-warszawa-sapiezynska\/wp-json\/wp\/v2\/users\/47"}],"replies":[{"embeddable":true,"href":"https:\/\/bonifratrzy.pl\/klasztor-warszawa-sapiezynska\/wp-json\/wp\/v2\/comments?post=4590"}],"version-history":[{"count":2,"href":"https:\/\/bonifratrzy.pl\/klasztor-warszawa-sapiezynska\/wp-json\/wp\/v2\/posts\/4590\/revisions"}],"predecessor-version":[{"id":4607,"href":"https:\/\/bonifratrzy.pl\/klasztor-warszawa-sapiezynska\/wp-json\/wp\/v2\/posts\/4590\/revisions\/4607"}],"wp:featuredmedia":[{"embeddable":true,"href":"https:\/\/bonifratrzy.pl\/klasztor-warszawa-sapiezynska\/wp-json\/wp\/v2\/media\/4595"}],"wp:attachment":[{"href":"https:\/\/bonifratrzy.pl\/klasztor-warszawa-sapiezynska\/wp-json\/wp\/v2\/media?parent=4590"}],"wp:term":[{"taxonomy":"category","embeddable":true,"href":"https:\/\/bonifratrzy.pl\/klasztor-warszawa-sapiezynska\/wp-json\/wp\/v2\/categories?post=4590"},{"taxonomy":"post_tag","embeddable":true,"href":"https:\/\/bonifratrzy.pl\/klasztor-warszawa-sapiezynska\/wp-json\/wp\/v2\/tags?post=4590"}],"curies":[{"name":"wp","href":"https:\/\/api.w.org\/{rel}","templated":true}]}}