{"id":3706,"date":"2021-05-04T12:50:53","date_gmt":"2021-05-04T10:50:53","guid":{"rendered":"https:\/\/bonifratrzy.pl\/klasztor-warszawa-sapiezynska\/?p=3706"},"modified":"2021-05-05T14:54:41","modified_gmt":"2021-05-05T12:54:41","slug":"dzien-skupienia-25","status":"publish","type":"post","link":"https:\/\/bonifratrzy.pl\/klasztor-warszawa-sapiezynska\/2021\/05\/04\/dzien-skupienia-25\/","title":{"rendered":"Dzie\u0144 skupienia"},"content":{"rendered":"<h2 style=\"text-align: center\"><span style=\"color: #00ff00\"><strong>\u00a006 maja<\/strong> <strong>2021<\/strong><strong> r. (czwartek)<\/strong><\/span><\/h2>\n<h2 style=\"text-align: center\"><span style=\"color: #00ff00\"><strong>godz. <\/strong><strong>14:00<\/strong><\/span><\/h2>\n<p style=\"text-align: center\"><strong><u>Kaplica \u015aw. Ryszarda Pampuri \/ II p<\/u><\/strong><\/p>\n<p style=\"text-align: center\"><strong>Zapraszamy <\/strong><strong>\u00a0<\/strong><\/p>\n<p style=\"text-align: center\"><strong><u>Plan dnia skupienia<\/u><\/strong><\/p>\n<p style=\"text-align: center\">\u00a0\u00a0\u00a0\u00a0\u00a0 <strong>14:00<\/strong> &#8211; Konferencja na temat: <strong><em>\u201e<\/em><\/strong><strong><em>Donios\u0142o\u015b\u0107 przebaczenia w \u017cyciu cz\u0142owieka<\/em><\/strong><strong><em>\u201d<\/em><\/strong><\/p>\n<p style=\"text-align: center\">\u00a0\u00a0\u00a0\u00a0\u00a0 <strong>14:30<\/strong> &#8211; Msza \u015awi\u0119ta<\/p>\n<p style=\"text-align: center\"><em>\u00a0\u00a0\u00a0\u00a0\u00a0\u00a0\u00a0\u00a0\u00a0\u00a0\u00a0\u00a0\u00a0\u00a0\u00a0\u00a0\u00a0\u00a0\u00a0\u00a0\u00a0\u00a0\u00a0\u00a0\u00a0\u00a0\u00a0\u00a0\u00a0\u00a0\u00a0\u00a0\u00a0\u00a0\u00a0\u00a0\u00a0\u00a0\u00a0\u00a0\u00a0\u00a0 <\/em><strong>15:00<\/strong> &#8211; Koronka do Bo\u017cego Mi\u0142osierdzia<\/p>\n<p style=\"text-align: center\">\u00a0\u00a0\u00a0\u00a0\u00a0\u00a0\u00a0\u00a0\u00a0\u00a0\u00a0\u00a0\u00a0\u00a0\u00a0\u00a0 Prowadz\u0105cy Ks. Robert<\/p>\n<p style=\"text-align: center\"><img loading=\"lazy\" decoding=\"async\" class=\"alignnone size-medium wp-image-3708\" src=\"https:\/\/bonifratrzy.pl\/klasztor-warszawa-sapiezynska\/wp-content\/uploads\/sites\/19\/2021\/05\/Matka-Bo\u017ca-224x300.jpg\" alt=\"\" width=\"224\" height=\"300\" srcset=\"https:\/\/bonifratrzy.pl\/klasztor-warszawa-sapiezynska\/wp-content\/uploads\/sites\/19\/2021\/05\/Matka-Bo\u017ca-224x300.jpg 224w, https:\/\/bonifratrzy.pl\/klasztor-warszawa-sapiezynska\/wp-content\/uploads\/sites\/19\/2021\/05\/Matka-Bo\u017ca-765x1024.jpg 765w, https:\/\/bonifratrzy.pl\/klasztor-warszawa-sapiezynska\/wp-content\/uploads\/sites\/19\/2021\/05\/Matka-Bo\u017ca-768x1028.jpg 768w, https:\/\/bonifratrzy.pl\/klasztor-warszawa-sapiezynska\/wp-content\/uploads\/sites\/19\/2021\/05\/Matka-Bo\u017ca-1147x1536.jpg 1147w, https:\/\/bonifratrzy.pl\/klasztor-warszawa-sapiezynska\/wp-content\/uploads\/sites\/19\/2021\/05\/Matka-Bo\u017ca.jpg 1219w\" sizes=\"(max-width: 224px) 100vw, 224px\" \/><\/p>\n<p style=\"text-align: center\">\u00a0\u00a0\u00a0\u00a0\u00a0\u00a0\u00a0\u00a0\u00a0\u00a0\u00a0\u00a0\u00a0\u00a0\u00a0\u00a0\u00a0\u00a0\u00a0\u00a0\u00a0\u00a0\u00a0\u00a0\u00a0\u00a0\u00a0\u00a0\u00a0\u00a0\u00a0\u00a0\u00a0\u00a0\u00a0\u00a0\u00a0\u00a0\u00a0\u00a0\u00a0\u00a0\u00a0\u00a0\u00a0\u00a0\u00a0\u00a0\u00a0\u00a0\u00a0\u00a0\u00a0\u00a0\u00a0\u00a0\u00a0\u00a0\u00a0\u00a0\u00a0\u00a0\u00a0\u00a0\u00a0\u00a0\u00a0\u00a0\u00a0\u00a0\u00a0\u00a0\u00a0\u00a0\u00a0\u00a0\u00a0\u00a0\u00a0\u00a0 Do udzia\u0142u i modlitwy zaprasza<\/p>\n<p style=\"text-align: center\">\u00a0\u00a0\u00a0\u00a0\u00a0\u00a0\u00a0\u00a0\u00a0\u00a0\u00a0\u00a0\u00a0\u00a0\u00a0\u00a0\u00a0\u00a0\u00a0\u00a0\u00a0\u00a0\u00a0\u00a0\u00a0\u00a0\u00a0\u00a0\u00a0\u00a0\u00a0\u00a0\u00a0\u00a0\u00a0\u00a0\u00a0\u00a0\u00a0\u00a0\u00a0\u00a0\u00a0\u00a0\u00a0\u00a0\u00a0\u00a0\u00a0\u00a0 \u00a0\u00a0\u00a0\u00a0\u00a0\u00a0\u00a0\u00a0\u00a0\u00a0\u00a0\u00a0\u00a0\u00a0\u00a0\u00a0\u00a0\u00a0\u00a0\u00a0\u00a0\u00a0\u00a0\u00a0\u00a0\u00a0\u00a0\u00a0\u00a0\u00a0\u00a0Zesp\u00f3\u0142 Opieki Duszpasterskiej<\/p>\n<p><strong>Prosimy o\u00a0zachowanie zasad bezpiecze\u0144stwa:<\/strong><\/p>\n<p><strong>\u00a0\u2013 dezynfekcja \u00a0 \u00a0 \u00a0 \u00a0 <\/strong><\/p>\n<p><strong>\u00a0\u2013 dystans<\/strong><\/p>\n<p><strong>\u00a0\u2013 maseczka<\/strong><\/p>\n<p>&nbsp;<\/p>\n<p><strong><u>Konferencja 25 \u2013 <em>\u201e<\/em><em>Donios\u0142o\u015b\u0107 przebaczenia w \u017cyciu cz\u0142owieka<\/em><em>\u201d<\/em>:<\/u><\/strong><\/p>\n","protected":false},"excerpt":{"rendered":"<p>Donios\u0142o\u015b\u0107 przebaczenia <\/p>\n","protected":false},"author":13,"featured_media":3718,"comment_status":"open","ping_status":"open","sticky":false,"template":"","format":"standard","meta":{"footnotes":""},"categories":[1],"tags":[],"_links":{"self":[{"href":"https:\/\/bonifratrzy.pl\/klasztor-warszawa-sapiezynska\/wp-json\/wp\/v2\/posts\/3706"}],"collection":[{"href":"https:\/\/bonifratrzy.pl\/klasztor-warszawa-sapiezynska\/wp-json\/wp\/v2\/posts"}],"about":[{"href":"https:\/\/bonifratrzy.pl\/klasztor-warszawa-sapiezynska\/wp-json\/wp\/v2\/types\/post"}],"author":[{"embeddable":true,"href":"https:\/\/bonifratrzy.pl\/klasztor-warszawa-sapiezynska\/wp-json\/wp\/v2\/users\/13"}],"replies":[{"embeddable":true,"href":"https:\/\/bonifratrzy.pl\/klasztor-warszawa-sapiezynska\/wp-json\/wp\/v2\/comments?post=3706"}],"version-history":[{"count":6,"href":"https:\/\/bonifratrzy.pl\/klasztor-warszawa-sapiezynska\/wp-json\/wp\/v2\/posts\/3706\/revisions"}],"predecessor-version":[{"id":3714,"href":"https:\/\/bonifratrzy.pl\/klasztor-warszawa-sapiezynska\/wp-json\/wp\/v2\/posts\/3706\/revisions\/3714"}],"wp:featuredmedia":[{"embeddable":true,"href":"https:\/\/bonifratrzy.pl\/klasztor-warszawa-sapiezynska\/wp-json\/wp\/v2\/media\/3718"}],"wp:attachment":[{"href":"https:\/\/bonifratrzy.pl\/klasztor-warszawa-sapiezynska\/wp-json\/wp\/v2\/media?parent=3706"}],"wp:term":[{"taxonomy":"category","embeddable":true,"href":"https:\/\/bonifratrzy.pl\/klasztor-warszawa-sapiezynska\/wp-json\/wp\/v2\/categories?post=3706"},{"taxonomy":"post_tag","embeddable":true,"href":"https:\/\/bonifratrzy.pl\/klasztor-warszawa-sapiezynska\/wp-json\/wp\/v2\/tags?post=3706"}],"curies":[{"name":"wp","href":"https:\/\/api.w.org\/{rel}","templated":true}]}}