{"id":3682,"date":"2021-04-28T08:47:49","date_gmt":"2021-04-28T06:47:49","guid":{"rendered":"https:\/\/bonifratrzy.pl\/klasztor-warszawa-sapiezynska\/?p=3682"},"modified":"2021-04-30T12:16:59","modified_gmt":"2021-04-30T10:16:59","slug":"swieto-patrona-konwentu-2","status":"publish","type":"post","link":"https:\/\/bonifratrzy.pl\/klasztor-warszawa-sapiezynska\/2021\/04\/28\/swieto-patrona-konwentu-2\/","title":{"rendered":"\u015awi\u0119to patrona konwentu"},"content":{"rendered":"<p style=\"text-align: center\"><span style=\"color: #993300\"><em><strong>1\u00a0maja 2021\u00a0r. (sobota)<\/strong><\/em><\/span><\/p>\n<p style=\"text-align: center\"><em><strong>\u015awi\u0119to Patronalne Konwentu Bonifratr\u00f3w<\/strong><\/em><\/p>\n<p style=\"text-align: center\"><em><strong>p.w.\u00a0 \u015aw. Ryszarda Pampuri w\u00a0Warszawie<\/strong><\/em><\/p>\n<p style=\"text-align: center\"><strong>\u00a0\u00a0\u00a0\u00a0\u00a0\u00a0\u00a0\u00a0\u00a0\u00a0\u00a0\u00a0\u00a0\u00a0\u00a0\u00a0\u00a0\u00a0<span style=\"color: #993300\">\u00a0 09:30\u00a0 Nabo\u017ce\u0144stwo Majowe <\/span><\/strong><\/p>\n<p style=\"text-align: center\"><span style=\"color: #993300\"><strong>10:00\u00a0 Msza \u015awi\u0119ta<\/strong><\/span><\/p>\n<p style=\"text-align: justify\"><strong>Ryszard Pampuri <\/strong>\u00a0<span style=\"color: #993300\">Urodzi\u0142 si\u0119 2 sierpnia 1897 r.<\/span> w Trivolzio, w pobli\u017cu staro\u017cytnej Pawii. Na chrzcie otrzyma\u0142 imiona Herminiusz , Filip.\u00a0 W latach 1915-1921 studiowa\u0142 w Pawii medycyn\u0119. W czasie wojny ofiarnie us\u0142ugiwa\u0142 i pomaga\u0142 w szpitalach wojskowych. Studia uwie\u0144czy\u0142 doktoratem. Od 1922 r. pracowa\u0142 jako lekarz okr\u0119gowy w Morimondo.\u00a0 Wst\u0105pi\u0142 do bonifratr\u00f3w i przyj\u0105\u0142 imi\u0119 Ryszard. \u00a0Zapad\u0142 na suchoty, na kt\u00f3re nie by\u0142o jeszcze w\u00f3wczas skutecznego leczenia.\u00a0 <span style=\"color: #993300\">Zmar\u0142 1 maja 1930 r.<\/span> Beatyfikowa\u0142 go (1981) i kanonizowa\u0142 (1989) Jan Pawe\u0142 II.<\/p>\n<p>&nbsp;<\/p>\n<p style=\"text-align: justify\">Fragment \u00a0homilii\u00a0 \u015aw. Jana Paw\u0142a II wyg\u0142oszonej podczas kanonizacji \u015aw. Ryszarda Pampuri 01.11.1989 roku w Rzymie.<\/p>\n<p style=\"text-align: justify\">\u201eB\u0142ogos\u0142awieni mi\u0142osierni\u2026 B\u0142ogos\u0142awieni czystego serca\u201d (Mt 5, 7-8). \u015aw. Riccardo Pampuri \u017cy\u0142 zaledwie 33 lata, jak Chrystus, kt\u00f3rego umi\u0142owa\u0142 ponad wszystko. Ca\u0142e swe kr\u00f3tkie \u017cycie odda\u0142 Bogu i braciom, najpierw jako m\u0142ody aposto\u0142 w \u015brodowisku uniwersyteckim, potem w\u015br\u00f3d \u017co\u0142nierzy w straszliwych warunkach frontowych podczas wojny, wreszcie w\u015br\u00f3d wiernych w parafii, gdzie pracowa\u0142 jako lekarz. Nast\u0119pnie, id\u0105c za g\u0142osem powo\u0142ania, wst\u0105pi\u0142 do zakonu bonifratr\u00f3w, uj\u0119ty specyficznym charyzmatem tej rodziny zakonnej o charakterze nie kleryckim, kt\u00f3ra powsta\u0142a, by z mi\u0142o\u015bci\u0105, nie kiedy heroiczn\u0105, s\u0142u\u017cy\u0107 chorym, cierpi\u0105cym<br \/>\ni ubogim.<\/p>\n<p style=\"text-align: justify\">\u015aw. Riccardo uwa\u017ca\u0142, \u017ce wst\u0119puj\u0105c do wsp\u00f3lnoty, w kt\u00f3rej has\u0142em spe\u0142nianej pos\u0142ugi by\u0142o mi\u0142osierdzie, winien da\u0107 Chrystusowi nowy znak swojego oddania, \u201eokaza\u0107 wi\u0119ksz\u0105 gotowo\u015b\u0107 i wspania\u0142omy\u015blno\u015b\u0107, coraz pe\u0142niej i doskona\u0142ej podda\u0107 si\u0119 Naj\u015bwi\u0119tszemu Sercu Jezusa\u201d (List do siostry, 6 pa\u017adziernika 1923 r.).<\/p>\n<p style=\"text-align: justify\">Trzeba jednak pami\u0119ta\u0107, \u017ce \u015bw. Riccardo wkroczy\u0142 na drog\u0119 u\u015bwi\u0119cenia pod wp\u0142ywem g\u0142\u0119boko uduchowionego, \u015bwieckiego \u015brodowiska Akcji Katolickiej. Dlatego, ju\u017c jako ch\u0142opiec, potem za\u015b jako student i m\u0142ody lekarz troszczy\u0142 si\u0119 o swoj\u0105 formacj\u0119, korzystaj\u0105c z pomocy troskliwego kierownika duchowego, traktuj\u0105c jako powa\u017cny obowi\u0105zek \u0107wiczenia duchowe i czerpi\u0105c z pobo\u017cno\u015bci eucharystycznej si\u0142\u0119, dzi\u0119ki kt\u00f3rej nawet po\u015br\u00f3d trudno\u015bci nie ustawa\u0142 na swej drodze. Przede wszystkim na rozmy\u015blaniu i w modlitwie zg\u0142\u0119bia\u0142 or\u0119dzie ewangelicznej mi\u0142o\u015bci; sp\u0119dzaj\u0105c czas na modlitwie kontemplacyjnej u st\u00f3p Eucharystii i ze szczeg\u00f3ln\u0105 wra\u017cliwo\u015bci\u0105 s\u0142u\u017c\u0105c we wszystkich okoliczno\u015bciach ludziom cierpi\u0105cym.<\/p>\n<p style=\"text-align: justify\">Jak\u017ce wzruszaj\u0105ce s\u0105 s\u0142owa, kt\u00f3re \u015bw. Riccardo Pampuri wypowiedzia\u0142 w ostatniej rozmowie ze swoim kierownikiem duchowym: \u201eOjcze, z jakim przyj\u0119ciem spotkam si\u0119 u Boga?\u2026 Ja Go tak bardzo kocha\u0142em i tak bardzo kocham\u201d Na tej gor\u0105cej mi\u0142o\u015bci polega najwy\u017csza warto\u015b\u0107 charyzmatu prawdziwego syna \u015bw. Jana Bo\u017cego, bowiem jego powo\u0142aniem jest ukazanie obrazu Chrystusa ka\u017cdemu, kogo spotyka si\u0119 na swojej drodze, poprzez bezinteresown\u0105 mi\u0142o\u015b\u0107, kt\u00f3ra wyp\u0142ywa<br \/>\nz czystego serca.<\/p>\n<p>Wed\u0142ug L\u2019Osservatore Romano, wydanie polskie, 1989, nr 12 BIS (119) s. 16<\/p>\n","protected":false},"excerpt":{"rendered":"<p>\u015aw. Ryszarda Pampuri<\/p>\n","protected":false},"author":13,"featured_media":3683,"comment_status":"open","ping_status":"open","sticky":false,"template":"","format":"standard","meta":{"footnotes":""},"categories":[1],"tags":[],"_links":{"self":[{"href":"https:\/\/bonifratrzy.pl\/klasztor-warszawa-sapiezynska\/wp-json\/wp\/v2\/posts\/3682"}],"collection":[{"href":"https:\/\/bonifratrzy.pl\/klasztor-warszawa-sapiezynska\/wp-json\/wp\/v2\/posts"}],"about":[{"href":"https:\/\/bonifratrzy.pl\/klasztor-warszawa-sapiezynska\/wp-json\/wp\/v2\/types\/post"}],"author":[{"embeddable":true,"href":"https:\/\/bonifratrzy.pl\/klasztor-warszawa-sapiezynska\/wp-json\/wp\/v2\/users\/13"}],"replies":[{"embeddable":true,"href":"https:\/\/bonifratrzy.pl\/klasztor-warszawa-sapiezynska\/wp-json\/wp\/v2\/comments?post=3682"}],"version-history":[{"count":4,"href":"https:\/\/bonifratrzy.pl\/klasztor-warszawa-sapiezynska\/wp-json\/wp\/v2\/posts\/3682\/revisions"}],"predecessor-version":[{"id":3705,"href":"https:\/\/bonifratrzy.pl\/klasztor-warszawa-sapiezynska\/wp-json\/wp\/v2\/posts\/3682\/revisions\/3705"}],"wp:featuredmedia":[{"embeddable":true,"href":"https:\/\/bonifratrzy.pl\/klasztor-warszawa-sapiezynska\/wp-json\/wp\/v2\/media\/3683"}],"wp:attachment":[{"href":"https:\/\/bonifratrzy.pl\/klasztor-warszawa-sapiezynska\/wp-json\/wp\/v2\/media?parent=3682"}],"wp:term":[{"taxonomy":"category","embeddable":true,"href":"https:\/\/bonifratrzy.pl\/klasztor-warszawa-sapiezynska\/wp-json\/wp\/v2\/categories?post=3682"},{"taxonomy":"post_tag","embeddable":true,"href":"https:\/\/bonifratrzy.pl\/klasztor-warszawa-sapiezynska\/wp-json\/wp\/v2\/tags?post=3682"}],"curies":[{"name":"wp","href":"https:\/\/api.w.org\/{rel}","templated":true}]}}