{"id":3674,"date":"2021-04-07T10:07:47","date_gmt":"2021-04-07T08:07:47","guid":{"rendered":"https:\/\/bonifratrzy.pl\/klasztor-warszawa-sapiezynska\/?p=3674"},"modified":"2021-04-07T10:07:47","modified_gmt":"2021-04-07T08:07:47","slug":"niedziela-milosierdzia-bozego","status":"publish","type":"post","link":"https:\/\/bonifratrzy.pl\/klasztor-warszawa-sapiezynska\/2021\/04\/07\/niedziela-milosierdzia-bozego\/","title":{"rendered":"Niedziela Mi\u0142osierdzia Bo\u017cego"},"content":{"rendered":"<p style=\"text-align: center\"><strong>11 kwietnia 2021<\/strong><\/p>\n<p style=\"text-align: center\"><strong>Niedziela Mi\u0142osierdzia Bo\u017cego<\/strong><\/p>\n<p style=\"text-align: center\"><strong>Godzina Mi\u0142osierdzia 14:50 &#8211; 16:00<\/strong><\/p>\n<p>&nbsp;<\/p>\n<p style=\"text-align: justify\"><strong>Niedziela Mi\u0142osierdzia Bo\u017cego obchodzona jest w pierwsz\u0105 niedziel\u0119 po Wielkanocy<\/strong>. Wpisa\u0142 te obchody do kalendarza liturgicznego najpierw\u00a0 w 1985 roku kard. Franciszek Antoni Macharski dla archidiecezji krakowskiej . Na pro\u015bb\u0119 Episkopatu Polski Ojciec \u015awi\u0119ty Jan Pawe\u0142 II w 1995 roku wprowadzi\u0142 to \u015bwi\u0119to dla wszystkich diecezji w Polsce. W dniu kanonizacji Siostry Faustyny 30 kwietnia 2000 roku Papie\u017c og\u0142osi\u0142 to \u015bwi\u0119to dla ca\u0142ego Ko\u015bcio\u0142a.<\/p>\n<p style=\"text-align: justify\"><strong>Pana Jezusa skierowa\u0142 s\u0142owa do \u015aw. Siostry Faustyny:<\/strong><\/p>\n<p style=\"text-align: justify\">&#8222;&#8230;c\u00f3rko Moja, m\u00f3w \u015bwiatu ca\u0142emu o\u00a0niepoj\u0119tym mi\u0142osierdziu Moim. Pragn\u0119, aby \u015bwi\u0119to mi\u0142osierdzia by\u0142o ucieczk\u0105 i\u00a0schronieniem dla biednych grzesznik\u00f3w. W\u00a0dniu tym s\u0105 otwarte wn\u0119trzno\u015bci mi\u0142osierdzia Mego, wylewam ca\u0142e morze \u0142ask na\u00a0dusze, kt\u00f3re\u00a0si\u0119 zbli\u017c\u0105 do \u017ar\u00f3d\u0142a mi\u0142osierdzia Mojego; kt\u00f3ra dusza przyst\u0105pi do spowiedzi i\u00a0Komunii \u015bw., dost\u0105pi pe\u0142nego odpuszczenia win i\u00a0kar; w\u00a0dniu tym, otwarte s\u0105 wszystkie upusty Bo\u017ce, przez kt\u00f3re p\u0142yn\u0105 \u0142aski<strong>; niech\u00a0si\u0119 nie\u00a0l\u0119ka zbli\u017cy\u0107 do Mnie \u017cadna dusza, chocia\u017cby grzechy jej by\u0142y jako szkar\u0142at. <\/strong>Mi\u0142osierdzie Moje jest tak wielkie, \u017ce\u00a0przez ca\u0142\u0105 wieczno\u015b\u0107 nie\u00a0zg\u0142\u0119bi go \u017caden umys\u0142, ani ludzki, ani anielski.&#8221;<\/p>\n<p>(Dzienniczek, 699)<\/p>\n<p>&nbsp;<\/p>\n","protected":false},"excerpt":{"rendered":"<p>Ca\u0142e morze \u0142ask<\/p>\n","protected":false},"author":13,"featured_media":3675,"comment_status":"open","ping_status":"open","sticky":false,"template":"","format":"standard","meta":{"footnotes":""},"categories":[1],"tags":[],"_links":{"self":[{"href":"https:\/\/bonifratrzy.pl\/klasztor-warszawa-sapiezynska\/wp-json\/wp\/v2\/posts\/3674"}],"collection":[{"href":"https:\/\/bonifratrzy.pl\/klasztor-warszawa-sapiezynska\/wp-json\/wp\/v2\/posts"}],"about":[{"href":"https:\/\/bonifratrzy.pl\/klasztor-warszawa-sapiezynska\/wp-json\/wp\/v2\/types\/post"}],"author":[{"embeddable":true,"href":"https:\/\/bonifratrzy.pl\/klasztor-warszawa-sapiezynska\/wp-json\/wp\/v2\/users\/13"}],"replies":[{"embeddable":true,"href":"https:\/\/bonifratrzy.pl\/klasztor-warszawa-sapiezynska\/wp-json\/wp\/v2\/comments?post=3674"}],"version-history":[{"count":3,"href":"https:\/\/bonifratrzy.pl\/klasztor-warszawa-sapiezynska\/wp-json\/wp\/v2\/posts\/3674\/revisions"}],"predecessor-version":[{"id":3678,"href":"https:\/\/bonifratrzy.pl\/klasztor-warszawa-sapiezynska\/wp-json\/wp\/v2\/posts\/3674\/revisions\/3678"}],"wp:featuredmedia":[{"embeddable":true,"href":"https:\/\/bonifratrzy.pl\/klasztor-warszawa-sapiezynska\/wp-json\/wp\/v2\/media\/3675"}],"wp:attachment":[{"href":"https:\/\/bonifratrzy.pl\/klasztor-warszawa-sapiezynska\/wp-json\/wp\/v2\/media?parent=3674"}],"wp:term":[{"taxonomy":"category","embeddable":true,"href":"https:\/\/bonifratrzy.pl\/klasztor-warszawa-sapiezynska\/wp-json\/wp\/v2\/categories?post=3674"},{"taxonomy":"post_tag","embeddable":true,"href":"https:\/\/bonifratrzy.pl\/klasztor-warszawa-sapiezynska\/wp-json\/wp\/v2\/tags?post=3674"}],"curies":[{"name":"wp","href":"https:\/\/api.w.org\/{rel}","templated":true}]}}