{"id":3659,"date":"2021-03-31T09:04:28","date_gmt":"2021-03-31T07:04:28","guid":{"rendered":"https:\/\/bonifratrzy.pl\/klasztor-warszawa-sapiezynska\/?p=3659"},"modified":"2021-04-02T15:11:14","modified_gmt":"2021-04-02T13:11:14","slug":"wielkanoc-2","status":"publish","type":"post","link":"https:\/\/bonifratrzy.pl\/klasztor-warszawa-sapiezynska\/2021\/03\/31\/wielkanoc-2\/","title":{"rendered":"Wielkanoc"},"content":{"rendered":"<p style=\"text-align: center\"><span style=\"color: #008000\"><strong>Szanowni Pa\u0144stwo.<\/strong><\/span><\/p>\n<p><img loading=\"lazy\" decoding=\"async\" class=\"size-medium wp-image-2258 aligncenter\" src=\"https:\/\/bonifratrzy.pl\/klasztor-warszawa-sapiezynska\/wp-content\/uploads\/sites\/19\/2018\/03\/2018-Baranek-300x248.jpg\" alt=\"\" width=\"300\" height=\"248\" srcset=\"https:\/\/bonifratrzy.pl\/klasztor-warszawa-sapiezynska\/wp-content\/uploads\/sites\/19\/2018\/03\/2018-Baranek-300x248.jpg 300w, https:\/\/bonifratrzy.pl\/klasztor-warszawa-sapiezynska\/wp-content\/uploads\/sites\/19\/2018\/03\/2018-Baranek.jpg 305w\" sizes=\"(max-width: 300px) 100vw, 300px\" \/><\/p>\n<p style=\"text-align: center\"><span style=\"color: #008000\"><strong>Ogarni\u0119ci t\u0105 wielk\u0105 tajemnic\u0105 Zmartwychwstania Chrystusa Pana <\/strong><\/span><\/p>\n<p style=\"text-align: center\"><span style=\"color: #008000\"><strong>w tegoroczne do\u015b\u0107 trudne w tym roku \u015awi\u0119ta Wielkanocne,<\/strong><\/span><\/p>\n<p style=\"text-align: center\"><span style=\"color: #008000\"><strong>\u00a0\u017cyczymy Wam wszystkim wiele rado\u015bci, cierpliwo\u015bci i dobra.<\/strong><\/span><\/p>\n<p style=\"text-align: center\"><span style=\"color: #008000\"><strong>\u00a0Niech Ten, kt\u00f3ry powsta\u0142 z grobu wzmocni w Was wszystkich<\/strong><\/span><\/p>\n<p style=\"text-align: center\"><span style=\"color: #008000\"><strong>\u00a0wiar\u0119, rozpali mi\u0142o\u015b\u0107 i nadziej\u0119. <\/strong><\/span><\/p>\n<p style=\"text-align: center\"><span style=\"color: #008000\"><strong>Nich stanie si\u0119 dla Was \u017ar\u00f3d\u0142em pokoju,<\/strong><\/span><\/p>\n<p style=\"text-align: center\"><span style=\"color: #008000\"><strong>\u00a0wzajemnego zrozumienia i szacunku. <\/strong><\/span><\/p>\n<p style=\"text-align: center\"><span style=\"color: #008000\"><strong>Z ca\u0142ego serca \u017cyczymy wszystkim zdrowych i weso\u0142ych \u015bwi\u0105t!<\/strong><\/span><\/p>\n<p style=\"text-align: center\"><span style=\"color: #008000\"><strong>Alleluja!<\/strong><strong>\u00a0<\/strong><\/span><\/p>\n<p style=\"text-align: center\"><span style=\"color: #008000\"><strong>Warszawa, Wielkanoc, A.D. 2021<\/strong><\/span><\/p>\n<p style=\"text-align: center\">Wsp\u00f3lnota Braci Bonifratr\u00f3w.<\/p>\n<div class=\"wpmf-gallerys wpmf-gallerys-life \" ><div id=\"gallery-1\" class=\"gallery gallery_life wpmf_gallery_default gallery_default  gallery-columns-1 gallery-size-full gallery-link-file wpmf-has-border-radius-0 wpmf-gutterwidth-5 no_ratio\"><figure class=\"wpmf-gallery-item\" data-index=\"0\"><div class=\"wpmf-gallery-icon\"><div class=\"square_thumbnail\"><div class=\"img_centered\"><a class=\" not_video noLightbox\" data-lightbox=\"1\" data-href=\"https:\/\/bonifratrzy.pl\/klasztor-warszawa-sapiezynska\/wp-content\/uploads\/sites\/19\/2021\/03\/Wiosenny-ogr\u00f3d.jpg\" title=\"Wiosenny Ogr\u00f3d\" target=\"_self\" data-index=\"0\"><img decoding=\"async\" class=\"wpmf_img\" alt=\"Wiosenny Ogr\u00f3d\" src=\"https:\/\/bonifratrzy.pl\/klasztor-warszawa-sapiezynska\/wp-content\/uploads\/sites\/19\/2021\/03\/Wiosenny-ogr\u00f3d.jpg\" data-type=\"wpmfgalleryimg\" data-lazy-src=\"https:\/\/bonifratrzy.pl\/klasztor-warszawa-sapiezynska\/wp-content\/uploads\/sites\/19\/2021\/03\/Wiosenny-ogr\u00f3d.jpg\"><\/a><\/div><\/div><\/div><\/figure><\/div><\/div>\n","protected":false},"excerpt":{"rendered":"<p>Tajemnica Zmartwychwstania<\/p>\n","protected":false},"author":13,"featured_media":2258,"comment_status":"open","ping_status":"open","sticky":false,"template":"","format":"standard","meta":{"footnotes":""},"categories":[1],"tags":[],"_links":{"self":[{"href":"https:\/\/bonifratrzy.pl\/klasztor-warszawa-sapiezynska\/wp-json\/wp\/v2\/posts\/3659"}],"collection":[{"href":"https:\/\/bonifratrzy.pl\/klasztor-warszawa-sapiezynska\/wp-json\/wp\/v2\/posts"}],"about":[{"href":"https:\/\/bonifratrzy.pl\/klasztor-warszawa-sapiezynska\/wp-json\/wp\/v2\/types\/post"}],"author":[{"embeddable":true,"href":"https:\/\/bonifratrzy.pl\/klasztor-warszawa-sapiezynska\/wp-json\/wp\/v2\/users\/13"}],"replies":[{"embeddable":true,"href":"https:\/\/bonifratrzy.pl\/klasztor-warszawa-sapiezynska\/wp-json\/wp\/v2\/comments?post=3659"}],"version-history":[{"count":8,"href":"https:\/\/bonifratrzy.pl\/klasztor-warszawa-sapiezynska\/wp-json\/wp\/v2\/posts\/3659\/revisions"}],"predecessor-version":[{"id":3673,"href":"https:\/\/bonifratrzy.pl\/klasztor-warszawa-sapiezynska\/wp-json\/wp\/v2\/posts\/3659\/revisions\/3673"}],"wp:featuredmedia":[{"embeddable":true,"href":"https:\/\/bonifratrzy.pl\/klasztor-warszawa-sapiezynska\/wp-json\/wp\/v2\/media\/2258"}],"wp:attachment":[{"href":"https:\/\/bonifratrzy.pl\/klasztor-warszawa-sapiezynska\/wp-json\/wp\/v2\/media?parent=3659"}],"wp:term":[{"taxonomy":"category","embeddable":true,"href":"https:\/\/bonifratrzy.pl\/klasztor-warszawa-sapiezynska\/wp-json\/wp\/v2\/categories?post=3659"},{"taxonomy":"post_tag","embeddable":true,"href":"https:\/\/bonifratrzy.pl\/klasztor-warszawa-sapiezynska\/wp-json\/wp\/v2\/tags?post=3659"}],"curies":[{"name":"wp","href":"https:\/\/api.w.org\/{rel}","templated":true}]}}