{"id":3654,"date":"2021-03-31T08:56:09","date_gmt":"2021-03-31T06:56:09","guid":{"rendered":"https:\/\/bonifratrzy.pl\/klasztor-warszawa-sapiezynska\/?p=3654"},"modified":"2021-03-31T09:16:00","modified_gmt":"2021-03-31T07:16:00","slug":"triduum-paschalne","status":"publish","type":"post","link":"https:\/\/bonifratrzy.pl\/klasztor-warszawa-sapiezynska\/2021\/03\/31\/triduum-paschalne\/","title":{"rendered":"Triduum Paschalne"},"content":{"rendered":"<p style=\"text-align: center\"><strong><u>Kaplica \u015aw. Ryszarda Pampuri \/ II p<\/u><\/strong><\/p>\n<p style=\"text-align: center\"><strong>za<\/strong><strong>praszamy <\/strong><strong>serdecznie<\/strong><\/p>\n<p>&nbsp;<\/p>\n<div class=\"wpmf-gallerys wpmf-gallerys-life \" ><div id=\"gallery-1\" class=\"gallery gallery_life wpmf_gallery_default gallery_default  gallery-columns-1 gallery-size-thumbnail gallery-link-file wpmf-has-border-radius-0 wpmf-gutterwidth-5 no_ratio\"><figure class=\"wpmf-gallery-item\" data-index=\"0\"><div class=\"wpmf-gallery-icon\"><div class=\"square_thumbnail\"><div class=\"img_centered\"><a class=\" not_video noLightbox\" data-lightbox=\"1\" data-href=\"https:\/\/bonifratrzy.pl\/klasztor-warszawa-sapiezynska\/wp-content\/uploads\/sites\/19\/2021\/03\/A-Kaplica-Triduum-2021-727x1024.jpg\" title=\"A Kaplica Triduum 2021\" target=\"_self\" data-index=\"0\"><img decoding=\"async\" class=\"wpmf_img\" alt=\"A Kaplica Triduum 2021\" src=\"https:\/\/bonifratrzy.pl\/klasztor-warszawa-sapiezynska\/wp-content\/uploads\/sites\/19\/2021\/03\/A-Kaplica-Triduum-2021-150x150.jpg\" data-type=\"wpmfgalleryimg\" data-lazy-src=\"https:\/\/bonifratrzy.pl\/klasztor-warszawa-sapiezynska\/wp-content\/uploads\/sites\/19\/2021\/03\/A-Kaplica-Triduum-2021-150x150.jpg\"><\/a><\/div><\/div><\/div><\/figure><\/div><\/div>\n<p style=\"text-align: left\">Plakat: br. Mateusz<\/p>\n<p><strong>Prosimy o\u00a0zachowanie zasad bezpiecze\u0144stwa:<\/strong><\/p>\n<p><strong>\u00a0\u2013 dezynfekcja \u00a0 \u00a0 \u00a0 \u00a0 \u00a0 <\/strong><\/p>\n<p><strong>\u00a0\u2013 dystans<\/strong><\/p>\n<p><strong>\u2013 maseczka<\/strong><\/p>\n<p style=\"text-align: center\">Do udzia\u0142u i modlitwy zaprasza Zesp\u00f3\u0142 Opieki Duszpasterskiej<\/p>\n","protected":false},"excerpt":{"rendered":"<p>Agenda obchod\u00f3w<\/p>\n","protected":false},"author":13,"featured_media":3655,"comment_status":"open","ping_status":"open","sticky":false,"template":"","format":"standard","meta":{"footnotes":""},"categories":[1],"tags":[],"_links":{"self":[{"href":"https:\/\/bonifratrzy.pl\/klasztor-warszawa-sapiezynska\/wp-json\/wp\/v2\/posts\/3654"}],"collection":[{"href":"https:\/\/bonifratrzy.pl\/klasztor-warszawa-sapiezynska\/wp-json\/wp\/v2\/posts"}],"about":[{"href":"https:\/\/bonifratrzy.pl\/klasztor-warszawa-sapiezynska\/wp-json\/wp\/v2\/types\/post"}],"author":[{"embeddable":true,"href":"https:\/\/bonifratrzy.pl\/klasztor-warszawa-sapiezynska\/wp-json\/wp\/v2\/users\/13"}],"replies":[{"embeddable":true,"href":"https:\/\/bonifratrzy.pl\/klasztor-warszawa-sapiezynska\/wp-json\/wp\/v2\/comments?post=3654"}],"version-history":[{"count":5,"href":"https:\/\/bonifratrzy.pl\/klasztor-warszawa-sapiezynska\/wp-json\/wp\/v2\/posts\/3654\/revisions"}],"predecessor-version":[{"id":3666,"href":"https:\/\/bonifratrzy.pl\/klasztor-warszawa-sapiezynska\/wp-json\/wp\/v2\/posts\/3654\/revisions\/3666"}],"wp:featuredmedia":[{"embeddable":true,"href":"https:\/\/bonifratrzy.pl\/klasztor-warszawa-sapiezynska\/wp-json\/wp\/v2\/media\/3655"}],"wp:attachment":[{"href":"https:\/\/bonifratrzy.pl\/klasztor-warszawa-sapiezynska\/wp-json\/wp\/v2\/media?parent=3654"}],"wp:term":[{"taxonomy":"category","embeddable":true,"href":"https:\/\/bonifratrzy.pl\/klasztor-warszawa-sapiezynska\/wp-json\/wp\/v2\/categories?post=3654"},{"taxonomy":"post_tag","embeddable":true,"href":"https:\/\/bonifratrzy.pl\/klasztor-warszawa-sapiezynska\/wp-json\/wp\/v2\/tags?post=3654"}],"curies":[{"name":"wp","href":"https:\/\/api.w.org\/{rel}","templated":true}]}}