{"id":3633,"date":"2021-03-19T12:50:59","date_gmt":"2021-03-19T11:50:59","guid":{"rendered":"https:\/\/bonifratrzy.pl\/klasztor-warszawa-sapiezynska\/?p=3633"},"modified":"2021-03-31T09:55:46","modified_gmt":"2021-03-31T07:55:46","slug":"rekolekcje-wielkopostne-2","status":"publish","type":"post","link":"https:\/\/bonifratrzy.pl\/klasztor-warszawa-sapiezynska\/2021\/03\/19\/rekolekcje-wielkopostne-2\/","title":{"rendered":"Rekolekcje Wielkopostne"},"content":{"rendered":"<div class=\"wpmf-gallerys wpmf-gallerys-life \" ><div id=\"gallery-1\" class=\"gallery gallery_life wpmf_gallery_default gallery_default  gallery-columns-1 gallery-size-thumbnail gallery-link-file wpmf-has-border-radius-0 wpmf-gutterwidth-5 no_ratio\"><figure class=\"wpmf-gallery-item\" data-index=\"0\"><div class=\"wpmf-gallery-icon\"><div class=\"square_thumbnail\"><div class=\"img_centered\"><a class=\" not_video noLightbox\" data-lightbox=\"1\" data-href=\"https:\/\/bonifratrzy.pl\/klasztor-warszawa-sapiezynska\/wp-content\/uploads\/sites\/19\/2021\/03\/Og\u0142oszenie-Kaplica-Rekolekcje-Post-2021-v.-746x1024.jpg\" title=\"Og\u0142oszenie Kaplica Rekolekcje Post 2021 V.\" target=\"_self\" data-index=\"0\"><img decoding=\"async\" class=\"wpmf_img\" alt=\"Og\u0142oszenie Kaplica Rekolekcje Post 2021 V.\" src=\"https:\/\/bonifratrzy.pl\/klasztor-warszawa-sapiezynska\/wp-content\/uploads\/sites\/19\/2021\/03\/Og\u0142oszenie-Kaplica-Rekolekcje-Post-2021-v.-150x150.jpg\" data-type=\"wpmfgalleryimg\" data-lazy-src=\"https:\/\/bonifratrzy.pl\/klasztor-warszawa-sapiezynska\/wp-content\/uploads\/sites\/19\/2021\/03\/Og\u0142oszenie-Kaplica-Rekolekcje-Post-2021-v.-150x150.jpg\"><\/a><\/div><\/div><\/div><\/figure><\/div><\/div>\n<p>Plakat: br. Mateusz<\/p>\n<p style=\"text-align: center\"><strong>\u00a022 &#8211; 23\u00a0 marca<\/strong> <strong>2021<\/strong><strong> r. , <\/strong><strong>godz.\u00a0<\/strong><strong>14:30<\/strong><strong>\u00a0<\/strong><\/p>\n<p style=\"text-align: center\">( poniedzia\u0142ek, wtorek)<\/p>\n<p style=\"text-align: center\"><strong><u>Kaplica \u015aw. Ryszarda Pampuri \/ II p<\/u><\/strong><\/p>\n<p style=\"text-align: center\"><strong>zapraszamy <\/strong><strong>serdecznie<\/strong><\/p>\n<p style=\"text-align: center\"><strong>\u00a0<\/strong><\/p>\n<p style=\"text-align: center\"><strong><u>Rekolekcje Wielkopostne<br \/>\n<\/u><\/strong><\/p>\n<p style=\"text-align: center\">Msza \u015awi\u0119ta z nauk\u0105<\/p>\n<p style=\"text-align: center\">Prowadz\u0105cy Ks.\u00a0Robert<\/p>\n<p><strong>Prosimy o\u00a0zachowanie zasad bezpiecze\u0144stwa:<\/strong><\/p>\n<p><strong>\u00a0\u2013 dezynfekcja \u00a0 \u00a0 \u00a0 \u00a0 \u00a0 <\/strong><\/p>\n<p><strong>\u00a0\u2013 dystans<\/strong><\/p>\n<p><strong>\u2013 maseczka<\/strong><\/p>\n<p style=\"text-align: center\">Do\u00a0udzia\u0142u i\u00a0modlitwy zaprasza<\/p>\n<p style=\"text-align: center\">\u00a0 Zesp\u00f3\u0142 Opieki Duszpasterskiej<\/p>\n","protected":false},"excerpt":{"rendered":"<p>Je\u015bli si\u0119 nie nawr\u00f3cicie<\/p>\n","protected":false},"author":13,"featured_media":3634,"comment_status":"open","ping_status":"open","sticky":false,"template":"","format":"standard","meta":{"footnotes":""},"categories":[1],"tags":[],"_links":{"self":[{"href":"https:\/\/bonifratrzy.pl\/klasztor-warszawa-sapiezynska\/wp-json\/wp\/v2\/posts\/3633"}],"collection":[{"href":"https:\/\/bonifratrzy.pl\/klasztor-warszawa-sapiezynska\/wp-json\/wp\/v2\/posts"}],"about":[{"href":"https:\/\/bonifratrzy.pl\/klasztor-warszawa-sapiezynska\/wp-json\/wp\/v2\/types\/post"}],"author":[{"embeddable":true,"href":"https:\/\/bonifratrzy.pl\/klasztor-warszawa-sapiezynska\/wp-json\/wp\/v2\/users\/13"}],"replies":[{"embeddable":true,"href":"https:\/\/bonifratrzy.pl\/klasztor-warszawa-sapiezynska\/wp-json\/wp\/v2\/comments?post=3633"}],"version-history":[{"count":7,"href":"https:\/\/bonifratrzy.pl\/klasztor-warszawa-sapiezynska\/wp-json\/wp\/v2\/posts\/3633\/revisions"}],"predecessor-version":[{"id":3669,"href":"https:\/\/bonifratrzy.pl\/klasztor-warszawa-sapiezynska\/wp-json\/wp\/v2\/posts\/3633\/revisions\/3669"}],"wp:featuredmedia":[{"embeddable":true,"href":"https:\/\/bonifratrzy.pl\/klasztor-warszawa-sapiezynska\/wp-json\/wp\/v2\/media\/3634"}],"wp:attachment":[{"href":"https:\/\/bonifratrzy.pl\/klasztor-warszawa-sapiezynska\/wp-json\/wp\/v2\/media?parent=3633"}],"wp:term":[{"taxonomy":"category","embeddable":true,"href":"https:\/\/bonifratrzy.pl\/klasztor-warszawa-sapiezynska\/wp-json\/wp\/v2\/categories?post=3633"},{"taxonomy":"post_tag","embeddable":true,"href":"https:\/\/bonifratrzy.pl\/klasztor-warszawa-sapiezynska\/wp-json\/wp\/v2\/tags?post=3633"}],"curies":[{"name":"wp","href":"https:\/\/api.w.org\/{rel}","templated":true}]}}