{"id":338,"date":"2016-07-05T21:24:45","date_gmt":"2016-07-05T19:24:45","guid":{"rendered":"https:\/\/bonifratrzy.pl\/klasztor-warszawa-sapiezynska\/?p=338"},"modified":"2020-11-02T09:43:45","modified_gmt":"2020-11-02T08:43:45","slug":"jubileusz-siostr-19-czerwca-2016r","status":"publish","type":"post","link":"https:\/\/bonifratrzy.pl\/klasztor-warszawa-sapiezynska\/2016\/07\/05\/jubileusz-siostr-19-czerwca-2016r\/","title":{"rendered":"Jubileusz Si\u00f3str \u2013 19 czerwca 2016r."},"content":{"rendered":"<p style=\"text-align: justify\">Zgromadzenie Si\u00f3str Karolanek prze\u017cywa\u0142o sw\u00f3j pi\u0119kny jubileusz 25-lecia pos\u0142ugi na ziemiach polskich. Centralne uroczysto\u015bci mia\u0142y miejsce w \u0141odzi-Andrzejowie w ko\u015bciele parafialnym pod wezwaniem Niepokalanego Pocz\u0119cia Naj\u015bwi\u0119tszej Maryi Panny.<\/p>\n<p style=\"text-align: justify\">Uroczystej Eucharystii przewodniczy\u0142 ksi\u0105dz W\u0142adys\u0142aw Zi\u00f3\u0142ek &#8211; arcybiskup senior Archidiecezji \u0141\u00f3dzkiej. W tej wyj\u0105tkowej uroczysto\u015bci brali udzia\u0142 licznie przybyli ksi\u0119\u017ca, Sympatycy Zgromadzenia Si\u00f3str Karolanek, Parafianie, Bracia Bonifratrzy, a tak\u017ce liczna reprezentacja Si\u00f3str Karolanek, kt\u00f3re przyby\u0142y z dalekich zak\u0105tk\u00f3w \u015bwiata. Siostry bardzo \u015bci\u015ble wsp\u00f3\u0142pracuj\u0105 z bonifratrami w \u0141odzi i w Warszawie, gdzie pos\u0142uguj\u0105 w naszych dzie\u0142ach przy chorych. Nasz Konwent Warszawski mia\u0142 przywilej go\u015bci\u0107 Siostry Karolanki z Afryki, Indii, Argentyny i W\u0142och. \u017byczymy Siostrom dalszego rozwoju i zapuszczania korzeni ,,karola\u0144skich\u201d na naszej ojczystej ziemi.<\/p>\n<p style=\"text-align: justify\">Za wszelkie dobra uczynione przez r\u0119ce Si\u00f3str niech B\u00f3g b\u0142ogos\u0142awi i wynagradza nowymi powo\u0142aniami.<\/p>\n<p>Bonifratrzy<\/p>\n<div class=\"wpmf-gallerys wpmf-gallerys-life \" ><div id=\"gallery-1\" class=\"gallery gallery_life wpmf_gallery_default gallery_default  gallery-columns-2 gallery-size-thumbnail gallery-link-file wpmf-has-border-radius-0 wpmf-gutterwidth-5 no_ratio\"><figure class=\"wpmf-gallery-item\" data-index=\"0\"><div class=\"wpmf-gallery-icon\"><div class=\"square_thumbnail\"><div class=\"img_centered\"><a class=\" not_video noLightbox\" data-lightbox=\"1\" data-href=\"https:\/\/bonifratrzy.pl\/klasztor-warszawa-sapiezynska\/wp-content\/uploads\/sites\/19\/2016\/07\/160704_035337_3.jpeg\" title=\"160704_035337_3\" target=\"_self\" data-index=\"0\"><img decoding=\"async\" class=\"wpmf_img\" alt=\"160704_035337_3\" src=\"https:\/\/bonifratrzy.pl\/klasztor-warszawa-sapiezynska\/wp-content\/uploads\/sites\/19\/2016\/07\/160704_035337_3-150x150.jpeg\" data-type=\"wpmfgalleryimg\" data-lazy-src=\"https:\/\/bonifratrzy.pl\/klasztor-warszawa-sapiezynska\/wp-content\/uploads\/sites\/19\/2016\/07\/160704_035337_3-150x150.jpeg\"><\/a><\/div><\/div><\/div><\/figure><figure class=\"wpmf-gallery-item\" data-index=\"1\"><div class=\"wpmf-gallery-icon\"><div class=\"square_thumbnail\"><div class=\"img_centered\"><a class=\" not_video noLightbox\" data-lightbox=\"1\" data-href=\"https:\/\/bonifratrzy.pl\/klasztor-warszawa-sapiezynska\/wp-content\/uploads\/sites\/19\/2016\/07\/160704_035337_2.jpeg\" title=\"\" target=\"_self\" data-index=\"1\"><img decoding=\"async\" class=\"wpmf_img\" alt=\"\" src=\"https:\/\/bonifratrzy.pl\/klasztor-warszawa-sapiezynska\/wp-content\/uploads\/sites\/19\/2016\/07\/160704_035337_2-150x150.jpeg\" data-type=\"wpmfgalleryimg\" data-lazy-src=\"https:\/\/bonifratrzy.pl\/klasztor-warszawa-sapiezynska\/wp-content\/uploads\/sites\/19\/2016\/07\/160704_035337_2-150x150.jpeg\"><\/a><\/div><\/div><\/div><\/figure><\/div><\/div>\n<p>&nbsp;<\/p>\n<p style=\"text-align: center\"><strong>Modlitwa dla ca\u0142ego Regionu si\u00f3str na Rok Jubileuszowy<br \/>\n25-lecia istnienia zgromadzenia w Polsce.<\/strong><\/p>\n<p style=\"text-align: center\">Bo\u017ce Ojcze Wszechmog\u0105cy, Chwalimy Ci\u0119 i wys\u0142awiamy za Twoje niezliczone dobrodziejstwa.<br \/>\nTy w swoim niesko\u0144czonym mi\u0142osierdziu powo\u0142a\u0142e\u015b do istnienia nasze Zgromadzenie,<br \/>\naby\u015bmy za przyk\u0142adem naszego Patrona, \u015bw. Karola Boromeusza,<br \/>\nukazywa\u0142y cierpi\u0105cej ludzko\u015bci mi\u0142osierne oblicze Twojego Syna.<br \/>\nPrzygotowuj\u0105c si\u0119 do jubileuszowych obchod\u00f3w naszego Zgromadzenia mo\u017cemy realizowa\u0107 r\u00f3wnie\u017c w tym kraju.<br \/>\nDzi\u0119kujemy za nasze prze\u0142o\u017cone Generalne,<br \/>\nszczeg\u00f3lnie za Matk\u0119 Andre\u0119, kt\u00f3ra b\u0119d\u0105c pos\u0142uszn\u0105 natchnieniom Twojego Ducha,<br \/>\njako pierwsza zasadzi\u0142a tu ziarno Bo\u017cej mi\u0142o\u015bci.<br \/>\nB\u0105d\u017a uwielbiony Panie za 25 lat naszej pos\u0142ugi w\u015br\u00f3d chorych,<br \/>\ncierpi\u0105cych ubogich, g\u0142odnych; w\u015br\u00f3d dzieci, m\u0142odzie\u017cy, niewidomych i niepe\u0142nosprawnych<br \/>\n\u2013 za wszelkie dobro czynione Tw\u0105 moc\u0105 i Twoj\u0105 mi\u0142o\u015bci\u0105 w naszych apostolskich dzie\u0142ach.<br \/>\nDzi\u0119kujemy Ci za dar naszych powo\u0142a\u0144 i pokornie prosimy o nowe powo\u0142ania.<br \/>\nSk\u0142adamy Ci cze\u015b\u0107 i uwielbienie za Tw\u0105 opiek\u0119 oraz hojne \u0142aski,<br \/>\nkt\u00f3rymi darzysz nasz Region od chwili jego narodzin po dzi\u015b dzie\u0144.<br \/>\nDzi\u0119kujemy za wszystkich pasterzy ko\u015bcio\u0142a, kt\u00f3rzy modlitw\u0105<br \/>\ni czynem od pocz\u0105tku nas wspierali i nam pomagali.<br \/>\nDzi\u0119kujemy za wszystkich ludzi \u017cyczliwych nam, przyjaci\u00f3\u0142,<br \/>\nTych, kt\u00f3rzy z nami wsp\u00f3\u0142pracowali i nadal wsp\u00f3\u0142pracuj\u0105.<br \/>\nNiech ten Rok Jubileuszowy b\u0119dzie czasem naszego nawr\u00f3cenia, umocnienia i duchowej odnowy.<br \/>\nTobie Maryjo &#8211; nasza Kr\u00f3lowo zawierzamy nasz Region.<br \/>\nB\u0105d\u017a nam zawsze przewodniczk\u0105 ku przysz\u0142o\u015bci.<br \/>\nAmen.<\/p>\n","protected":false},"excerpt":{"rendered":"<p>25 lat istnienia zgromadzenia w Polsce.<\/p>\n","protected":false},"author":13,"featured_media":473,"comment_status":"open","ping_status":"open","sticky":false,"template":"","format":"standard","meta":{"footnotes":""},"categories":[1],"tags":[],"_links":{"self":[{"href":"https:\/\/bonifratrzy.pl\/klasztor-warszawa-sapiezynska\/wp-json\/wp\/v2\/posts\/338"}],"collection":[{"href":"https:\/\/bonifratrzy.pl\/klasztor-warszawa-sapiezynska\/wp-json\/wp\/v2\/posts"}],"about":[{"href":"https:\/\/bonifratrzy.pl\/klasztor-warszawa-sapiezynska\/wp-json\/wp\/v2\/types\/post"}],"author":[{"embeddable":true,"href":"https:\/\/bonifratrzy.pl\/klasztor-warszawa-sapiezynska\/wp-json\/wp\/v2\/users\/13"}],"replies":[{"embeddable":true,"href":"https:\/\/bonifratrzy.pl\/klasztor-warszawa-sapiezynska\/wp-json\/wp\/v2\/comments?post=338"}],"version-history":[{"count":15,"href":"https:\/\/bonifratrzy.pl\/klasztor-warszawa-sapiezynska\/wp-json\/wp\/v2\/posts\/338\/revisions"}],"predecessor-version":[{"id":3515,"href":"https:\/\/bonifratrzy.pl\/klasztor-warszawa-sapiezynska\/wp-json\/wp\/v2\/posts\/338\/revisions\/3515"}],"wp:featuredmedia":[{"embeddable":true,"href":"https:\/\/bonifratrzy.pl\/klasztor-warszawa-sapiezynska\/wp-json\/wp\/v2\/media\/473"}],"wp:attachment":[{"href":"https:\/\/bonifratrzy.pl\/klasztor-warszawa-sapiezynska\/wp-json\/wp\/v2\/media?parent=338"}],"wp:term":[{"taxonomy":"category","embeddable":true,"href":"https:\/\/bonifratrzy.pl\/klasztor-warszawa-sapiezynska\/wp-json\/wp\/v2\/categories?post=338"},{"taxonomy":"post_tag","embeddable":true,"href":"https:\/\/bonifratrzy.pl\/klasztor-warszawa-sapiezynska\/wp-json\/wp\/v2\/tags?post=338"}],"curies":[{"name":"wp","href":"https:\/\/api.w.org\/{rel}","templated":true}]}}