{"id":9995,"date":"2025-05-11T11:15:00","date_gmt":"2025-05-11T09:15:00","guid":{"rendered":"https:\/\/bonifratrzy.pl\/klasztor-nazaret\/?p=9995"},"modified":"2025-05-12T11:26:08","modified_gmt":"2025-05-12T09:26:08","slug":"miedzynarodowa-wspolnota-w-nazarecie","status":"publish","type":"post","link":"https:\/\/bonifratrzy.pl\/klasztor-nazaret\/2025\/05\/11\/miedzynarodowa-wspolnota-w-nazarecie\/","title":{"rendered":"Mi\u0119dzynarodowa Wsp\u00f3lnota w Nazarecie"},"content":{"rendered":"\n<p>W dniu 10 maja br. do\u0142\u0105czy\u0142 do dw\u00f3ch polskich braci br. Jan Chrzciciel \u2013 Minh Tran z Wietnamu. W ten oto spos\u00f3b Bonifraterska wsp\u00f3lnota w Nazarecie sta\u0142a si\u0119 wsp\u00f3lnot\u0105 mi\u0119dzynarodow\u0105. W niedziel\u0119 11 maja bracia udali si\u0119 na modlitw\u0119 do Bazyliki Zwiastowania NMP. Przy Grocie polecali\u015bmy Chrystusowi \u2013 Dobremu Pasterzowi wszystkie sprawy Polskiej i Wietnamskiej Prowincji oraz ca\u0142ego naszego Zakonu.<\/p>\n\n\n\n<!--more-->\n\n\n\n<div class=\"wp-block-columns is-layout-flex wp-container-core-columns-is-layout-1 wp-block-columns-is-layout-flex\">\n<div class=\"wp-block-column is-layout-flow wp-block-column-is-layout-flow\" style=\"flex-basis:100%\">\n<figure class=\"wp-block-gallery has-nested-images columns-default is-cropped wp-block-gallery-1 is-layout-flex wp-block-gallery-is-layout-flex\">\n<figure class=\"wp-block-image size-large\"><img loading=\"lazy\" decoding=\"async\" width=\"1024\" height=\"575\" src=\"https:\/\/bonifratrzy.pl\/klasztor-nazaret\/wp-content\/uploads\/sites\/10\/2025\/05\/IMG_202505111-1024x575.jpg\" alt=\"\" class=\"wp-image-9999\" srcset=\"https:\/\/bonifratrzy.pl\/klasztor-nazaret\/wp-content\/uploads\/sites\/10\/2025\/05\/IMG_202505111-1024x575.jpg 1024w, https:\/\/bonifratrzy.pl\/klasztor-nazaret\/wp-content\/uploads\/sites\/10\/2025\/05\/IMG_202505111-300x169.jpg 300w, https:\/\/bonifratrzy.pl\/klasztor-nazaret\/wp-content\/uploads\/sites\/10\/2025\/05\/IMG_202505111-768x432.jpg 768w, https:\/\/bonifratrzy.pl\/klasztor-nazaret\/wp-content\/uploads\/sites\/10\/2025\/05\/IMG_202505111-1536x863.jpg 1536w, https:\/\/bonifratrzy.pl\/klasztor-nazaret\/wp-content\/uploads\/sites\/10\/2025\/05\/IMG_202505111.jpg 1600w\" sizes=\"(max-width: 1024px) 100vw, 1024px\" \/><\/figure>\n\n\n\n<figure class=\"wp-block-image size-large\"><img loading=\"lazy\" decoding=\"async\" width=\"1024\" height=\"576\" src=\"https:\/\/bonifratrzy.pl\/klasztor-nazaret\/wp-content\/uploads\/sites\/10\/2025\/05\/IMG_202505112-1024x576.jpg\" alt=\"\" class=\"wp-image-10000\" srcset=\"https:\/\/bonifratrzy.pl\/klasztor-nazaret\/wp-content\/uploads\/sites\/10\/2025\/05\/IMG_202505112-1024x576.jpg 1024w, https:\/\/bonifratrzy.pl\/klasztor-nazaret\/wp-content\/uploads\/sites\/10\/2025\/05\/IMG_202505112-300x169.jpg 300w, https:\/\/bonifratrzy.pl\/klasztor-nazaret\/wp-content\/uploads\/sites\/10\/2025\/05\/IMG_202505112-768x432.jpg 768w, https:\/\/bonifratrzy.pl\/klasztor-nazaret\/wp-content\/uploads\/sites\/10\/2025\/05\/IMG_202505112-1536x864.jpg 1536w, https:\/\/bonifratrzy.pl\/klasztor-nazaret\/wp-content\/uploads\/sites\/10\/2025\/05\/IMG_202505112.jpg 2000w\" sizes=\"(max-width: 1024px) 100vw, 1024px\" \/><\/figure>\n<\/figure>\n<\/div>\n<\/div>\n","protected":false},"excerpt":{"rendered":"<p>W dniu 10 maja br. do\u0142\u0105czy\u0142 do dw\u00f3ch polskich braci br. Jan Chrzciciel \u2013 Minh Tran z Wietnamu. W ten oto spos\u00f3b Bonifraterska wsp\u00f3lnota w Nazarecie sta\u0142a si\u0119 wsp\u00f3lnot\u0105 mi\u0119dzynarodow\u0105. W niedziel\u0119 11 maja bracia udali si\u0119 na modlitw\u0119 do Bazyliki Zwiastowania NMP. Przy Grocie polecali\u015bmy Chrystusowi \u2013 Dobremu Pasterzowi wszystkie sprawy Polskiej i Wietnamskiej [&hellip;]<\/p>\n","protected":false},"author":57,"featured_media":10000,"comment_status":"open","ping_status":"open","sticky":false,"template":"","format":"standard","meta":{"footnotes":""},"categories":[1],"tags":[],"_links":{"self":[{"href":"https:\/\/bonifratrzy.pl\/klasztor-nazaret\/wp-json\/wp\/v2\/posts\/9995"}],"collection":[{"href":"https:\/\/bonifratrzy.pl\/klasztor-nazaret\/wp-json\/wp\/v2\/posts"}],"about":[{"href":"https:\/\/bonifratrzy.pl\/klasztor-nazaret\/wp-json\/wp\/v2\/types\/post"}],"author":[{"embeddable":true,"href":"https:\/\/bonifratrzy.pl\/klasztor-nazaret\/wp-json\/wp\/v2\/users\/57"}],"replies":[{"embeddable":true,"href":"https:\/\/bonifratrzy.pl\/klasztor-nazaret\/wp-json\/wp\/v2\/comments?post=9995"}],"version-history":[{"count":5,"href":"https:\/\/bonifratrzy.pl\/klasztor-nazaret\/wp-json\/wp\/v2\/posts\/9995\/revisions"}],"predecessor-version":[{"id":10004,"href":"https:\/\/bonifratrzy.pl\/klasztor-nazaret\/wp-json\/wp\/v2\/posts\/9995\/revisions\/10004"}],"wp:featuredmedia":[{"embeddable":true,"href":"https:\/\/bonifratrzy.pl\/klasztor-nazaret\/wp-json\/wp\/v2\/media\/10000"}],"wp:attachment":[{"href":"https:\/\/bonifratrzy.pl\/klasztor-nazaret\/wp-json\/wp\/v2\/media?parent=9995"}],"wp:term":[{"taxonomy":"category","embeddable":true,"href":"https:\/\/bonifratrzy.pl\/klasztor-nazaret\/wp-json\/wp\/v2\/categories?post=9995"},{"taxonomy":"post_tag","embeddable":true,"href":"https:\/\/bonifratrzy.pl\/klasztor-nazaret\/wp-json\/wp\/v2\/tags?post=9995"}],"curies":[{"name":"wp","href":"https:\/\/api.w.org\/{rel}","templated":true}]}}