{"id":9973,"date":"2025-04-28T13:00:44","date_gmt":"2025-04-28T11:00:44","guid":{"rendered":"https:\/\/bonifratrzy.pl\/klasztor-nazaret\/?p=9973"},"modified":"2025-04-29T20:44:54","modified_gmt":"2025-04-29T18:44:54","slug":"msza-sw-w-intencji-zmarlego-papieza-franciszka","status":"publish","type":"post","link":"https:\/\/bonifratrzy.pl\/klasztor-nazaret\/2025\/04\/28\/msza-sw-w-intencji-zmarlego-papieza-franciszka\/","title":{"rendered":"Msza \u015bw. w intencji zmar\u0142ego Papie\u017ca Franciszka"},"content":{"rendered":"\n<p>Dnia 28 kwietnia 2025 o godz. 18.00 w Bazylice Zwiastowania NMP odprawiona zosta\u0142a Msza \u015bw. w intencji papie\u017ca Franciszka, kt\u00f3ry dnia 21 kwietnia <em>powr\u00f3ci\u0142 do Domu Ojca<\/em>. Mszy \u015bw. przewodniczy\u0142 bp Rafic Nahra. W uroczysto\u015bci wzi\u0119\u0142y udzia\u0142 osoby \u017cycia konsekrowanego, licznie zgromadzeni kap\u0142ani oraz wierni z Nazaretu i okolic. W wyg\u0142oszonej homilii ks. Biskup przypomnia\u0142 obraz Ko\u015bcio\u0142a &#8211; cz\u0119sto przytaczany przez zmar\u0142ego papie\u017ca &#8211; jako <em>szpitala polowego<\/em>.<\/p>\n\n\n\n<!--more-->\n\n\n\n<p>Bp Rafic przypomnia\u0142 nam, \u017ce cech\u0105 szpitala polowego nie jest luksusowe wyposa\u017cenie w postaci odbiornik\u00f3w telewizyjnych w ka\u017cdej sali, nie jest te\u017c dost\u0119p do sieci wi-fi. Cech\u0105 szpitala polowego &#8211; w nauczaniu papie\u017ca Franciszka &#8211; by\u0142o otwarcie <em>tego\u017c szpitala<\/em> dla ka\u017cdego, kto potrzebuje pomocy, kto ma si\u0119 \u017ale, kto jest poraniony przez \u017cycie. Podstawowe <em>medykamenty<\/em> na wyposa\u017ceniu to: mi\u0142o\u015b\u0107, akceptacja, wsp\u00f3\u0142czucie, przebaczenie, bycie z cz\u0142owiekiem, a nie obok.<\/p>\n","protected":false},"excerpt":{"rendered":"<p>Dnia 28 kwietnia 2025 o godz. 18.00 w Bazylice Zwiastowania NMP odprawiona zosta\u0142a Msza \u015bw. w intencji papie\u017ca Franciszka, kt\u00f3ry dnia 21 kwietnia powr\u00f3ci\u0142 do Domu Ojca. Mszy \u015bw. przewodniczy\u0142 bp Rafic Nahra. W uroczysto\u015bci wzi\u0119\u0142y udzia\u0142 osoby \u017cycia konsekrowanego, licznie zgromadzeni kap\u0142ani oraz wierni z Nazaretu i okolic. W wyg\u0142oszonej homilii ks. Biskup przypomnia\u0142 [&hellip;]<\/p>\n","protected":false},"author":57,"featured_media":9980,"comment_status":"open","ping_status":"open","sticky":false,"template":"","format":"standard","meta":{"footnotes":""},"categories":[1],"tags":[],"_links":{"self":[{"href":"https:\/\/bonifratrzy.pl\/klasztor-nazaret\/wp-json\/wp\/v2\/posts\/9973"}],"collection":[{"href":"https:\/\/bonifratrzy.pl\/klasztor-nazaret\/wp-json\/wp\/v2\/posts"}],"about":[{"href":"https:\/\/bonifratrzy.pl\/klasztor-nazaret\/wp-json\/wp\/v2\/types\/post"}],"author":[{"embeddable":true,"href":"https:\/\/bonifratrzy.pl\/klasztor-nazaret\/wp-json\/wp\/v2\/users\/57"}],"replies":[{"embeddable":true,"href":"https:\/\/bonifratrzy.pl\/klasztor-nazaret\/wp-json\/wp\/v2\/comments?post=9973"}],"version-history":[{"count":16,"href":"https:\/\/bonifratrzy.pl\/klasztor-nazaret\/wp-json\/wp\/v2\/posts\/9973\/revisions"}],"predecessor-version":[{"id":9993,"href":"https:\/\/bonifratrzy.pl\/klasztor-nazaret\/wp-json\/wp\/v2\/posts\/9973\/revisions\/9993"}],"wp:featuredmedia":[{"embeddable":true,"href":"https:\/\/bonifratrzy.pl\/klasztor-nazaret\/wp-json\/wp\/v2\/media\/9980"}],"wp:attachment":[{"href":"https:\/\/bonifratrzy.pl\/klasztor-nazaret\/wp-json\/wp\/v2\/media?parent=9973"}],"wp:term":[{"taxonomy":"category","embeddable":true,"href":"https:\/\/bonifratrzy.pl\/klasztor-nazaret\/wp-json\/wp\/v2\/categories?post=9973"},{"taxonomy":"post_tag","embeddable":true,"href":"https:\/\/bonifratrzy.pl\/klasztor-nazaret\/wp-json\/wp\/v2\/tags?post=9973"}],"curies":[{"name":"wp","href":"https:\/\/api.w.org\/{rel}","templated":true}]}}