{"id":8996,"date":"2022-04-21T16:05:29","date_gmt":"2022-04-21T14:05:29","guid":{"rendered":"https:\/\/bonifratrzy.pl\/klasztor-nazaret\/?p=8996"},"modified":"2022-04-21T18:59:09","modified_gmt":"2022-04-21T16:59:09","slug":"pozegnanie-przeora-i-powitanie-prowincjala","status":"publish","type":"post","link":"https:\/\/bonifratrzy.pl\/klasztor-nazaret\/2022\/04\/21\/pozegnanie-przeora-i-powitanie-prowincjala\/","title":{"rendered":"Po\u017cegnanie przeora i powitanie prowincja\u0142a"},"content":{"rendered":"<p>21 kwietnia 2022 brat Franciszek Salezy Chmiel zako\u0144czy\u0142 pos\u0142ug\u0119 prze\u0142o\u017conego i r\u00f3wnolegle rozpocz\u0105\u0142 kadencj\u0119 prowincja\u0142a dla wsp\u00f3lnoty w Nazarecie. Otrzyma\u0142 serdeczno\u015bci od braci, si\u00f3str, pracownik\u00f3w, go\u015bci, Amazonek i Szefa Przyjaci\u00f3\u0142 Szpitala \u015aw. Rodziny. <strong>Pod koniec maja przyjedzie z br. Krzysztofem Fronczakiem, aby og\u0142osi\u0107 go nowym przeorem.\u00a0<\/strong><\/p>\n<p><!--more--><\/p>\n<p><a href=\"https:\/\/www.facebook.com\/156129288057625\/posts\/1695964614074077\/\">https:\/\/www.facebook.com\/156129288057625\/posts\/1695964614074077\/<\/a><\/p>\n<div class=\"wpmf-gallerys wpmf-gallerys-life \" ><div id=\"gallery-1\"\n data-gutter-width=\"5\"\n  data-wpmfcolumns=\"3\" class=\"wpmf-gallery gallery-link-file gallery_life gallery-masonry gallery-columns-3 gallery-size-medium wpmf-gallery-bottomspace-default wpmf-gallery-clear wpmf-has-border-radius-0 wpmf-gutterwidth-5\"><div class=\"wpmf-gallery-item\n     wpmf-gallery-item-position-0 wpmf-gallery-item-attachment-9013\" data-index=\"0\"><div class=\"wpmf-gallery-icon\"><a class=\" not_video noLightbox\" data-lightbox=\"1\" data-href=\"https:\/\/bonifratrzy.pl\/klasztor-nazaret\/wp-content\/uploads\/sites\/10\/2022\/04\/IMG-20220421-WA0004-2-1024x576.jpg\" title=\"IMG 20220421 WA0004\" target=\"_self\" data-index=\"0\"><img decoding=\"async\" class=\"wpmf_img\" alt=\"IMG 20220421 WA0004\" src=\"https:\/\/bonifratrzy.pl\/klasztor-nazaret\/wp-content\/uploads\/sites\/10\/2022\/04\/IMG-20220421-WA0004-2-300x169.jpg\" data-type=\"wpmfgalleryimg\" data-lazy-src=\"https:\/\/bonifratrzy.pl\/klasztor-nazaret\/wp-content\/uploads\/sites\/10\/2022\/04\/IMG-20220421-WA0004-2-300x169.jpg\"><\/a><\/div><\/div><div class=\"wpmf-gallery-item\n     wpmf-gallery-item-position-1 wpmf-gallery-item-attachment-9014\" data-index=\"1\"><div class=\"wpmf-gallery-icon\"><a class=\" not_video noLightbox\" data-lightbox=\"1\" data-href=\"https:\/\/bonifratrzy.pl\/klasztor-nazaret\/wp-content\/uploads\/sites\/10\/2022\/04\/IMG-20220421-WA0007-1-1024x576.jpg\" title=\"IMG 20220421 WA0007\" target=\"_self\" data-index=\"1\"><img decoding=\"async\" class=\"wpmf_img\" alt=\"IMG 20220421 WA0007\" src=\"https:\/\/bonifratrzy.pl\/klasztor-nazaret\/wp-content\/uploads\/sites\/10\/2022\/04\/IMG-20220421-WA0007-1-300x169.jpg\" data-type=\"wpmfgalleryimg\" data-lazy-src=\"https:\/\/bonifratrzy.pl\/klasztor-nazaret\/wp-content\/uploads\/sites\/10\/2022\/04\/IMG-20220421-WA0007-1-300x169.jpg\"><\/a><\/div><\/div><div class=\"wpmf-gallery-item\n     wpmf-gallery-item-position-2 wpmf-gallery-item-attachment-9015\" data-index=\"2\"><div class=\"wpmf-gallery-icon\"><a class=\" not_video noLightbox\" data-lightbox=\"1\" data-href=\"https:\/\/bonifratrzy.pl\/klasztor-nazaret\/wp-content\/uploads\/sites\/10\/2022\/04\/IMG-20220421-WA0008-1-1024x576.jpg\" title=\"IMG 20220421 WA0008\" target=\"_self\" data-index=\"2\"><img decoding=\"async\" class=\"wpmf_img\" alt=\"IMG 20220421 WA0008\" src=\"https:\/\/bonifratrzy.pl\/klasztor-nazaret\/wp-content\/uploads\/sites\/10\/2022\/04\/IMG-20220421-WA0008-1-300x169.jpg\" data-type=\"wpmfgalleryimg\" data-lazy-src=\"https:\/\/bonifratrzy.pl\/klasztor-nazaret\/wp-content\/uploads\/sites\/10\/2022\/04\/IMG-20220421-WA0008-1-300x169.jpg\"><\/a><\/div><\/div><div class=\"wpmf-gallery-item\n     wpmf-gallery-item-position-3 wpmf-gallery-item-attachment-9016\" data-index=\"3\"><div class=\"wpmf-gallery-icon\"><a class=\" not_video noLightbox\" data-lightbox=\"1\" data-href=\"https:\/\/bonifratrzy.pl\/klasztor-nazaret\/wp-content\/uploads\/sites\/10\/2022\/04\/IMG-20220421-WA0009-1-1024x576.jpg\" title=\"IMG 20220421 WA0009\" target=\"_self\" data-index=\"3\"><img decoding=\"async\" class=\"wpmf_img\" alt=\"IMG 20220421 WA0009\" src=\"https:\/\/bonifratrzy.pl\/klasztor-nazaret\/wp-content\/uploads\/sites\/10\/2022\/04\/IMG-20220421-WA0009-1-300x169.jpg\" data-type=\"wpmfgalleryimg\" data-lazy-src=\"https:\/\/bonifratrzy.pl\/klasztor-nazaret\/wp-content\/uploads\/sites\/10\/2022\/04\/IMG-20220421-WA0009-1-300x169.jpg\"><\/a><\/div><\/div><div class=\"wpmf-gallery-item\n     wpmf-gallery-item-position-4 wpmf-gallery-item-attachment-9017\" data-index=\"4\"><div class=\"wpmf-gallery-icon\"><a class=\" not_video noLightbox\" data-lightbox=\"1\" data-href=\"https:\/\/bonifratrzy.pl\/klasztor-nazaret\/wp-content\/uploads\/sites\/10\/2022\/04\/IMG-20220421-WA0010-1-1024x576.jpg\" title=\"IMG 20220421 WA0010\" target=\"_self\" data-index=\"4\"><img decoding=\"async\" class=\"wpmf_img\" alt=\"IMG 20220421 WA0010\" src=\"https:\/\/bonifratrzy.pl\/klasztor-nazaret\/wp-content\/uploads\/sites\/10\/2022\/04\/IMG-20220421-WA0010-1-300x169.jpg\" data-type=\"wpmfgalleryimg\" data-lazy-src=\"https:\/\/bonifratrzy.pl\/klasztor-nazaret\/wp-content\/uploads\/sites\/10\/2022\/04\/IMG-20220421-WA0010-1-300x169.jpg\"><\/a><\/div><\/div><div class=\"wpmf-gallery-item\n     wpmf-gallery-item-position-5 wpmf-gallery-item-attachment-9018\" data-index=\"5\"><div class=\"wpmf-gallery-icon\"><a class=\" not_video noLightbox\" data-lightbox=\"1\" data-href=\"https:\/\/bonifratrzy.pl\/klasztor-nazaret\/wp-content\/uploads\/sites\/10\/2022\/04\/IMG-20220421-WA0011-1.jpg\" title=\"IMG 20220421 WA0011\" target=\"_self\" data-index=\"5\"><img decoding=\"async\" class=\"wpmf_img\" alt=\"IMG 20220421 WA0011\" src=\"https:\/\/bonifratrzy.pl\/klasztor-nazaret\/wp-content\/uploads\/sites\/10\/2022\/04\/IMG-20220421-WA0011-1-300x169.jpg\" data-type=\"wpmfgalleryimg\" data-lazy-src=\"https:\/\/bonifratrzy.pl\/klasztor-nazaret\/wp-content\/uploads\/sites\/10\/2022\/04\/IMG-20220421-WA0011-1-300x169.jpg\"><\/a><\/div><\/div><div class=\"wpmf-gallery-item\n     wpmf-gallery-item-position-6 wpmf-gallery-item-attachment-9019\" data-index=\"6\"><div class=\"wpmf-gallery-icon\"><a class=\" not_video noLightbox\" data-lightbox=\"1\" data-href=\"https:\/\/bonifratrzy.pl\/klasztor-nazaret\/wp-content\/uploads\/sites\/10\/2022\/04\/IMG-20220421-WA0012-1.jpg\" title=\"IMG 20220421 WA0012\" target=\"_self\" data-index=\"6\"><img decoding=\"async\" class=\"wpmf_img\" alt=\"IMG 20220421 WA0012\" src=\"https:\/\/bonifratrzy.pl\/klasztor-nazaret\/wp-content\/uploads\/sites\/10\/2022\/04\/IMG-20220421-WA0012-1-300x169.jpg\" data-type=\"wpmfgalleryimg\" data-lazy-src=\"https:\/\/bonifratrzy.pl\/klasztor-nazaret\/wp-content\/uploads\/sites\/10\/2022\/04\/IMG-20220421-WA0012-1-300x169.jpg\"><\/a><\/div><\/div><div class=\"wpmf-gallery-item\n     wpmf-gallery-item-position-7 wpmf-gallery-item-attachment-9020\" data-index=\"7\"><div class=\"wpmf-gallery-icon\"><a class=\" not_video noLightbox\" data-lightbox=\"1\" data-href=\"https:\/\/bonifratrzy.pl\/klasztor-nazaret\/wp-content\/uploads\/sites\/10\/2022\/04\/IMG-20220421-WA0013-1.jpg\" title=\"IMG 20220421 WA0013\" target=\"_self\" data-index=\"7\"><img decoding=\"async\" class=\"wpmf_img\" alt=\"IMG 20220421 WA0013\" src=\"https:\/\/bonifratrzy.pl\/klasztor-nazaret\/wp-content\/uploads\/sites\/10\/2022\/04\/IMG-20220421-WA0013-1-300x168.jpg\" data-type=\"wpmfgalleryimg\" data-lazy-src=\"https:\/\/bonifratrzy.pl\/klasztor-nazaret\/wp-content\/uploads\/sites\/10\/2022\/04\/IMG-20220421-WA0013-1-300x168.jpg\"><\/a><\/div><\/div><div class=\"wpmf-gallery-item\n     wpmf-gallery-item-position-8 wpmf-gallery-item-attachment-9021\" data-index=\"8\"><div class=\"wpmf-gallery-icon\"><a class=\" not_video noLightbox\" data-lightbox=\"1\" data-href=\"https:\/\/bonifratrzy.pl\/klasztor-nazaret\/wp-content\/uploads\/sites\/10\/2022\/04\/IMG-20220421-WA0014-1-1024x575.jpg\" title=\"IMG 20220421 WA0014\" target=\"_self\" data-index=\"8\"><img decoding=\"async\" class=\"wpmf_img\" alt=\"IMG 20220421 WA0014\" src=\"https:\/\/bonifratrzy.pl\/klasztor-nazaret\/wp-content\/uploads\/sites\/10\/2022\/04\/IMG-20220421-WA0014-1-300x169.jpg\" data-type=\"wpmfgalleryimg\" data-lazy-src=\"https:\/\/bonifratrzy.pl\/klasztor-nazaret\/wp-content\/uploads\/sites\/10\/2022\/04\/IMG-20220421-WA0014-1-300x169.jpg\"><\/a><\/div><\/div><div class=\"wpmf-gallery-item\n     wpmf-gallery-item-position-9 wpmf-gallery-item-attachment-9022\" data-index=\"9\"><div class=\"wpmf-gallery-icon\"><a class=\" not_video noLightbox\" data-lightbox=\"1\" data-href=\"https:\/\/bonifratrzy.pl\/klasztor-nazaret\/wp-content\/uploads\/sites\/10\/2022\/04\/IMG-20220421-WA0015-1-1024x576.jpg\" title=\"IMG 20220421 WA0015\" target=\"_self\" data-index=\"9\"><img decoding=\"async\" class=\"wpmf_img\" alt=\"IMG 20220421 WA0015\" src=\"https:\/\/bonifratrzy.pl\/klasztor-nazaret\/wp-content\/uploads\/sites\/10\/2022\/04\/IMG-20220421-WA0015-1-300x169.jpg\" data-type=\"wpmfgalleryimg\" data-lazy-src=\"https:\/\/bonifratrzy.pl\/klasztor-nazaret\/wp-content\/uploads\/sites\/10\/2022\/04\/IMG-20220421-WA0015-1-300x169.jpg\"><\/a><\/div><\/div><div class=\"wpmf-gallery-item\n     wpmf-gallery-item-position-10 wpmf-gallery-item-attachment-9023\" data-index=\"10\"><div class=\"wpmf-gallery-icon\"><a class=\" not_video noLightbox\" data-lightbox=\"1\" data-href=\"https:\/\/bonifratrzy.pl\/klasztor-nazaret\/wp-content\/uploads\/sites\/10\/2022\/04\/IMG-20220421-WA0016-1-1024x575.jpg\" title=\"IMG 20220421 WA0016\" target=\"_self\" data-index=\"10\"><img decoding=\"async\" class=\"wpmf_img\" alt=\"IMG 20220421 WA0016\" src=\"https:\/\/bonifratrzy.pl\/klasztor-nazaret\/wp-content\/uploads\/sites\/10\/2022\/04\/IMG-20220421-WA0016-1-300x169.jpg\" data-type=\"wpmfgalleryimg\" data-lazy-src=\"https:\/\/bonifratrzy.pl\/klasztor-nazaret\/wp-content\/uploads\/sites\/10\/2022\/04\/IMG-20220421-WA0016-1-300x169.jpg\"><\/a><\/div><\/div><div class=\"wpmf-gallery-item\n     wpmf-gallery-item-position-11 wpmf-gallery-item-attachment-9024\" data-index=\"11\"><div class=\"wpmf-gallery-icon\"><a class=\" not_video noLightbox\" data-lightbox=\"1\" data-href=\"https:\/\/bonifratrzy.pl\/klasztor-nazaret\/wp-content\/uploads\/sites\/10\/2022\/04\/IMG-20220421-WA0017-1.jpg\" title=\"IMG 20220421 WA0017\" target=\"_self\" data-index=\"11\"><img decoding=\"async\" class=\"wpmf_img\" alt=\"IMG 20220421 WA0017\" src=\"https:\/\/bonifratrzy.pl\/klasztor-nazaret\/wp-content\/uploads\/sites\/10\/2022\/04\/IMG-20220421-WA0017-1-300x169.jpg\" data-type=\"wpmfgalleryimg\" data-lazy-src=\"https:\/\/bonifratrzy.pl\/klasztor-nazaret\/wp-content\/uploads\/sites\/10\/2022\/04\/IMG-20220421-WA0017-1-300x169.jpg\"><\/a><\/div><\/div><div class=\"wpmf-gallery-item\n     wpmf-gallery-item-position-12 wpmf-gallery-item-attachment-9025\" data-index=\"12\"><div class=\"wpmf-gallery-icon\"><a class=\" not_video noLightbox\" data-lightbox=\"1\" data-href=\"https:\/\/bonifratrzy.pl\/klasztor-nazaret\/wp-content\/uploads\/sites\/10\/2022\/04\/IMG-20220421-WA0018-1-1024x575.jpg\" title=\"IMG 20220421 WA0018\" target=\"_self\" data-index=\"12\"><img decoding=\"async\" class=\"wpmf_img\" alt=\"IMG 20220421 WA0018\" src=\"https:\/\/bonifratrzy.pl\/klasztor-nazaret\/wp-content\/uploads\/sites\/10\/2022\/04\/IMG-20220421-WA0018-1-300x169.jpg\" data-type=\"wpmfgalleryimg\" data-lazy-src=\"https:\/\/bonifratrzy.pl\/klasztor-nazaret\/wp-content\/uploads\/sites\/10\/2022\/04\/IMG-20220421-WA0018-1-300x169.jpg\"><\/a><\/div><\/div><div class=\"wpmf-gallery-item\n     wpmf-gallery-item-position-13 wpmf-gallery-item-attachment-9026\" data-index=\"13\"><div class=\"wpmf-gallery-icon\"><a class=\" not_video noLightbox\" data-lightbox=\"1\" data-href=\"https:\/\/bonifratrzy.pl\/klasztor-nazaret\/wp-content\/uploads\/sites\/10\/2022\/04\/IMG-20220421-WA0019-1-1024x576.jpg\" title=\"IMG 20220421 WA0019\" target=\"_self\" data-index=\"13\"><img decoding=\"async\" class=\"wpmf_img\" alt=\"IMG 20220421 WA0019\" src=\"https:\/\/bonifratrzy.pl\/klasztor-nazaret\/wp-content\/uploads\/sites\/10\/2022\/04\/IMG-20220421-WA0019-1-300x169.jpg\" data-type=\"wpmfgalleryimg\" data-lazy-src=\"https:\/\/bonifratrzy.pl\/klasztor-nazaret\/wp-content\/uploads\/sites\/10\/2022\/04\/IMG-20220421-WA0019-1-300x169.jpg\"><\/a><\/div><\/div><div class=\"wpmf-gallery-item\n     wpmf-gallery-item-position-14 wpmf-gallery-item-attachment-9027\" data-index=\"14\"><div class=\"wpmf-gallery-icon\"><a class=\" not_video noLightbox\" data-lightbox=\"1\" data-href=\"https:\/\/bonifratrzy.pl\/klasztor-nazaret\/wp-content\/uploads\/sites\/10\/2022\/04\/IMG-20220421-WA0020-1-1024x577.jpg\" title=\"IMG 20220421 WA0020\" target=\"_self\" data-index=\"14\"><img decoding=\"async\" class=\"wpmf_img\" alt=\"IMG 20220421 WA0020\" src=\"https:\/\/bonifratrzy.pl\/klasztor-nazaret\/wp-content\/uploads\/sites\/10\/2022\/04\/IMG-20220421-WA0020-1-300x169.jpg\" data-type=\"wpmfgalleryimg\" data-lazy-src=\"https:\/\/bonifratrzy.pl\/klasztor-nazaret\/wp-content\/uploads\/sites\/10\/2022\/04\/IMG-20220421-WA0020-1-300x169.jpg\"><\/a><\/div><\/div><\/div><\/div>\n\n","protected":false},"excerpt":{"rendered":"<p>21 kwietnia 2022 brat Franciszek Salezy Chmiel zako\u0144czy\u0142 pos\u0142ug\u0119 prze\u0142o\u017conego i r\u00f3wnolegle rozpocz\u0105\u0142 kadencj\u0119 prowincja\u0142a dla wsp\u00f3lnoty w Nazarecie. Otrzyma\u0142 serdeczno\u015bci od braci, si\u00f3str, pracownik\u00f3w, go\u015bci, Amazonek i Szefa Przyjaci\u00f3\u0142 Szpitala \u015aw. Rodziny. Pod koniec maja przyjedzie z br. Krzysztofem Fronczakiem, aby og\u0142osi\u0107 go nowym przeorem.\u00a0<\/p>\n","protected":false},"author":57,"featured_media":9014,"comment_status":"open","ping_status":"open","sticky":false,"template":"","format":"standard","meta":{"footnotes":""},"categories":[1],"tags":[],"_links":{"self":[{"href":"https:\/\/bonifratrzy.pl\/klasztor-nazaret\/wp-json\/wp\/v2\/posts\/8996"}],"collection":[{"href":"https:\/\/bonifratrzy.pl\/klasztor-nazaret\/wp-json\/wp\/v2\/posts"}],"about":[{"href":"https:\/\/bonifratrzy.pl\/klasztor-nazaret\/wp-json\/wp\/v2\/types\/post"}],"author":[{"embeddable":true,"href":"https:\/\/bonifratrzy.pl\/klasztor-nazaret\/wp-json\/wp\/v2\/users\/57"}],"replies":[{"embeddable":true,"href":"https:\/\/bonifratrzy.pl\/klasztor-nazaret\/wp-json\/wp\/v2\/comments?post=8996"}],"version-history":[{"count":5,"href":"https:\/\/bonifratrzy.pl\/klasztor-nazaret\/wp-json\/wp\/v2\/posts\/8996\/revisions"}],"predecessor-version":[{"id":9031,"href":"https:\/\/bonifratrzy.pl\/klasztor-nazaret\/wp-json\/wp\/v2\/posts\/8996\/revisions\/9031"}],"wp:featuredmedia":[{"embeddable":true,"href":"https:\/\/bonifratrzy.pl\/klasztor-nazaret\/wp-json\/wp\/v2\/media\/9014"}],"wp:attachment":[{"href":"https:\/\/bonifratrzy.pl\/klasztor-nazaret\/wp-json\/wp\/v2\/media?parent=8996"}],"wp:term":[{"taxonomy":"category","embeddable":true,"href":"https:\/\/bonifratrzy.pl\/klasztor-nazaret\/wp-json\/wp\/v2\/categories?post=8996"},{"taxonomy":"post_tag","embeddable":true,"href":"https:\/\/bonifratrzy.pl\/klasztor-nazaret\/wp-json\/wp\/v2\/tags?post=8996"}],"curies":[{"name":"wp","href":"https:\/\/api.w.org\/{rel}","templated":true}]}}