{"id":7919,"date":"2021-11-09T11:56:24","date_gmt":"2021-11-09T10:56:24","guid":{"rendered":"https:\/\/bonifratrzy.pl\/klasztor-nazaret\/?p=7919"},"modified":"2021-11-09T11:57:19","modified_gmt":"2021-11-09T10:57:19","slug":"intensywna-terapia-przeciwkowidowa-konczy-prace-w-listopadzie","status":"publish","type":"post","link":"https:\/\/bonifratrzy.pl\/klasztor-nazaret\/2021\/11\/09\/intensywna-terapia-przeciwkowidowa-konczy-prace-w-listopadzie\/","title":{"rendered":"Intensywna terapia przeciwcovidowa ko\u0144czy prac\u0119 w listopadzie"},"content":{"rendered":"<p>Od listopada 2021 po ponad 3 miesi\u0105cach pracy zamykamy oddzia\u0142 covidowy. Od tygodnia nie tam ci\u0119\u017cko chorych pacjent\u00f3w z Covid-19. Kontynuujemy prace przy uruchomieniu 52-\u0142\u00f3\u017ckowego oddzia\u0142u dla pacjent\u00f3w zara\u017conych. W Izraelu sytuacja zaka\u017ana jest stabilna, wyst\u0119puje oko\u0142o 500 zaka\u017ce\u0144 dziennie.<!--more--><\/p>\n<div class=\"wpmf-gallerys wpmf-gallerys-life \" ><div id=\"gallery-1\"\n data-gutter-width=\"5\"\n  data-wpmfcolumns=\"3\" class=\"wpmf-gallery gallery-link-file gallery_life gallery-masonry gallery-columns-3 gallery-size-medium wpmf-gallery-bottomspace-default wpmf-gallery-clear wpmf-has-border-radius-0 wpmf-gutterwidth-5\"><div class=\"wpmf-gallery-item\n     wpmf-gallery-item-position-0 wpmf-gallery-item-attachment-7920\" data-index=\"0\"><div class=\"wpmf-gallery-icon\"><a class=\" not_video noLightbox\" data-lightbox=\"1\" data-href=\"https:\/\/bonifratrzy.pl\/klasztor-nazaret\/wp-content\/uploads\/sites\/10\/2021\/11\/IMG-20211109-WA0002.jpg\" title=\"IMG 20211109 WA0002\" target=\"_self\" data-index=\"0\"><img decoding=\"async\" class=\"wpmf_img\" alt=\"IMG 20211109 WA0002\" src=\"https:\/\/bonifratrzy.pl\/klasztor-nazaret\/wp-content\/uploads\/sites\/10\/2021\/11\/IMG-20211109-WA0002-300x140.jpg\" data-type=\"wpmfgalleryimg\" data-lazy-src=\"https:\/\/bonifratrzy.pl\/klasztor-nazaret\/wp-content\/uploads\/sites\/10\/2021\/11\/IMG-20211109-WA0002-300x140.jpg\"><\/a><\/div><\/div><\/div><\/div>\n\n","protected":false},"excerpt":{"rendered":"<p>Od listopada 2021 po ponad 3 miesi\u0105cach pracy zamykamy oddzia\u0142 covidowy. Od tygodnia nie tam ci\u0119\u017cko chorych pacjent\u00f3w z Covid-19. Kontynuujemy prace przy uruchomieniu 52-\u0142\u00f3\u017ckowego oddzia\u0142u dla pacjent\u00f3w zara\u017conych. W Izraelu sytuacja zaka\u017ana jest stabilna, wyst\u0119puje oko\u0142o 500 zaka\u017ce\u0144 dziennie.<\/p>\n","protected":false},"author":57,"featured_media":7920,"comment_status":"open","ping_status":"open","sticky":false,"template":"","format":"standard","meta":{"footnotes":""},"categories":[1],"tags":[],"_links":{"self":[{"href":"https:\/\/bonifratrzy.pl\/klasztor-nazaret\/wp-json\/wp\/v2\/posts\/7919"}],"collection":[{"href":"https:\/\/bonifratrzy.pl\/klasztor-nazaret\/wp-json\/wp\/v2\/posts"}],"about":[{"href":"https:\/\/bonifratrzy.pl\/klasztor-nazaret\/wp-json\/wp\/v2\/types\/post"}],"author":[{"embeddable":true,"href":"https:\/\/bonifratrzy.pl\/klasztor-nazaret\/wp-json\/wp\/v2\/users\/57"}],"replies":[{"embeddable":true,"href":"https:\/\/bonifratrzy.pl\/klasztor-nazaret\/wp-json\/wp\/v2\/comments?post=7919"}],"version-history":[{"count":2,"href":"https:\/\/bonifratrzy.pl\/klasztor-nazaret\/wp-json\/wp\/v2\/posts\/7919\/revisions"}],"predecessor-version":[{"id":7922,"href":"https:\/\/bonifratrzy.pl\/klasztor-nazaret\/wp-json\/wp\/v2\/posts\/7919\/revisions\/7922"}],"wp:featuredmedia":[{"embeddable":true,"href":"https:\/\/bonifratrzy.pl\/klasztor-nazaret\/wp-json\/wp\/v2\/media\/7920"}],"wp:attachment":[{"href":"https:\/\/bonifratrzy.pl\/klasztor-nazaret\/wp-json\/wp\/v2\/media?parent=7919"}],"wp:term":[{"taxonomy":"category","embeddable":true,"href":"https:\/\/bonifratrzy.pl\/klasztor-nazaret\/wp-json\/wp\/v2\/categories?post=7919"},{"taxonomy":"post_tag","embeddable":true,"href":"https:\/\/bonifratrzy.pl\/klasztor-nazaret\/wp-json\/wp\/v2\/tags?post=7919"}],"curies":[{"name":"wp","href":"https:\/\/api.w.org\/{rel}","templated":true}]}}