{"id":7578,"date":"2021-09-11T18:31:26","date_gmt":"2021-09-11T16:31:26","guid":{"rendered":"https:\/\/bonifratrzy.pl\/klasztor-nazaret\/?p=7578"},"modified":"2021-09-12T16:29:34","modified_gmt":"2021-09-12T14:29:34","slug":"pani-izis-wydala-za-maz-corke","status":"publish","type":"post","link":"https:\/\/bonifratrzy.pl\/klasztor-nazaret\/2021\/09\/11\/pani-izis-wydala-za-maz-corke\/","title":{"rendered":"Pani Izis wyda\u0142a za m\u0105\u017c c\u00f3rk\u0119"},"content":{"rendered":"<p>W sobot\u0119 w ko\u015bciele maronickim Zwiastowania NMP, Jara i Wasim powiedzieli sobie sakramentalne TAK. Wieloletnia kierowniczka biura dyrekcji &#8211; pani Izis zaprosi\u0142a do wsp\u00f3lnej modlitwy siostry i braci. M\u0142odzi po miesi\u0105cu miodowym zamieszkaj\u0105 na sta\u0142e w Niemczech, gdzie od kilku lat studiowa\u0142 i pracuje Wasim. Szcz\u0119\u015b\u0107 IM, Bo\u017ce, na nowej drodze \u017cycia.<!--more--><\/p>\n<div class=\"wpmf-gallerys wpmf-gallerys-life \" ><div id=\"gallery-1\"\n data-gutter-width=\"5\"\n  data-wpmfcolumns=\"3\" class=\"wpmf-gallery gallery-link-file gallery_life gallery-masonry gallery-columns-3 gallery-size-medium wpmf-gallery-bottomspace-default wpmf-gallery-clear wpmf-has-border-radius-0 wpmf-gutterwidth-5\"><div class=\"wpmf-gallery-item\n     wpmf-gallery-item-position-0 wpmf-gallery-item-attachment-7580\" data-index=\"0\"><div class=\"wpmf-gallery-icon\"><a class=\" not_video noLightbox\" data-lightbox=\"1\" data-href=\"https:\/\/bonifratrzy.pl\/klasztor-nazaret\/wp-content\/uploads\/sites\/10\/2021\/09\/IMG-20210911-WA0012-1024x490.jpg\" title=\"IMG 20210911 WA0012\" target=\"_self\" data-index=\"0\"><img decoding=\"async\" class=\"wpmf_img\" alt=\"IMG 20210911 WA0012\" src=\"https:\/\/bonifratrzy.pl\/klasztor-nazaret\/wp-content\/uploads\/sites\/10\/2021\/09\/IMG-20210911-WA0012-300x144.jpg\" data-type=\"wpmfgalleryimg\" data-lazy-src=\"https:\/\/bonifratrzy.pl\/klasztor-nazaret\/wp-content\/uploads\/sites\/10\/2021\/09\/IMG-20210911-WA0012-300x144.jpg\"><\/a><\/div><\/div><div class=\"wpmf-gallery-item\n     wpmf-gallery-item-position-1 wpmf-gallery-item-attachment-7581\" data-index=\"1\"><div class=\"wpmf-gallery-icon\"><a class=\" not_video noLightbox\" data-lightbox=\"1\" data-href=\"https:\/\/bonifratrzy.pl\/klasztor-nazaret\/wp-content\/uploads\/sites\/10\/2021\/09\/IMG-20210911-WA0013-1024x497.jpg\" title=\"IMG 20210911 WA0013\" target=\"_self\" data-index=\"1\"><img decoding=\"async\" class=\"wpmf_img\" alt=\"IMG 20210911 WA0013\" src=\"https:\/\/bonifratrzy.pl\/klasztor-nazaret\/wp-content\/uploads\/sites\/10\/2021\/09\/IMG-20210911-WA0013-300x146.jpg\" data-type=\"wpmfgalleryimg\" data-lazy-src=\"https:\/\/bonifratrzy.pl\/klasztor-nazaret\/wp-content\/uploads\/sites\/10\/2021\/09\/IMG-20210911-WA0013-300x146.jpg\"><\/a><\/div><\/div><div class=\"wpmf-gallery-item\n     wpmf-gallery-item-position-2 wpmf-gallery-item-attachment-7582\" data-index=\"2\"><div class=\"wpmf-gallery-icon\"><a class=\" not_video noLightbox\" data-lightbox=\"1\" data-href=\"https:\/\/bonifratrzy.pl\/klasztor-nazaret\/wp-content\/uploads\/sites\/10\/2021\/09\/IMG-20210911-WA0014-1024x497.jpg\" title=\"IMG 20210911 WA0014\" target=\"_self\" data-index=\"2\"><img decoding=\"async\" class=\"wpmf_img\" alt=\"IMG 20210911 WA0014\" src=\"https:\/\/bonifratrzy.pl\/klasztor-nazaret\/wp-content\/uploads\/sites\/10\/2021\/09\/IMG-20210911-WA0014-300x146.jpg\" data-type=\"wpmfgalleryimg\" data-lazy-src=\"https:\/\/bonifratrzy.pl\/klasztor-nazaret\/wp-content\/uploads\/sites\/10\/2021\/09\/IMG-20210911-WA0014-300x146.jpg\"><\/a><\/div><\/div><div class=\"wpmf-gallery-item\n     wpmf-gallery-item-position-3 wpmf-gallery-item-attachment-7583\" data-index=\"3\"><div class=\"wpmf-gallery-icon\"><a class=\" not_video noLightbox\" data-lightbox=\"1\" data-href=\"https:\/\/bonifratrzy.pl\/klasztor-nazaret\/wp-content\/uploads\/sites\/10\/2021\/09\/IMG-20210911-WA0015-1024x497.jpg\" title=\"IMG 20210911 WA0015\" target=\"_self\" data-index=\"3\"><img decoding=\"async\" class=\"wpmf_img\" alt=\"IMG 20210911 WA0015\" src=\"https:\/\/bonifratrzy.pl\/klasztor-nazaret\/wp-content\/uploads\/sites\/10\/2021\/09\/IMG-20210911-WA0015-300x146.jpg\" data-type=\"wpmfgalleryimg\" data-lazy-src=\"https:\/\/bonifratrzy.pl\/klasztor-nazaret\/wp-content\/uploads\/sites\/10\/2021\/09\/IMG-20210911-WA0015-300x146.jpg\"><\/a><\/div><\/div><div class=\"wpmf-gallery-item\n     wpmf-gallery-item-position-4 wpmf-gallery-item-attachment-7584\" data-index=\"4\"><div class=\"wpmf-gallery-icon\"><a class=\" not_video noLightbox\" data-lightbox=\"1\" data-href=\"https:\/\/bonifratrzy.pl\/klasztor-nazaret\/wp-content\/uploads\/sites\/10\/2021\/09\/IMG-20210911-WA0016-1024x497.jpg\" title=\"IMG 20210911 WA0016\" target=\"_self\" data-index=\"4\"><img decoding=\"async\" class=\"wpmf_img\" alt=\"IMG 20210911 WA0016\" src=\"https:\/\/bonifratrzy.pl\/klasztor-nazaret\/wp-content\/uploads\/sites\/10\/2021\/09\/IMG-20210911-WA0016-300x146.jpg\" data-type=\"wpmfgalleryimg\" data-lazy-src=\"https:\/\/bonifratrzy.pl\/klasztor-nazaret\/wp-content\/uploads\/sites\/10\/2021\/09\/IMG-20210911-WA0016-300x146.jpg\"><\/a><\/div><\/div><div class=\"wpmf-gallery-item\n     wpmf-gallery-item-position-5 wpmf-gallery-item-attachment-7585\" data-index=\"5\"><div class=\"wpmf-gallery-icon\"><a class=\" not_video noLightbox\" data-lightbox=\"1\" data-href=\"https:\/\/bonifratrzy.pl\/klasztor-nazaret\/wp-content\/uploads\/sites\/10\/2021\/09\/IMG-20210911-WA0017-1024x497.jpg\" title=\"IMG 20210911 WA0017\" target=\"_self\" data-index=\"5\"><img decoding=\"async\" class=\"wpmf_img\" alt=\"IMG 20210911 WA0017\" src=\"https:\/\/bonifratrzy.pl\/klasztor-nazaret\/wp-content\/uploads\/sites\/10\/2021\/09\/IMG-20210911-WA0017-300x146.jpg\" data-type=\"wpmfgalleryimg\" data-lazy-src=\"https:\/\/bonifratrzy.pl\/klasztor-nazaret\/wp-content\/uploads\/sites\/10\/2021\/09\/IMG-20210911-WA0017-300x146.jpg\"><\/a><\/div><\/div><div class=\"wpmf-gallery-item\n     wpmf-gallery-item-position-6 wpmf-gallery-item-attachment-7586\" data-index=\"6\"><div class=\"wpmf-gallery-icon\"><a class=\" not_video noLightbox\" data-lightbox=\"1\" data-href=\"https:\/\/bonifratrzy.pl\/klasztor-nazaret\/wp-content\/uploads\/sites\/10\/2021\/09\/IMG-20210911-WA0018-1024x497.jpg\" title=\"IMG 20210911 WA0018\" target=\"_self\" data-index=\"6\"><img decoding=\"async\" class=\"wpmf_img\" alt=\"IMG 20210911 WA0018\" src=\"https:\/\/bonifratrzy.pl\/klasztor-nazaret\/wp-content\/uploads\/sites\/10\/2021\/09\/IMG-20210911-WA0018-300x146.jpg\" data-type=\"wpmfgalleryimg\" data-lazy-src=\"https:\/\/bonifratrzy.pl\/klasztor-nazaret\/wp-content\/uploads\/sites\/10\/2021\/09\/IMG-20210911-WA0018-300x146.jpg\"><\/a><\/div><\/div><div class=\"wpmf-gallery-item\n     wpmf-gallery-item-position-7 wpmf-gallery-item-attachment-7587\" data-index=\"7\"><div class=\"wpmf-gallery-icon\"><a class=\" not_video noLightbox\" data-lightbox=\"1\" data-href=\"https:\/\/bonifratrzy.pl\/klasztor-nazaret\/wp-content\/uploads\/sites\/10\/2021\/09\/IMG-20210911-WA0019-1024x485.jpg\" title=\"IMG 20210911 WA0019\" target=\"_self\" data-index=\"7\"><img decoding=\"async\" class=\"wpmf_img\" alt=\"IMG 20210911 WA0019\" src=\"https:\/\/bonifratrzy.pl\/klasztor-nazaret\/wp-content\/uploads\/sites\/10\/2021\/09\/IMG-20210911-WA0019-300x142.jpg\" data-type=\"wpmfgalleryimg\" data-lazy-src=\"https:\/\/bonifratrzy.pl\/klasztor-nazaret\/wp-content\/uploads\/sites\/10\/2021\/09\/IMG-20210911-WA0019-300x142.jpg\"><\/a><\/div><\/div><div class=\"wpmf-gallery-item\n     wpmf-gallery-item-position-8 wpmf-gallery-item-attachment-7590\" data-index=\"8\"><div class=\"wpmf-gallery-icon\"><a class=\" not_video noLightbox\" data-lightbox=\"1\" data-href=\"https:\/\/bonifratrzy.pl\/klasztor-nazaret\/wp-content\/uploads\/sites\/10\/2021\/09\/IMG-20210911-WA0020-1024x497.jpg\" title=\"IMG 20210911 WA0020\" target=\"_self\" data-index=\"8\"><img decoding=\"async\" class=\"wpmf_img\" alt=\"IMG 20210911 WA0020\" src=\"https:\/\/bonifratrzy.pl\/klasztor-nazaret\/wp-content\/uploads\/sites\/10\/2021\/09\/IMG-20210911-WA0020-300x146.jpg\" data-type=\"wpmfgalleryimg\" data-lazy-src=\"https:\/\/bonifratrzy.pl\/klasztor-nazaret\/wp-content\/uploads\/sites\/10\/2021\/09\/IMG-20210911-WA0020-300x146.jpg\"><\/a><\/div><\/div><div class=\"wpmf-gallery-item\n     wpmf-gallery-item-position-9 wpmf-gallery-item-attachment-7591\" data-index=\"9\"><div class=\"wpmf-gallery-icon\"><a class=\" not_video noLightbox\" data-lightbox=\"1\" data-href=\"https:\/\/bonifratrzy.pl\/klasztor-nazaret\/wp-content\/uploads\/sites\/10\/2021\/09\/IMG-20210911-WA0021-1024x499.jpg\" title=\"IMG 20210911 WA0021\" target=\"_self\" data-index=\"9\"><img decoding=\"async\" class=\"wpmf_img\" alt=\"IMG 20210911 WA0021\" src=\"https:\/\/bonifratrzy.pl\/klasztor-nazaret\/wp-content\/uploads\/sites\/10\/2021\/09\/IMG-20210911-WA0021-300x146.jpg\" data-type=\"wpmfgalleryimg\" data-lazy-src=\"https:\/\/bonifratrzy.pl\/klasztor-nazaret\/wp-content\/uploads\/sites\/10\/2021\/09\/IMG-20210911-WA0021-300x146.jpg\"><\/a><\/div><\/div><div class=\"wpmf-gallery-item\n     wpmf-gallery-item-position-10 wpmf-gallery-item-attachment-7592\" data-index=\"10\"><div class=\"wpmf-gallery-icon\"><a class=\" not_video noLightbox\" data-lightbox=\"1\" data-href=\"https:\/\/bonifratrzy.pl\/klasztor-nazaret\/wp-content\/uploads\/sites\/10\/2021\/09\/IMG-20210911-WA0022-1024x497.jpg\" title=\"IMG 20210911 WA0022\" target=\"_self\" data-index=\"10\"><img decoding=\"async\" class=\"wpmf_img\" alt=\"IMG 20210911 WA0022\" src=\"https:\/\/bonifratrzy.pl\/klasztor-nazaret\/wp-content\/uploads\/sites\/10\/2021\/09\/IMG-20210911-WA0022-300x146.jpg\" data-type=\"wpmfgalleryimg\" data-lazy-src=\"https:\/\/bonifratrzy.pl\/klasztor-nazaret\/wp-content\/uploads\/sites\/10\/2021\/09\/IMG-20210911-WA0022-300x146.jpg\"><\/a><\/div><\/div><div class=\"wpmf-gallery-item\n     wpmf-gallery-item-position-11 wpmf-gallery-item-attachment-7593\" data-index=\"11\"><div class=\"wpmf-gallery-icon\"><a class=\" not_video noLightbox\" data-lightbox=\"1\" data-href=\"https:\/\/bonifratrzy.pl\/klasztor-nazaret\/wp-content\/uploads\/sites\/10\/2021\/09\/IMG-20210911-WA0023-1024x497.jpg\" title=\"IMG 20210911 WA0023\" target=\"_self\" data-index=\"11\"><img decoding=\"async\" class=\"wpmf_img\" alt=\"IMG 20210911 WA0023\" src=\"https:\/\/bonifratrzy.pl\/klasztor-nazaret\/wp-content\/uploads\/sites\/10\/2021\/09\/IMG-20210911-WA0023-300x146.jpg\" data-type=\"wpmfgalleryimg\" data-lazy-src=\"https:\/\/bonifratrzy.pl\/klasztor-nazaret\/wp-content\/uploads\/sites\/10\/2021\/09\/IMG-20210911-WA0023-300x146.jpg\"><\/a><\/div><\/div><div class=\"wpmf-gallery-item\n     wpmf-gallery-item-position-12 wpmf-gallery-item-attachment-7594\" data-index=\"12\"><div class=\"wpmf-gallery-icon\"><a class=\" not_video noLightbox\" data-lightbox=\"1\" data-href=\"https:\/\/bonifratrzy.pl\/klasztor-nazaret\/wp-content\/uploads\/sites\/10\/2021\/09\/IMG-20210911-WA0024-1024x497.jpg\" title=\"IMG 20210911 WA0024\" target=\"_self\" data-index=\"12\"><img decoding=\"async\" class=\"wpmf_img\" alt=\"IMG 20210911 WA0024\" src=\"https:\/\/bonifratrzy.pl\/klasztor-nazaret\/wp-content\/uploads\/sites\/10\/2021\/09\/IMG-20210911-WA0024-300x146.jpg\" data-type=\"wpmfgalleryimg\" data-lazy-src=\"https:\/\/bonifratrzy.pl\/klasztor-nazaret\/wp-content\/uploads\/sites\/10\/2021\/09\/IMG-20210911-WA0024-300x146.jpg\"><\/a><\/div><\/div><div class=\"wpmf-gallery-item\n     wpmf-gallery-item-position-13 wpmf-gallery-item-attachment-7595\" data-index=\"13\"><div class=\"wpmf-gallery-icon\"><a class=\" not_video noLightbox\" data-lightbox=\"1\" data-href=\"https:\/\/bonifratrzy.pl\/klasztor-nazaret\/wp-content\/uploads\/sites\/10\/2021\/09\/IMG-20210911-WA0025-1024x497.jpg\" title=\"IMG 20210911 WA0025\" target=\"_self\" data-index=\"13\"><img decoding=\"async\" class=\"wpmf_img\" alt=\"IMG 20210911 WA0025\" src=\"https:\/\/bonifratrzy.pl\/klasztor-nazaret\/wp-content\/uploads\/sites\/10\/2021\/09\/IMG-20210911-WA0025-300x146.jpg\" data-type=\"wpmfgalleryimg\" data-lazy-src=\"https:\/\/bonifratrzy.pl\/klasztor-nazaret\/wp-content\/uploads\/sites\/10\/2021\/09\/IMG-20210911-WA0025-300x146.jpg\"><\/a><\/div><\/div><div class=\"wpmf-gallery-item\n     wpmf-gallery-item-position-14 wpmf-gallery-item-attachment-7596\" data-index=\"14\"><div class=\"wpmf-gallery-icon\"><a class=\" not_video noLightbox\" data-lightbox=\"1\" data-href=\"https:\/\/bonifratrzy.pl\/klasztor-nazaret\/wp-content\/uploads\/sites\/10\/2021\/09\/IMG-20210911-WA0026-1024x497.jpg\" title=\"IMG 20210911 WA0026\" target=\"_self\" data-index=\"14\"><img decoding=\"async\" class=\"wpmf_img\" alt=\"IMG 20210911 WA0026\" src=\"https:\/\/bonifratrzy.pl\/klasztor-nazaret\/wp-content\/uploads\/sites\/10\/2021\/09\/IMG-20210911-WA0026-300x146.jpg\" data-type=\"wpmfgalleryimg\" data-lazy-src=\"https:\/\/bonifratrzy.pl\/klasztor-nazaret\/wp-content\/uploads\/sites\/10\/2021\/09\/IMG-20210911-WA0026-300x146.jpg\"><\/a><\/div><\/div><\/div><\/div>\n\n<div style=\"width: 640px;\" class=\"wp-video\"><!--[if lt IE 9]><script>document.createElement('video');<\/script><![endif]-->\n<video class=\"wp-video-shortcode\" id=\"video-7578-1\" width=\"640\" height=\"352\" preload=\"metadata\" controls=\"controls\"><source type=\"video\/mp4\" src=\"https:\/\/bonifratrzy.pl\/klasztor-nazaret\/wp-content\/uploads\/sites\/10\/2021\/09\/VID-20210911-WA0035.mp4?_=1\" \/><a href=\"https:\/\/bonifratrzy.pl\/klasztor-nazaret\/wp-content\/uploads\/sites\/10\/2021\/09\/VID-20210911-WA0035.mp4\">https:\/\/bonifratrzy.pl\/klasztor-nazaret\/wp-content\/uploads\/sites\/10\/2021\/09\/VID-20210911-WA0035.mp4<\/a><\/video><\/div>\n<div style=\"width: 640px;\" class=\"wp-video\"><video class=\"wp-video-shortcode\" id=\"video-7578-2\" width=\"640\" height=\"352\" preload=\"metadata\" controls=\"controls\"><source type=\"video\/mp4\" src=\"https:\/\/bonifratrzy.pl\/klasztor-nazaret\/wp-content\/uploads\/sites\/10\/2021\/09\/VID-20210911-WA0037.mp4?_=2\" \/><a href=\"https:\/\/bonifratrzy.pl\/klasztor-nazaret\/wp-content\/uploads\/sites\/10\/2021\/09\/VID-20210911-WA0037.mp4\">https:\/\/bonifratrzy.pl\/klasztor-nazaret\/wp-content\/uploads\/sites\/10\/2021\/09\/VID-20210911-WA0037.mp4<\/a><\/video><\/div>\n","protected":false},"excerpt":{"rendered":"<p>W sobot\u0119 w ko\u015bciele maronickim Zwiastowania NMP, Jara i Wasim powiedzieli sobie sakramentalne TAK. Wieloletnia kierowniczka biura dyrekcji &#8211; pani Izis zaprosi\u0142a do wsp\u00f3lnej modlitwy siostry i braci. M\u0142odzi po miesi\u0105cu miodowym zamieszkaj\u0105 na sta\u0142e w Niemczech, gdzie od kilku lat studiowa\u0142 i pracuje Wasim. Szcz\u0119\u015b\u0107 IM, Bo\u017ce, na nowej drodze \u017cycia.<\/p>\n","protected":false},"author":57,"featured_media":7580,"comment_status":"open","ping_status":"open","sticky":false,"template":"","format":"standard","meta":{"footnotes":""},"categories":[1],"tags":[],"_links":{"self":[{"href":"https:\/\/bonifratrzy.pl\/klasztor-nazaret\/wp-json\/wp\/v2\/posts\/7578"}],"collection":[{"href":"https:\/\/bonifratrzy.pl\/klasztor-nazaret\/wp-json\/wp\/v2\/posts"}],"about":[{"href":"https:\/\/bonifratrzy.pl\/klasztor-nazaret\/wp-json\/wp\/v2\/types\/post"}],"author":[{"embeddable":true,"href":"https:\/\/bonifratrzy.pl\/klasztor-nazaret\/wp-json\/wp\/v2\/users\/57"}],"replies":[{"embeddable":true,"href":"https:\/\/bonifratrzy.pl\/klasztor-nazaret\/wp-json\/wp\/v2\/comments?post=7578"}],"version-history":[{"count":5,"href":"https:\/\/bonifratrzy.pl\/klasztor-nazaret\/wp-json\/wp\/v2\/posts\/7578\/revisions"}],"predecessor-version":[{"id":7617,"href":"https:\/\/bonifratrzy.pl\/klasztor-nazaret\/wp-json\/wp\/v2\/posts\/7578\/revisions\/7617"}],"wp:featuredmedia":[{"embeddable":true,"href":"https:\/\/bonifratrzy.pl\/klasztor-nazaret\/wp-json\/wp\/v2\/media\/7580"}],"wp:attachment":[{"href":"https:\/\/bonifratrzy.pl\/klasztor-nazaret\/wp-json\/wp\/v2\/media?parent=7578"}],"wp:term":[{"taxonomy":"category","embeddable":true,"href":"https:\/\/bonifratrzy.pl\/klasztor-nazaret\/wp-json\/wp\/v2\/categories?post=7578"},{"taxonomy":"post_tag","embeddable":true,"href":"https:\/\/bonifratrzy.pl\/klasztor-nazaret\/wp-json\/wp\/v2\/tags?post=7578"}],"curies":[{"name":"wp","href":"https:\/\/api.w.org\/{rel}","templated":true}]}}