{"id":7544,"date":"2021-07-17T19:01:01","date_gmt":"2021-07-17T17:01:01","guid":{"rendered":"https:\/\/bonifratrzy.pl\/klasztor-nazaret\/?p=7544"},"modified":"2021-07-07T14:02:51","modified_gmt":"2021-07-07T12:02:51","slug":"br-leopold-po-prawie-3-latach-wraca-do-polski","status":"publish","type":"post","link":"https:\/\/bonifratrzy.pl\/klasztor-nazaret\/2021\/07\/17\/br-leopold-po-prawie-3-latach-wraca-do-polski\/","title":{"rendered":"Br. Leopold po prawie 3 latach wraca do Polski"},"content":{"rendered":"<p dir=\"auto\">Decyzj\u0105 O. Prowincja\u0142a z dniem 18 lipca 2021 brat Leopold z naszej wsp\u00f3lnoty do\u0142\u0105czy do braci w Marysinie. Dzi\u0119kujemy Mu za zaanga\u017cowanie, prac\u0119 i modlitw\u0119, kt\u00f3r\u0105 wspiera\u0142 chorych i nasz Zakon. \u017byczymy Mu pomy\u015blnej podr\u00f3\u017cy i b\u0142ogos\u0142awionych owoc\u00f3w szpitalnictwa.<\/p>\n","protected":false},"excerpt":{"rendered":"<p>Decyzj\u0105 O. Prowincja\u0142a z dniem 18 lipca 2021 brat Leopold z naszej wsp\u00f3lnoty do\u0142\u0105czy do braci w Marysinie. Dzi\u0119kujemy Mu za zaanga\u017cowanie, prac\u0119 i modlitw\u0119, kt\u00f3r\u0105 wspiera\u0142 chorych i nasz Zakon. \u017byczymy Mu pomy\u015blnej podr\u00f3\u017cy i b\u0142ogos\u0142awionych owoc\u00f3w szpitalnictwa.<\/p>\n","protected":false},"author":57,"featured_media":7545,"comment_status":"open","ping_status":"open","sticky":false,"template":"","format":"standard","meta":{"footnotes":""},"categories":[1],"tags":[],"_links":{"self":[{"href":"https:\/\/bonifratrzy.pl\/klasztor-nazaret\/wp-json\/wp\/v2\/posts\/7544"}],"collection":[{"href":"https:\/\/bonifratrzy.pl\/klasztor-nazaret\/wp-json\/wp\/v2\/posts"}],"about":[{"href":"https:\/\/bonifratrzy.pl\/klasztor-nazaret\/wp-json\/wp\/v2\/types\/post"}],"author":[{"embeddable":true,"href":"https:\/\/bonifratrzy.pl\/klasztor-nazaret\/wp-json\/wp\/v2\/users\/57"}],"replies":[{"embeddable":true,"href":"https:\/\/bonifratrzy.pl\/klasztor-nazaret\/wp-json\/wp\/v2\/comments?post=7544"}],"version-history":[{"count":3,"href":"https:\/\/bonifratrzy.pl\/klasztor-nazaret\/wp-json\/wp\/v2\/posts\/7544\/revisions"}],"predecessor-version":[{"id":7548,"href":"https:\/\/bonifratrzy.pl\/klasztor-nazaret\/wp-json\/wp\/v2\/posts\/7544\/revisions\/7548"}],"wp:featuredmedia":[{"embeddable":true,"href":"https:\/\/bonifratrzy.pl\/klasztor-nazaret\/wp-json\/wp\/v2\/media\/7545"}],"wp:attachment":[{"href":"https:\/\/bonifratrzy.pl\/klasztor-nazaret\/wp-json\/wp\/v2\/media?parent=7544"}],"wp:term":[{"taxonomy":"category","embeddable":true,"href":"https:\/\/bonifratrzy.pl\/klasztor-nazaret\/wp-json\/wp\/v2\/categories?post=7544"},{"taxonomy":"post_tag","embeddable":true,"href":"https:\/\/bonifratrzy.pl\/klasztor-nazaret\/wp-json\/wp\/v2\/tags?post=7544"}],"curies":[{"name":"wp","href":"https:\/\/api.w.org\/{rel}","templated":true}]}}