{"id":7240,"date":"2021-05-23T14:31:41","date_gmt":"2021-05-23T12:31:41","guid":{"rendered":"https:\/\/bonifratrzy.pl\/klasztor-nazaret\/?p=7240"},"modified":"2021-05-23T14:32:13","modified_gmt":"2021-05-23T12:32:13","slug":"zeslanie-ducha-swietego","status":"publish","type":"post","link":"https:\/\/bonifratrzy.pl\/klasztor-nazaret\/2021\/05\/23\/zeslanie-ducha-swietego\/","title":{"rendered":"Zes\u0142anie Ducha \u015awi\u0119tego"},"content":{"rendered":"<p>Podczas trwania nowenny do Ducha \u015awi\u0119tego i w czasie czuwania w wigili\u0119 Uroczysto\u015bci Narodzenia Ko\u015bcio\u0142a w Ziemi \u015awi\u0119tej trwali\u015bmy jednomy\u015blnie na modlitwie w Jerozolimie, Betlejem i Nazarecie. Pokornie prosimy Ducha \u015awi\u0119tego o Jego dary, a zw\u0142aszcza dar pokoju pomi\u0119dzy Izraelem i Palestyn\u0105.<\/p>\n","protected":false},"excerpt":{"rendered":"<p>Podczas trwania nowenny do Ducha \u015awi\u0119tego i w czasie czuwania w wigili\u0119 Uroczysto\u015bci Narodzenia Ko\u015bcio\u0142a w Ziemi \u015awi\u0119tej trwali\u015bmy jednomy\u015blnie na modlitwie w Jerozolimie, Betlejem i Nazarecie. Pokornie prosimy Ducha \u015awi\u0119tego o Jego dary, a zw\u0142aszcza dar pokoju pomi\u0119dzy Izraelem i Palestyn\u0105.<\/p>\n","protected":false},"author":57,"featured_media":7242,"comment_status":"open","ping_status":"open","sticky":false,"template":"","format":"standard","meta":{"footnotes":""},"categories":[1],"tags":[],"_links":{"self":[{"href":"https:\/\/bonifratrzy.pl\/klasztor-nazaret\/wp-json\/wp\/v2\/posts\/7240"}],"collection":[{"href":"https:\/\/bonifratrzy.pl\/klasztor-nazaret\/wp-json\/wp\/v2\/posts"}],"about":[{"href":"https:\/\/bonifratrzy.pl\/klasztor-nazaret\/wp-json\/wp\/v2\/types\/post"}],"author":[{"embeddable":true,"href":"https:\/\/bonifratrzy.pl\/klasztor-nazaret\/wp-json\/wp\/v2\/users\/57"}],"replies":[{"embeddable":true,"href":"https:\/\/bonifratrzy.pl\/klasztor-nazaret\/wp-json\/wp\/v2\/comments?post=7240"}],"version-history":[{"count":1,"href":"https:\/\/bonifratrzy.pl\/klasztor-nazaret\/wp-json\/wp\/v2\/posts\/7240\/revisions"}],"predecessor-version":[{"id":7241,"href":"https:\/\/bonifratrzy.pl\/klasztor-nazaret\/wp-json\/wp\/v2\/posts\/7240\/revisions\/7241"}],"wp:featuredmedia":[{"embeddable":true,"href":"https:\/\/bonifratrzy.pl\/klasztor-nazaret\/wp-json\/wp\/v2\/media\/7242"}],"wp:attachment":[{"href":"https:\/\/bonifratrzy.pl\/klasztor-nazaret\/wp-json\/wp\/v2\/media?parent=7240"}],"wp:term":[{"taxonomy":"category","embeddable":true,"href":"https:\/\/bonifratrzy.pl\/klasztor-nazaret\/wp-json\/wp\/v2\/categories?post=7240"},{"taxonomy":"post_tag","embeddable":true,"href":"https:\/\/bonifratrzy.pl\/klasztor-nazaret\/wp-json\/wp\/v2\/tags?post=7240"}],"curies":[{"name":"wp","href":"https:\/\/api.w.org\/{rel}","templated":true}]}}