{"id":7193,"date":"2021-05-21T02:00:03","date_gmt":"2021-05-21T00:00:03","guid":{"rendered":"https:\/\/bonifratrzy.pl\/klasztor-nazaret\/?p=7193"},"modified":"2021-05-21T21:22:35","modified_gmt":"2021-05-21T19:22:35","slug":"rozejm-wojenny-w-gazie","status":"publish","type":"post","link":"https:\/\/bonifratrzy.pl\/klasztor-nazaret\/2021\/05\/21\/rozejm-wojenny-w-gazie\/","title":{"rendered":"Rozejm wojenny w Gazie"},"content":{"rendered":"<p>Izrael i Hamas zawar\u0142y porozumienie o zawieszeniu broni. Rozejm wszed\u0142 w w \u017cycie o godz. 2:00 w nocy z czwartku na pi\u0105tek (1:00 czasu polskiego). &#8222;Nasze r\u0119ce s\u0105 wci\u0105\u017c na spu\u015bcie&#8221; &#8211; powiedzia\u0142 przedstawiciel palesty\u0144skich bojownik\u00f3w. Armia izraelska poinformowa\u0142a, \u017ce na 12 minut przed zawieszeniem broni z Gazy na po\u0142udniowy Izrael wystrzelona zosta\u0142a du\u017ca liczba rakiet.<!--more--><\/p>\n<p>Na 12 minut przed zawieszenia broni, armia izraelska poinformowa\u0142a o wystrzeleniu ze Strefy Gazy rakiet na po\u0142udniowy Izrael. &#8222;Du\u017ca liczba rakiet wystrzeliwana jest obecnie z Gazy na po\u0142udniowy Izrael. Wa\u017cne przypomnienie: od ub. poniedzia\u0142ku terrory\u015bci z Gazy wystrzelili na Izrael ponad 4 340 rakiet&#8221;- g\u0142osi komunikat s\u0142u\u017cby prasowej armii izraelskiej opublikowany na Twitterze o godz. 1.48 czasu lokalnego (0.48 czasu polskiego).<\/p>\n<p>PRZYSPIESZENIE PO APELU BIDENA<\/p>\n<p>Dzia\u0142ania dyplomatyczne zmierzaj\u0105ce do rozejmu w konflikcie izraelsko-palesty\u0144skim nabra\u0142y tempa w czwartek po tym, jak dzie\u0144 wcze\u015bniej prezydent USA Joe Biden wezwa\u0142 premiera Netanjahu do deeskalacji konfliktu. W czwartek Biden rozmawia\u0142 o Strefie Gazy z prezydentem Egiptu Abd el Fattahem es-Sisim. &#8222;Obaj przyw\u00f3dcy rozmawiali o wysi\u0142kach zmierzaj\u0105cych do zawieszenia broni, kt\u00f3re po\u0142o\u017cy kres obecnym dzia\u0142aniom wojennym w Izraelu i Gazie&#8221; &#8211; poinformowa\u0142 Bia\u0142y Dom.<\/p>\n<p>B\u0118DZIEMY NADAL TRZYMA\u0106 PALEC NA SPU\u015aCIE<\/p>\n<p>Przedstawiciel Hamasu o\u015bwiadczy\u0142 w pi\u0105tek, \u017ce porozumienie o wstrzymaniu walk zosta\u0142o zawarte, ale Izrael musi teraz zaprzesta\u0107 naruszania praw Palesty\u0144czyk\u00f3w w Jerozolimie i zaj\u0105\u0107 si\u0119 kwesti\u0105 zniszcze\u0144 wyrz\u0105dzonych przez swoje bombardowania Strefy Gazy. &#8211; To prawda, walki dzisiaj si\u0119 zako\u0144czy\u0142y, ale (premier Izraela Benjamin) Netanjahu i ca\u0142y \u015bwiat powinni wiedzie\u0107, \u017ce nasze r\u0119ce s\u0105 wci\u0105\u017c na spu\u015bcie i b\u0119dziemy nadal zwi\u0119ksza\u0107 mo\u017cliwo\u015bci stawiania oporu &#8211; powiedzia\u0142 w stolicy Kataru &#8211; Doha Ezzat el-Reshiq, cz\u0142onek politycznego kierownictwa Hamasu. Doda\u0142, \u017ce Hamas oczekuje tak\u017ce ochrony meczetu Al-Aksa na Wzg\u00f3rzu \u015awi\u0105tynnym w Jerozolimie i zaprzestania wyrzucania Palesty\u0144czyk\u00f3w z ich dom\u00f3w we Wschodniej Jerozolimie. Reshiq okre\u015bli\u0142 te warunki jako &#8222;czerwon\u0105 lini\u0119&#8221;, od kt\u00f3rej zale\u017cy utrzymanie si\u0119 porozumienia. &#8211; To co nast\u0105pi po tych walkach nie b\u0119dzie przypomina\u0107 tego by\u0142o wcze\u015bniej poniewa\u017c nar\u00f3d palesty\u0144ski popar\u0142 op\u00f3r i wie, \u017ce w\u0142a\u015bnie poprzez stawianie oporu wyzwoli swoj\u0105 ziemi\u0119 i ochroni swoje \u015bwi\u0119te miejsca &#8211; doda\u0142 Reshiq.<\/p>\n<p>BLINKEN UDA SI\u0118 NA BLISKI WSCH\u00d3D<\/p>\n<p>Sekretarz stanu USA Antony Blinken uda si\u0119 &#8222;w najbli\u017cszych dniach&#8221; na Bliski Wsch\u00f3d, gdzie przeprowadzi rozmowy ze swoimi izraelskimi, palesty\u0144skmi i regionalnymi odpowiednikami &#8211; poinformowa\u0142 w czwartek Departament Stanu. Celem podr\u00f3\u017cy ma by\u0107 &#8222;wsp\u00f3lna praca na rzecz lepszej przysz\u0142o\u015bci dla Izraelczyk\u00f3w i Palesty\u0144czyk\u00f3w&#8221; &#8211; g\u0142osi komunikat. Blinken rozmawia\u0142 w czwartek telefonicznie z ministrem spraw zagranicznych Izraela Gabrielem &#8222;Gabi&#8221; Ashkenazim, kt\u00f3rego poinformowa\u0142 o swojej podr\u00f3\u017cy. Podkre\u015bla si\u0119, \u017ce Blinken og\u0142osi\u0142 zapowied\u017a swojej wizyty wkr\u00f3tce po zawarciu porozumienia o zawieszeniu broni po kolejnej ods\u0142onie walk mi\u0119dzy Izraelem i radykalnym palesty\u0144skim Hamaem w Strefie Gazy. Wcze\u015bniej w czwartek sekretarz generalny ONZ Antonio Guterres wyrazi\u0142 przekonanie, \u017ce zawarte porozumienie nale\u017ca\u0142oby wykorzysta\u0107 do podj\u0119cia pr\u00f3by o\u017cywienia bliskowschodniego procesu pokojowego.<\/p>\n<p>BILANS STAR\u0106<\/p>\n<p>W czwartek rano ataki rakietowe Hamasu i sprzymierzonego Islamskiego D\u017cihadu zosta\u0142y wznowione po o\u015bmiogodzinnej przerwie. Izrael odpowiedzia\u0142 nalotami, a wed\u0142ug \u017ar\u00f3de\u0142 wojskowych zniszczono m.in. centrum dowodzenia Hamasu i podziemne wyrzutnie rakiet. Od 10 maja, gdy rozpocz\u0119\u0142y si\u0119 walki mi\u0119dzy Izraelem a Hamasem, zgin\u0119\u0142o 232 Palesty\u0144czyk\u00f3w, w tym 65 dzieci i 39 kobiet, a ponad 1700 os\u00f3b zosta\u0142o rannych, co pogorszy\u0142o i tak ju\u017c tragiczn\u0105 sytuacj\u0119 humanitarn\u0105 w Strefie Gazy. Izrael twierdzi, \u017ce zabi\u0142 co najmniej 160 bojownik\u00f3w w Gazie. Po stronie izraelskiej zgin\u0119\u0142o 12 os\u00f3b.<\/p>\n","protected":false},"excerpt":{"rendered":"<p>Izrael i Hamas zawar\u0142y porozumienie o zawieszeniu broni. Rozejm wszed\u0142 w w \u017cycie o godz. 2:00 w nocy z czwartku na pi\u0105tek (1:00 czasu polskiego). &#8222;Nasze r\u0119ce s\u0105 wci\u0105\u017c na spu\u015bcie&#8221; &#8211; powiedzia\u0142 przedstawiciel palesty\u0144skich bojownik\u00f3w. Armia izraelska poinformowa\u0142a, \u017ce na 12 minut przed zawieszeniem broni z Gazy na po\u0142udniowy Izrael wystrzelona zosta\u0142a du\u017ca liczba [&hellip;]<\/p>\n","protected":false},"author":57,"featured_media":7196,"comment_status":"open","ping_status":"open","sticky":false,"template":"","format":"standard","meta":{"footnotes":""},"categories":[1],"tags":[],"_links":{"self":[{"href":"https:\/\/bonifratrzy.pl\/klasztor-nazaret\/wp-json\/wp\/v2\/posts\/7193"}],"collection":[{"href":"https:\/\/bonifratrzy.pl\/klasztor-nazaret\/wp-json\/wp\/v2\/posts"}],"about":[{"href":"https:\/\/bonifratrzy.pl\/klasztor-nazaret\/wp-json\/wp\/v2\/types\/post"}],"author":[{"embeddable":true,"href":"https:\/\/bonifratrzy.pl\/klasztor-nazaret\/wp-json\/wp\/v2\/users\/57"}],"replies":[{"embeddable":true,"href":"https:\/\/bonifratrzy.pl\/klasztor-nazaret\/wp-json\/wp\/v2\/comments?post=7193"}],"version-history":[{"count":9,"href":"https:\/\/bonifratrzy.pl\/klasztor-nazaret\/wp-json\/wp\/v2\/posts\/7193\/revisions"}],"predecessor-version":[{"id":7239,"href":"https:\/\/bonifratrzy.pl\/klasztor-nazaret\/wp-json\/wp\/v2\/posts\/7193\/revisions\/7239"}],"wp:featuredmedia":[{"embeddable":true,"href":"https:\/\/bonifratrzy.pl\/klasztor-nazaret\/wp-json\/wp\/v2\/media\/7196"}],"wp:attachment":[{"href":"https:\/\/bonifratrzy.pl\/klasztor-nazaret\/wp-json\/wp\/v2\/media?parent=7193"}],"wp:term":[{"taxonomy":"category","embeddable":true,"href":"https:\/\/bonifratrzy.pl\/klasztor-nazaret\/wp-json\/wp\/v2\/categories?post=7193"},{"taxonomy":"post_tag","embeddable":true,"href":"https:\/\/bonifratrzy.pl\/klasztor-nazaret\/wp-json\/wp\/v2\/tags?post=7193"}],"curies":[{"name":"wp","href":"https:\/\/api.w.org\/{rel}","templated":true}]}}