{"id":7082,"date":"2021-05-16T14:57:01","date_gmt":"2021-05-16T12:57:01","guid":{"rendered":"https:\/\/bonifratrzy.pl\/klasztor-nazaret\/?p=7082"},"modified":"2021-05-16T15:15:03","modified_gmt":"2021-05-16T13:15:03","slug":"dramatyczny-apel-o-pokoj-w-ziemi-swietej-16-maja-2021","status":"publish","type":"post","link":"https:\/\/bonifratrzy.pl\/klasztor-nazaret\/2021\/05\/16\/dramatyczny-apel-o-pokoj-w-ziemi-swietej-16-maja-2021\/","title":{"rendered":"Dramatyczny apel o pok\u00f3j w Ziemi \u015awi\u0119tej 16 maja"},"content":{"rendered":"<p>Papie\u017c Franciszek zaapelowa\u0142 w niedziel\u0119 o przerwanie dzia\u0142a\u0144 zbrojnych mi\u0119dzy Izraelczykami i Palesty\u0144czykami, o dialog i pojednanie. Podkre\u015bli\u0142, \u017ce w\u015br\u00f3d zabitych s\u0105 dzieci. &#8222;To jest straszne, niedopuszczalne&#8221; &#8211; m\u00f3wi\u0142.<\/p>\n<p><!--more--><\/p>\n<div class=\"default-style\">\n<div dir=\"auto\">\n<p dir=\"auto\">Zwracaj\u0105c si\u0119 do wiernych przyby\u0142ych na Plac \u015awi\u0119tego Piotra na modlitw\u0119 Regina coeli papie\u017c powiedzia\u0142: &#8222;\u015aledz\u0119 z ogromnym zaniepokojeniem to, co dzieje si\u0119 w Ziemi \u015awi\u0119tej. W tych dniach dochodzi do gwa\u0142townych star\u0107 zbrojnych mi\u0119dzy Stref\u0105 Gazy i Izraelem, nios\u0105cych ryzyko, \u017ce wywo\u0142aj\u0105 spiral\u0119 \u015bmierci i zniszczenia&#8221;.<\/p>\n<p dir=\"auto\">&#8222;Wiele os\u00f3b zosta\u0142o rannych, a bardzo du\u017co niewinnych zgin\u0119\u0142o. S\u0105 w\u015br\u00f3d nich tak\u017ce dzieci. To jest straszne, niedopuszczalne. Ich \u015bmier\u0107 jest znakiem tego, \u017ce nie chce si\u0119 budowa\u0107 przysz\u0142o\u015bci, ale chce si\u0119 j\u0105 niszczy\u0107&#8221; &#8211; o\u015bwiadczy\u0142 Franciszek.<\/p>\n<p dir=\"auto\">Wyrazi\u0142 przekonanie, \u017ce &#8222;wzrost nienawi\u015bci i przemocy, ogarniaj\u0105cych r\u00f3\u017cne miasta w Izraelu, jest powa\u017cn\u0105 ran\u0105 dla braterstwa oraz pokojowej koegzystencji mi\u0119dzy obywatelami i trudno b\u0119dzie j\u0105 wyleczy\u0107, je\u015bli nie dojdzie do natychmiastowego otwarcia dialogu&#8221;.<\/p>\n<p dir=\"auto\">Papie\u017c pyta\u0142: &#8222;Dok\u0105d doprowadzi nienawi\u015b\u0107 i zemsta? Naprawd\u0119 my\u015blimy, \u017ce budujemy pok\u00f3j niszcz\u0105c innego?&#8221;.<\/p>\n<p dir=\"auto\">Wezwa\u0142: &#8222;W imi\u0119 Boga, kt\u00f3ry stworzy\u0142 wszystkie istoty ludzkie r\u00f3wne w prawach, obowi\u0105zkach i godno\u015bci wzywam do tego, by \u017cy\u0142y mi\u0119dzy sob\u0105 jak bracia, kieruj\u0119 apel o spok\u00f3j, a do odpowiedzialnych, by przerwano szcz\u0119k or\u0119\u017ca i by wej\u015b\u0107 na drogi pokoju, tak\u017ce z pomoc\u0105 wsp\u00f3lnoty mi\u0119dzynarodowej&#8221;.<\/p>\n<p dir=\"auto\">Franciszek zach\u0119ci\u0142 wiernych: &#8222;M\u00f3dlmy si\u0119 nieustannie o to, by Izraelczycy i Palesty\u0144czycy mogli znale\u017a\u0107 drog\u0119 dialogu oraz przebaczenia, by byli cierpliwymi budowniczymi pokoju i sprawiedliwo\u015bci otwieraj\u0105c si\u0119 krok po kroku na wsp\u00f3ln\u0105 nadziej\u0119 oraz koegzystencj\u0119 mi\u0119dzy bra\u0107mi&#8221;.<\/p>\n<p dir=\"auto\">&#8222;M\u00f3dlmy si\u0119 za ofiary, zw\u0142aszcza za dzieci, m\u00f3dlmy si\u0119 o pok\u00f3j do Kr\u00f3lowej Pokoju&#8221; &#8211; apelowa\u0142 papie\u017c. (PAP)<\/p>\n<div dir=\"auto\">\n<div class=\"wpmf-gallerys wpmf-gallerys-life \" ><div id=\"gallery-1\"\n data-gutter-width=\"5\"\n  data-wpmfcolumns=\"3\" class=\"wpmf-gallery gallery-link-file gallery_life gallery-masonry gallery-columns-3 gallery-size-medium wpmf-gallery-bottomspace-default wpmf-gallery-clear wpmf-has-border-radius-0 wpmf-gutterwidth-5\"><div class=\"wpmf-gallery-item\n     wpmf-gallery-item-position-0 wpmf-gallery-item-attachment-7083\" data-index=\"0\"><div class=\"wpmf-gallery-icon\"><a class=\" not_video noLightbox\" data-lightbox=\"1\" data-href=\"https:\/\/bonifratrzy.pl\/klasztor-nazaret\/wp-content\/uploads\/sites\/10\/2021\/05\/IMG-20210516-WA0000-1024x578.jpg\" title=\"IMG 20210516 WA0000\" target=\"_self\" data-index=\"0\"><img decoding=\"async\" class=\"wpmf_img\" alt=\"IMG 20210516 WA0000\" src=\"https:\/\/bonifratrzy.pl\/klasztor-nazaret\/wp-content\/uploads\/sites\/10\/2021\/05\/IMG-20210516-WA0000-300x169.jpg\" data-type=\"wpmfgalleryimg\" data-lazy-src=\"https:\/\/bonifratrzy.pl\/klasztor-nazaret\/wp-content\/uploads\/sites\/10\/2021\/05\/IMG-20210516-WA0000-300x169.jpg\"><\/a><\/div><\/div><div class=\"wpmf-gallery-item\n     wpmf-gallery-item-position-1 wpmf-gallery-item-attachment-7108\" data-index=\"1\"><div class=\"wpmf-gallery-icon\"><a class=\" not_video noLightbox\" data-lightbox=\"1\" data-href=\"https:\/\/bonifratrzy.pl\/klasztor-nazaret\/wp-content\/uploads\/sites\/10\/2021\/05\/IMG-20210516-WA0001-1.jpg\" title=\"IMG 20210516 WA0001\" target=\"_self\" data-index=\"1\"><img decoding=\"async\" class=\"wpmf_img\" alt=\"IMG 20210516 WA0001\" src=\"https:\/\/bonifratrzy.pl\/klasztor-nazaret\/wp-content\/uploads\/sites\/10\/2021\/05\/IMG-20210516-WA0001-1-300x169.jpg\" data-type=\"wpmfgalleryimg\" data-lazy-src=\"https:\/\/bonifratrzy.pl\/klasztor-nazaret\/wp-content\/uploads\/sites\/10\/2021\/05\/IMG-20210516-WA0001-1-300x169.jpg\"><\/a><\/div><\/div><div class=\"wpmf-gallery-item\n     wpmf-gallery-item-position-2 wpmf-gallery-item-attachment-7109\" data-index=\"2\"><div class=\"wpmf-gallery-icon\"><a class=\" not_video noLightbox\" data-lightbox=\"1\" data-href=\"https:\/\/bonifratrzy.pl\/klasztor-nazaret\/wp-content\/uploads\/sites\/10\/2021\/05\/IMG-20210516-WA0002-1.jpg\" title=\"IMG 20210516 WA0002\" target=\"_self\" data-index=\"2\"><img decoding=\"async\" class=\"wpmf_img\" alt=\"IMG 20210516 WA0002\" src=\"https:\/\/bonifratrzy.pl\/klasztor-nazaret\/wp-content\/uploads\/sites\/10\/2021\/05\/IMG-20210516-WA0002-1-300x169.jpg\" data-type=\"wpmfgalleryimg\" data-lazy-src=\"https:\/\/bonifratrzy.pl\/klasztor-nazaret\/wp-content\/uploads\/sites\/10\/2021\/05\/IMG-20210516-WA0002-1-300x169.jpg\"><\/a><\/div><\/div><div class=\"wpmf-gallery-item\n     wpmf-gallery-item-position-3 wpmf-gallery-item-attachment-7110\" data-index=\"3\"><div class=\"wpmf-gallery-icon\"><a class=\" not_video noLightbox\" data-lightbox=\"1\" data-href=\"https:\/\/bonifratrzy.pl\/klasztor-nazaret\/wp-content\/uploads\/sites\/10\/2021\/05\/IMG-20210516-WA0003-1.jpg\" title=\"IMG 20210516 WA0003\" target=\"_self\" data-index=\"3\"><img decoding=\"async\" class=\"wpmf_img\" alt=\"IMG 20210516 WA0003\" src=\"https:\/\/bonifratrzy.pl\/klasztor-nazaret\/wp-content\/uploads\/sites\/10\/2021\/05\/IMG-20210516-WA0003-1-300x169.jpg\" data-type=\"wpmfgalleryimg\" data-lazy-src=\"https:\/\/bonifratrzy.pl\/klasztor-nazaret\/wp-content\/uploads\/sites\/10\/2021\/05\/IMG-20210516-WA0003-1-300x169.jpg\"><\/a><\/div><\/div><div class=\"wpmf-gallery-item\n     wpmf-gallery-item-position-4 wpmf-gallery-item-attachment-7111\" data-index=\"4\"><div class=\"wpmf-gallery-icon\"><a class=\" not_video noLightbox\" data-lightbox=\"1\" data-href=\"https:\/\/bonifratrzy.pl\/klasztor-nazaret\/wp-content\/uploads\/sites\/10\/2021\/05\/IMG-20210516-WA0004-1.jpg\" title=\"IMG 20210516 WA0004\" target=\"_self\" data-index=\"4\"><img decoding=\"async\" class=\"wpmf_img\" alt=\"IMG 20210516 WA0004\" src=\"https:\/\/bonifratrzy.pl\/klasztor-nazaret\/wp-content\/uploads\/sites\/10\/2021\/05\/IMG-20210516-WA0004-1-300x168.jpg\" data-type=\"wpmfgalleryimg\" data-lazy-src=\"https:\/\/bonifratrzy.pl\/klasztor-nazaret\/wp-content\/uploads\/sites\/10\/2021\/05\/IMG-20210516-WA0004-1-300x168.jpg\"><\/a><\/div><\/div><div class=\"wpmf-gallery-item\n     wpmf-gallery-item-position-5 wpmf-gallery-item-attachment-7112\" data-index=\"5\"><div class=\"wpmf-gallery-icon\"><a class=\" not_video noLightbox\" data-lightbox=\"1\" data-href=\"https:\/\/bonifratrzy.pl\/klasztor-nazaret\/wp-content\/uploads\/sites\/10\/2021\/05\/IMG-20210516-WA0005-1.jpg\" title=\"IMG 20210516 WA0005\" target=\"_self\" data-index=\"5\"><img decoding=\"async\" class=\"wpmf_img\" alt=\"IMG 20210516 WA0005\" src=\"https:\/\/bonifratrzy.pl\/klasztor-nazaret\/wp-content\/uploads\/sites\/10\/2021\/05\/IMG-20210516-WA0005-1-300x169.jpg\" data-type=\"wpmfgalleryimg\" data-lazy-src=\"https:\/\/bonifratrzy.pl\/klasztor-nazaret\/wp-content\/uploads\/sites\/10\/2021\/05\/IMG-20210516-WA0005-1-300x169.jpg\"><\/a><\/div><\/div><div class=\"wpmf-gallery-item\n     wpmf-gallery-item-position-6 wpmf-gallery-item-attachment-7113\" data-index=\"6\"><div class=\"wpmf-gallery-icon\"><a class=\" not_video noLightbox\" data-lightbox=\"1\" data-href=\"https:\/\/bonifratrzy.pl\/klasztor-nazaret\/wp-content\/uploads\/sites\/10\/2021\/05\/IMG-20210516-WA0006-1.jpg\" title=\"IMG 20210516 WA0006\" target=\"_self\" data-index=\"6\"><img decoding=\"async\" class=\"wpmf_img\" alt=\"IMG 20210516 WA0006\" src=\"https:\/\/bonifratrzy.pl\/klasztor-nazaret\/wp-content\/uploads\/sites\/10\/2021\/05\/IMG-20210516-WA0006-1-300x169.jpg\" data-type=\"wpmfgalleryimg\" data-lazy-src=\"https:\/\/bonifratrzy.pl\/klasztor-nazaret\/wp-content\/uploads\/sites\/10\/2021\/05\/IMG-20210516-WA0006-1-300x169.jpg\"><\/a><\/div><\/div><div class=\"wpmf-gallery-item\n     wpmf-gallery-item-position-7 wpmf-gallery-item-attachment-7114\" data-index=\"7\"><div class=\"wpmf-gallery-icon\"><a class=\" not_video noLightbox\" data-lightbox=\"1\" data-href=\"https:\/\/bonifratrzy.pl\/klasztor-nazaret\/wp-content\/uploads\/sites\/10\/2021\/05\/IMG-20210516-WA0007-1-1024x576.jpg\" title=\"IMG 20210516 WA0007\" target=\"_self\" data-index=\"7\"><img decoding=\"async\" class=\"wpmf_img\" alt=\"IMG 20210516 WA0007\" src=\"https:\/\/bonifratrzy.pl\/klasztor-nazaret\/wp-content\/uploads\/sites\/10\/2021\/05\/IMG-20210516-WA0007-1-300x169.jpg\" data-type=\"wpmfgalleryimg\" data-lazy-src=\"https:\/\/bonifratrzy.pl\/klasztor-nazaret\/wp-content\/uploads\/sites\/10\/2021\/05\/IMG-20210516-WA0007-1-300x169.jpg\"><\/a><\/div><\/div><div class=\"wpmf-gallery-item\n     wpmf-gallery-item-position-8 wpmf-gallery-item-attachment-7064\" data-index=\"8\"><div class=\"wpmf-gallery-icon\"><a class=\" not_video noLightbox\" data-lightbox=\"1\" data-href=\"https:\/\/bonifratrzy.pl\/klasztor-nazaret\/wp-content\/uploads\/sites\/10\/2021\/05\/Izrael-1024x576.jpg\" title=\"Izrael\" target=\"_self\" data-index=\"8\"><img decoding=\"async\" class=\"wpmf_img\" alt=\"Izrael\" src=\"https:\/\/bonifratrzy.pl\/klasztor-nazaret\/wp-content\/uploads\/sites\/10\/2021\/05\/Izrael-300x169.jpg\" data-type=\"wpmfgalleryimg\" data-lazy-src=\"https:\/\/bonifratrzy.pl\/klasztor-nazaret\/wp-content\/uploads\/sites\/10\/2021\/05\/Izrael-300x169.jpg\"><\/a><\/div><\/div><\/div><\/div>\n\n<\/div>\n<\/div>\n<\/div>\n","protected":false},"excerpt":{"rendered":"<p>Papie\u017c Franciszek zaapelowa\u0142 w niedziel\u0119 o przerwanie dzia\u0142a\u0144 zbrojnych mi\u0119dzy Izraelczykami i Palesty\u0144czykami, o dialog i pojednanie. Podkre\u015bli\u0142, \u017ce w\u015br\u00f3d zabitych s\u0105 dzieci. &#8222;To jest straszne, niedopuszczalne&#8221; &#8211; m\u00f3wi\u0142.<\/p>\n","protected":false},"author":57,"featured_media":7083,"comment_status":"open","ping_status":"open","sticky":false,"template":"","format":"standard","meta":{"footnotes":""},"categories":[1],"tags":[],"_links":{"self":[{"href":"https:\/\/bonifratrzy.pl\/klasztor-nazaret\/wp-json\/wp\/v2\/posts\/7082"}],"collection":[{"href":"https:\/\/bonifratrzy.pl\/klasztor-nazaret\/wp-json\/wp\/v2\/posts"}],"about":[{"href":"https:\/\/bonifratrzy.pl\/klasztor-nazaret\/wp-json\/wp\/v2\/types\/post"}],"author":[{"embeddable":true,"href":"https:\/\/bonifratrzy.pl\/klasztor-nazaret\/wp-json\/wp\/v2\/users\/57"}],"replies":[{"embeddable":true,"href":"https:\/\/bonifratrzy.pl\/klasztor-nazaret\/wp-json\/wp\/v2\/comments?post=7082"}],"version-history":[{"count":9,"href":"https:\/\/bonifratrzy.pl\/klasztor-nazaret\/wp-json\/wp\/v2\/posts\/7082\/revisions"}],"predecessor-version":[{"id":7116,"href":"https:\/\/bonifratrzy.pl\/klasztor-nazaret\/wp-json\/wp\/v2\/posts\/7082\/revisions\/7116"}],"wp:featuredmedia":[{"embeddable":true,"href":"https:\/\/bonifratrzy.pl\/klasztor-nazaret\/wp-json\/wp\/v2\/media\/7083"}],"wp:attachment":[{"href":"https:\/\/bonifratrzy.pl\/klasztor-nazaret\/wp-json\/wp\/v2\/media?parent=7082"}],"wp:term":[{"taxonomy":"category","embeddable":true,"href":"https:\/\/bonifratrzy.pl\/klasztor-nazaret\/wp-json\/wp\/v2\/categories?post=7082"},{"taxonomy":"post_tag","embeddable":true,"href":"https:\/\/bonifratrzy.pl\/klasztor-nazaret\/wp-json\/wp\/v2\/tags?post=7082"}],"curies":[{"name":"wp","href":"https:\/\/api.w.org\/{rel}","templated":true}]}}