{"id":7075,"date":"2021-05-15T11:08:30","date_gmt":"2021-05-15T09:08:30","guid":{"rendered":"https:\/\/bonifratrzy.pl\/klasztor-nazaret\/?p=7075"},"modified":"2021-05-15T21:59:15","modified_gmt":"2021-05-15T19:59:15","slug":"7075","status":"publish","type":"post","link":"https:\/\/bonifratrzy.pl\/klasztor-nazaret\/2021\/05\/15\/7075\/","title":{"rendered":"Abp Pizzaballa: stoimy na kraw\u0119dzi wojny domowej"},"content":{"rendered":"<p>\u201eJeste\u015bmy \u015bwiadkami przemocy, jakiej wcze\u015bniej tutaj nie widziano, stoimy na kraw\u0119dzi wojny domowej\u201d \u2013 powiedzia\u0142 w rozmowie z agencj\u0105 SIR \u0142aci\u0144ski patriarcha Jerozolimy. Abp Pierbattista Pizzaballa zaapelowa\u0142 o porzucenie, stosowanej od lat, polityki pogardy. Podkre\u015bli\u0142, \u017ce jest ona \u017ar\u00f3d\u0142em wzajemnej nienawi\u015bci i przedsionkiem do wojny. Zaapelowa\u0142 o jak najszybsze przerwanie spirali przemocy i powr\u00f3t do pokojowego wsp\u00f3\u0142istnienia.<!--more--><\/p>\n<p>Od wielu lat Ziemia \u015awi\u0119ta jest niczym beczka prochu. Wystarczy iskra, \u017ceby wywo\u0142a\u0107 eksplozj\u0119. Tym razem by\u0142 ni\u0105 wci\u0105\u017c powracaj\u0105cy problem eksmisji Palesty\u0144czyk\u00f3w z ich dom\u00f3w w dzielnicy Asz-Szajch D\u017carrah. To wystarczy\u0142o, aby wywo\u0142a\u0107 zamieszki w czasie Ramadanu, a w rezultacie spowodowa\u0107 wystrzelenie rakiet ze Strefy Gazy w kierunku Izraela, na co ten odpowiedzia\u0142 tym samym.<\/p>\n<p>Liczba zabitych wci\u0105\u017c si\u0119 powi\u0119ksza. W Strefie Gazy s\u0105 co najmniej 82 ofiary \u015bmiertelne i 500 rannych, z czego 115 to dzieci i m\u0142odzie\u017c. W\u0142adze izraelskie m\u00f3wi\u0105 o 6 zabitych. Nie da si\u0119 z kolei policzy\u0107 pobi\u0107, lincz\u00f3w i akt\u00f3w wandalizmu. Zar\u00f3wno jedna jak i druga strona, publikuje codziennie w sieci Nagrania akt\u00f3w przemocy, aby w ten spos\u00f3b podsyca\u0107 wzajemn\u0105 nienawi\u015b\u0107. Wszystko to dzieje si\u0119 w miastach, kt\u00f3re jeszcze wczoraj by\u0142y miejscami pokojowego wsp\u00f3\u0142istnienia.<\/p>\n<p>Abp Pizzaballa zaznacza, \u017ce w klimacie powszechnej przemocy cen\u0119 star\u0107 p\u0142ac\u0105 tak\u017ce wsp\u00f3lnoty chrze\u015bcija\u0144skie. Podkre\u015bla, \u017ce zdarzaj\u0105 si\u0119 liczne przypadki agresji wobec rodzin chrze\u015bcija\u0144skich, jednak nie z powodu wyznawanej przez nie wiary, ale dlatego, \u017ce s\u0105 Arabami. \u201eProboszczowie dzwoni\u0105 do mnie z pro\u015bb\u0105 o pomoc. Prosz\u0105 o zorganizowanie spotka\u0144 z udzia\u0142em \u017cyd\u00f3w i muzu\u0142man\u00f3w, aby uspokoi\u0107 nastroje. Ludzie s\u0105 zdziwieni tak szybkim wybuchem przemocy, ale to tylko oznacza, \u017ce napi\u0119cie tli\u0142o si\u0119 ju\u017c od dawna\u201d \u2013 powiedzia\u0142 \u0142aci\u0144ski patriarcha Jerozolimy.<\/p>\n<p>Podkre\u015bli\u0142, \u017ce wielu Izraelczyk\u00f3w i Palesty\u0144czyk\u00f3w nie potrafi poradzi\u0107 sobie z t\u0105 sytuacj\u0105: z jednej strony pragn\u0105 nadal \u017cy\u0107 razem w pokoju, z drugiej s\u0105 poci\u0105gani przez ekstremist\u00f3w w stron\u0119 konfliktu. \u201eZa\u017cegnanie tych napi\u0119\u0107 b\u0119dzie bardzo trudne \u2013 przyznaje abp Pizzaballa. \u2013 Odbudowa zaufania zajmie du\u017co czasu, a przede wszystkim b\u0119dzie wymaga\u0142a wsp\u00f3lnego wysi\u0142ku, g\u0142\u00f3wnie ze strony polityk\u00f3w. Polityka, szczeg\u00f3lnie na najwy\u017cszym szczeblu, nie mo\u017ce d\u0142u\u017cej pos\u0142ugiwa\u0107 si\u0119 j\u0119zykiem pogardy, jak to wielokrotnie mia\u0142o miejsce wcze\u015bniej\u201d \u2013 zauwa\u017cy\u0142 patriarcha.<\/p>\n<p>Jego zdaniem, aby powr\u00f3ci\u0107 na \u015bcie\u017ck\u0119 pokoju i wzajemnego wsp\u00f3\u0142istnienia wszyscy musz\u0105 pracowa\u0107 nad rozwi\u0105zaniem konfliktu. \u201eNie powinni\u015bmy \u0142udzi\u0107 si\u0119, \u017ce szybko osi\u0105gniemy rezultaty. Ta praca zaczyna si\u0119 w szko\u0142ach, gdzie nale\u017cy uczy\u0107 szacunku, tolerancji i wsp\u00f3\u0142istnienia. Jej owoc\u00f3w raczej nie zobaczymy, skorzystaj\u0105 z nich przysz\u0142e pokolenia. Stanie si\u0119 to tylko w\u00f3wczas, gdy zakaszemy r\u0119kawy i ostro we\u017amiemy si\u0119 do pracy\u201d \u2013 podsumowa\u0142 abp Pizzaballa.<\/p>\n<p style=\"background: white;margin: 0cm 0cm 18.75pt 0cm\"><span style=\"color: #1c1e23\">Cyt. za: https:\/\/www.ekai.pl\/abp-pizzaballa-stoimy-na-krawedzi-wojny-domowej\/<\/span><\/p>\n","protected":false},"excerpt":{"rendered":"<p>\u201eJeste\u015bmy \u015bwiadkami przemocy, jakiej wcze\u015bniej tutaj nie widziano, stoimy na kraw\u0119dzi wojny domowej\u201d \u2013 powiedzia\u0142 w rozmowie z agencj\u0105 SIR \u0142aci\u0144ski patriarcha Jerozolimy. Abp Pierbattista Pizzaballa zaapelowa\u0142 o porzucenie, stosowanej od lat, polityki pogardy. Podkre\u015bli\u0142, \u017ce jest ona \u017ar\u00f3d\u0142em wzajemnej nienawi\u015bci i przedsionkiem do wojny. Zaapelowa\u0142 o jak najszybsze przerwanie spirali przemocy i powr\u00f3t do [&hellip;]<\/p>\n","protected":false},"author":57,"featured_media":7079,"comment_status":"open","ping_status":"open","sticky":false,"template":"","format":"standard","meta":{"footnotes":""},"categories":[1],"tags":[],"_links":{"self":[{"href":"https:\/\/bonifratrzy.pl\/klasztor-nazaret\/wp-json\/wp\/v2\/posts\/7075"}],"collection":[{"href":"https:\/\/bonifratrzy.pl\/klasztor-nazaret\/wp-json\/wp\/v2\/posts"}],"about":[{"href":"https:\/\/bonifratrzy.pl\/klasztor-nazaret\/wp-json\/wp\/v2\/types\/post"}],"author":[{"embeddable":true,"href":"https:\/\/bonifratrzy.pl\/klasztor-nazaret\/wp-json\/wp\/v2\/users\/57"}],"replies":[{"embeddable":true,"href":"https:\/\/bonifratrzy.pl\/klasztor-nazaret\/wp-json\/wp\/v2\/comments?post=7075"}],"version-history":[{"count":5,"href":"https:\/\/bonifratrzy.pl\/klasztor-nazaret\/wp-json\/wp\/v2\/posts\/7075\/revisions"}],"predecessor-version":[{"id":7081,"href":"https:\/\/bonifratrzy.pl\/klasztor-nazaret\/wp-json\/wp\/v2\/posts\/7075\/revisions\/7081"}],"wp:featuredmedia":[{"embeddable":true,"href":"https:\/\/bonifratrzy.pl\/klasztor-nazaret\/wp-json\/wp\/v2\/media\/7079"}],"wp:attachment":[{"href":"https:\/\/bonifratrzy.pl\/klasztor-nazaret\/wp-json\/wp\/v2\/media?parent=7075"}],"wp:term":[{"taxonomy":"category","embeddable":true,"href":"https:\/\/bonifratrzy.pl\/klasztor-nazaret\/wp-json\/wp\/v2\/categories?post=7075"},{"taxonomy":"post_tag","embeddable":true,"href":"https:\/\/bonifratrzy.pl\/klasztor-nazaret\/wp-json\/wp\/v2\/tags?post=7075"}],"curies":[{"name":"wp","href":"https:\/\/api.w.org\/{rel}","templated":true}]}}