{"id":7059,"date":"2021-05-14T14:07:44","date_gmt":"2021-05-14T12:07:44","guid":{"rendered":"https:\/\/bonifratrzy.pl\/klasztor-nazaret\/?p=7059"},"modified":"2021-05-14T14:25:17","modified_gmt":"2021-05-14T12:25:17","slug":"izraelsko-palestynski-konflikt-zbrojny","status":"publish","type":"post","link":"https:\/\/bonifratrzy.pl\/klasztor-nazaret\/2021\/05\/14\/izraelsko-palestynski-konflikt-zbrojny\/","title":{"rendered":"Konflikt izraelsko-palesty\u0144ski"},"content":{"rendered":"<p>Pociski spadaj\u0105ce na domy, ludzie gin\u0105cy na ulicach \u2013 tak wygl\u0105da kolejna ods\u0142ona izraelsko-palesty\u0144skiego konfliktu, w kt\u00f3rym cierpi\u0105 przede wszystkim niewinni cywile. Huk eksplozji miesza si\u0119 w nich z krzykami i p\u0142aczem dzieci, po ton\u0105cych w k\u0142\u0119bach kurzu w\u0105skich ulicach uciekaj\u0105 zakrwawieni ludzie. Konflikt trwaj\u0105cy od ponad 70 lat i odradzaj\u0105cy si\u0119 co pewien czas z now\u0105 si\u0142\u0105, nie ma ko\u0144ca.\u00a0<!--more--><\/p>\n<p>W pi\u0105tek 14 maja 2021 mia\u0142 miejsce kolejny ostrza\u0142 rakietowy po\u0142udniowego Izraela ze Strefy Gazy po nocy intensywnych walk. Wcze\u015bniej, ko\u0142o p\u00f3\u0142nocy, oko\u0142o 160 izraelskich samolot\u00f3w jednocze\u015bnie przeprowadzi\u0142o atak na sie\u0107 tuneli wykopanych przez Hamas pod miastem Gaza. Palesty\u0144czycy w Gazie podaj\u0105, \u017ce izraelskie uderzenie oko\u0142o 500 pocisk\u00f3w artyleryjskich i 50 pocisk\u00f3w pancernych trwa\u0142o ponad godzin\u0119 i spowodowa\u0142o wiele ofiar. Ministerstwo zdrowia Strefy Gazy przekaza\u0142o, \u017ce liczba ofiar \u015bmiertelnych w\u015br\u00f3d Palesty\u0144czyk\u00f3w wzros\u0142a od poniedzia\u0142ku do 115, w tym 28 dzieci i 15 kobiet, a 621 os\u00f3b zosta\u0142o rannych. Ugrupowania zbrojne Hamas i Islamski D\u017cihad potwierdzi\u0142y 20 ofiar \u015bmiertelnych w swoich szeregach, cho\u0107 Izrael twierdzi, \u017ce liczba ta jest znacznie wy\u017csza. W Izraelu zgin\u0119\u0142o 7 os\u00f3b, w tym 6-letni ch\u0142opiec. Poprzednie podobne zbrojne konflikty, w\u0142\u0105cznie z konfliktem w 2014 roku, ogranicza\u0142y si\u0119 w du\u017cej mierze do dzia\u0142a\u0144 w Strefie Gazy i na przygranicznych terytoriach Izraela. Teraz jednak od 10 maja 2021 walki i rozruchy rozlewaj\u0105 si\u0119 na znacznie rozleglejsze tereny.<\/p>\n<div style=\"width: 640px;\" class=\"wp-video\"><!--[if lt IE 9]><script>document.createElement('video');<\/script><![endif]-->\n<video class=\"wp-video-shortcode\" id=\"video-7059-1\" width=\"640\" height=\"352\" preload=\"metadata\" controls=\"controls\"><source type=\"video\/mp4\" src=\"https:\/\/bonifratrzy.pl\/klasztor-nazaret\/wp-content\/uploads\/sites\/10\/2021\/05\/VID-20210510-WA0000.mp4?_=1\" \/><a href=\"https:\/\/bonifratrzy.pl\/klasztor-nazaret\/wp-content\/uploads\/sites\/10\/2021\/05\/VID-20210510-WA0000.mp4\">https:\/\/bonifratrzy.pl\/klasztor-nazaret\/wp-content\/uploads\/sites\/10\/2021\/05\/VID-20210510-WA0000.mp4<\/a><\/video><\/div>\n<div style=\"width: 640px;\" class=\"wp-video\"><video class=\"wp-video-shortcode\" id=\"video-7059-2\" width=\"640\" height=\"352\" preload=\"metadata\" controls=\"controls\"><source type=\"video\/mp4\" src=\"https:\/\/bonifratrzy.pl\/klasztor-nazaret\/wp-content\/uploads\/sites\/10\/2021\/05\/VID-20210510-WA0002.mp4?_=2\" \/><a href=\"https:\/\/bonifratrzy.pl\/klasztor-nazaret\/wp-content\/uploads\/sites\/10\/2021\/05\/VID-20210510-WA0002.mp4\">https:\/\/bonifratrzy.pl\/klasztor-nazaret\/wp-content\/uploads\/sites\/10\/2021\/05\/VID-20210510-WA0002.mp4<\/a><\/video><\/div>\n<div style=\"width: 848px;\" class=\"wp-video\"><video class=\"wp-video-shortcode\" id=\"video-7059-3\" width=\"848\" height=\"480\" preload=\"metadata\" controls=\"controls\"><source type=\"video\/mp4\" src=\"https:\/\/bonifratrzy.pl\/klasztor-nazaret\/wp-content\/uploads\/sites\/10\/2021\/05\/VID-20210510-WA0001.mp4?_=3\" \/><a href=\"https:\/\/bonifratrzy.pl\/klasztor-nazaret\/wp-content\/uploads\/sites\/10\/2021\/05\/VID-20210510-WA0001.mp4\">https:\/\/bonifratrzy.pl\/klasztor-nazaret\/wp-content\/uploads\/sites\/10\/2021\/05\/VID-20210510-WA0001.mp4<\/a><\/video><\/div>\n","protected":false},"excerpt":{"rendered":"<p>Pociski spadaj\u0105ce na domy, ludzie gin\u0105cy na ulicach \u2013 tak wygl\u0105da kolejna ods\u0142ona izraelsko-palesty\u0144skiego konfliktu, w kt\u00f3rym cierpi\u0105 przede wszystkim niewinni cywile. Huk eksplozji miesza si\u0119 w nich z krzykami i p\u0142aczem dzieci, po ton\u0105cych w k\u0142\u0119bach kurzu w\u0105skich ulicach uciekaj\u0105 zakrwawieni ludzie. Konflikt trwaj\u0105cy od ponad 70 lat i odradzaj\u0105cy si\u0119 co pewien czas [&hellip;]<\/p>\n","protected":false},"author":57,"featured_media":7074,"comment_status":"open","ping_status":"open","sticky":false,"template":"","format":"standard","meta":{"footnotes":""},"categories":[1],"tags":[],"_links":{"self":[{"href":"https:\/\/bonifratrzy.pl\/klasztor-nazaret\/wp-json\/wp\/v2\/posts\/7059"}],"collection":[{"href":"https:\/\/bonifratrzy.pl\/klasztor-nazaret\/wp-json\/wp\/v2\/posts"}],"about":[{"href":"https:\/\/bonifratrzy.pl\/klasztor-nazaret\/wp-json\/wp\/v2\/types\/post"}],"author":[{"embeddable":true,"href":"https:\/\/bonifratrzy.pl\/klasztor-nazaret\/wp-json\/wp\/v2\/users\/57"}],"replies":[{"embeddable":true,"href":"https:\/\/bonifratrzy.pl\/klasztor-nazaret\/wp-json\/wp\/v2\/comments?post=7059"}],"version-history":[{"count":8,"href":"https:\/\/bonifratrzy.pl\/klasztor-nazaret\/wp-json\/wp\/v2\/posts\/7059\/revisions"}],"predecessor-version":[{"id":7073,"href":"https:\/\/bonifratrzy.pl\/klasztor-nazaret\/wp-json\/wp\/v2\/posts\/7059\/revisions\/7073"}],"wp:featuredmedia":[{"embeddable":true,"href":"https:\/\/bonifratrzy.pl\/klasztor-nazaret\/wp-json\/wp\/v2\/media\/7074"}],"wp:attachment":[{"href":"https:\/\/bonifratrzy.pl\/klasztor-nazaret\/wp-json\/wp\/v2\/media?parent=7059"}],"wp:term":[{"taxonomy":"category","embeddable":true,"href":"https:\/\/bonifratrzy.pl\/klasztor-nazaret\/wp-json\/wp\/v2\/categories?post=7059"},{"taxonomy":"post_tag","embeddable":true,"href":"https:\/\/bonifratrzy.pl\/klasztor-nazaret\/wp-json\/wp\/v2\/tags?post=7059"}],"curies":[{"name":"wp","href":"https:\/\/api.w.org\/{rel}","templated":true}]}}