{"id":6950,"date":"2021-05-07T09:13:16","date_gmt":"2021-05-07T07:13:16","guid":{"rendered":"https:\/\/bonifratrzy.pl\/klasztor-nazaret\/?p=6950"},"modified":"2021-05-07T09:15:20","modified_gmt":"2021-05-07T07:15:20","slug":"wiekszosc-oddzialow-covid-19-juz-zamknieta","status":"publish","type":"post","link":"https:\/\/bonifratrzy.pl\/klasztor-nazaret\/2021\/05\/07\/wiekszosc-oddzialow-covid-19-juz-zamknieta\/","title":{"rendered":"Wi\u0119kszo\u015b\u0107 oddzia\u0142\u00f3w Covid-19 ju\u017c zamkni\u0119ta"},"content":{"rendered":"<p>W Izraelu od trzech tygodni sukcesywnie zamyka si\u0119 oddzia\u0142y, gdzie leczono chorych na Covid-19. W naszym szpitalu ju\u017c miesi\u0105c oddzia\u0142 nie pracuje ze wzgl\u0119du na ma\u0142\u0105 liczb\u0119 zachorowa\u0144 w Galilei.<!--more--><\/p>\n<div class=\"wpmf-gallerys wpmf-gallerys-life \" ><div id=\"gallery-1\"\n data-gutter-width=\"5\"\n  data-wpmfcolumns=\"3\" class=\"wpmf-gallery gallery-link-file gallery_life gallery-masonry gallery-columns-3 gallery-size-medium wpmf-gallery-bottomspace-default wpmf-gallery-clear wpmf-has-border-radius-0 wpmf-gutterwidth-5\"><div class=\"wpmf-gallery-item\n     wpmf-gallery-item-position-0 wpmf-gallery-item-attachment-6953\" data-index=\"0\"><div class=\"wpmf-gallery-icon\"><a class=\" not_video noLightbox\" data-lightbox=\"1\" data-href=\"https:\/\/bonifratrzy.pl\/klasztor-nazaret\/wp-content\/uploads\/sites\/10\/2021\/05\/IMG-20210507-WA0000.jpg\" title=\"IMG 20210507 WA0000\" target=\"_self\" data-index=\"0\"><img decoding=\"async\" class=\"wpmf_img\" alt=\"IMG 20210507 WA0000\" src=\"https:\/\/bonifratrzy.pl\/klasztor-nazaret\/wp-content\/uploads\/sites\/10\/2021\/05\/IMG-20210507-WA0000-300x169.jpg\" data-type=\"wpmfgalleryimg\" data-lazy-src=\"https:\/\/bonifratrzy.pl\/klasztor-nazaret\/wp-content\/uploads\/sites\/10\/2021\/05\/IMG-20210507-WA0000-300x169.jpg\"><\/a><\/div><\/div><\/div><\/div>\n\n","protected":false},"excerpt":{"rendered":"<p>W Izraelu od trzech tygodni sukcesywnie zamyka si\u0119 oddzia\u0142y, gdzie leczono chorych na Covid-19. W naszym szpitalu ju\u017c miesi\u0105c oddzia\u0142 nie pracuje ze wzgl\u0119du na ma\u0142\u0105 liczb\u0119 zachorowa\u0144 w Galilei.<\/p>\n","protected":false},"author":57,"featured_media":6953,"comment_status":"open","ping_status":"open","sticky":false,"template":"","format":"standard","meta":{"footnotes":""},"categories":[1],"tags":[],"_links":{"self":[{"href":"https:\/\/bonifratrzy.pl\/klasztor-nazaret\/wp-json\/wp\/v2\/posts\/6950"}],"collection":[{"href":"https:\/\/bonifratrzy.pl\/klasztor-nazaret\/wp-json\/wp\/v2\/posts"}],"about":[{"href":"https:\/\/bonifratrzy.pl\/klasztor-nazaret\/wp-json\/wp\/v2\/types\/post"}],"author":[{"embeddable":true,"href":"https:\/\/bonifratrzy.pl\/klasztor-nazaret\/wp-json\/wp\/v2\/users\/57"}],"replies":[{"embeddable":true,"href":"https:\/\/bonifratrzy.pl\/klasztor-nazaret\/wp-json\/wp\/v2\/comments?post=6950"}],"version-history":[{"count":3,"href":"https:\/\/bonifratrzy.pl\/klasztor-nazaret\/wp-json\/wp\/v2\/posts\/6950\/revisions"}],"predecessor-version":[{"id":6955,"href":"https:\/\/bonifratrzy.pl\/klasztor-nazaret\/wp-json\/wp\/v2\/posts\/6950\/revisions\/6955"}],"wp:featuredmedia":[{"embeddable":true,"href":"https:\/\/bonifratrzy.pl\/klasztor-nazaret\/wp-json\/wp\/v2\/media\/6953"}],"wp:attachment":[{"href":"https:\/\/bonifratrzy.pl\/klasztor-nazaret\/wp-json\/wp\/v2\/media?parent=6950"}],"wp:term":[{"taxonomy":"category","embeddable":true,"href":"https:\/\/bonifratrzy.pl\/klasztor-nazaret\/wp-json\/wp\/v2\/categories?post=6950"},{"taxonomy":"post_tag","embeddable":true,"href":"https:\/\/bonifratrzy.pl\/klasztor-nazaret\/wp-json\/wp\/v2\/tags?post=6950"}],"curies":[{"name":"wp","href":"https:\/\/api.w.org\/{rel}","templated":true}]}}