{"id":6734,"date":"2021-04-05T10:46:26","date_gmt":"2021-04-05T08:46:26","guid":{"rendered":"https:\/\/bonifratrzy.pl\/klasztor-nazaret\/?p=6734"},"modified":"2021-04-07T20:52:49","modified_gmt":"2021-04-07T18:52:49","slug":"6734","status":"publish","type":"post","link":"https:\/\/bonifratrzy.pl\/klasztor-nazaret\/2021\/04\/05\/6734\/","title":{"rendered":"Od 5 kwietnia s. Carmel &#8211; now\u0105 prze\u0142o\u017con\u0105"},"content":{"rendered":"<p>W poniedzia\u0142ek wielkanocny rozpocz\u0119\u0142a pos\u0142ug\u0119 prze\u0142o\u017conej s. Carmel. Decyzj\u0105 siostry prowincjalnej zast\u0105pi\u0142a s. Aleya, kt\u00f3ra pe\u0142ni\u0142a ten urz\u0105d 9 lat. \u017byczymy obu siostrom Bo\u017cego b\u0142ogos\u0142awie\u0144stwa i modlimy si\u0119 w ich intencjach.<!--more--><\/p>\n<div class=\"wpmf-gallerys wpmf-gallerys-life \" ><div id=\"gallery-1\" class=\"gallery gallery_life wpmf_gallery_default gallery_default  gallery-columns-3 gallery-size-large gallery-link-file wpmf-has-border-radius-0 wpmf-gutterwidth-5 no_ratio\"><figure class=\"wpmf-gallery-item\" data-index=\"0\"><div class=\"wpmf-gallery-icon\"><div class=\"square_thumbnail\"><div class=\"img_centered\"><a class=\" not_video noLightbox\" data-lightbox=\"1\" data-href=\"https:\/\/bonifratrzy.pl\/klasztor-nazaret\/wp-content\/uploads\/sites\/10\/2021\/04\/IMG-20210407-WA0001-1024x498.jpg\" title=\"IMG 20210407 WA0001\" target=\"_self\" data-index=\"0\"><img decoding=\"async\" class=\"wpmf_img\" alt=\"IMG 20210407 WA0001\" src=\"https:\/\/bonifratrzy.pl\/klasztor-nazaret\/wp-content\/uploads\/sites\/10\/2021\/04\/IMG-20210407-WA0001-1024x498.jpg\" data-type=\"wpmfgalleryimg\" data-lazy-src=\"https:\/\/bonifratrzy.pl\/klasztor-nazaret\/wp-content\/uploads\/sites\/10\/2021\/04\/IMG-20210407-WA0001-1024x498.jpg\"><\/a><\/div><\/div><\/div><\/figure><figure class=\"wpmf-gallery-item\" data-index=\"1\"><div class=\"wpmf-gallery-icon\"><div class=\"square_thumbnail\"><div class=\"img_centered\"><a class=\" not_video noLightbox\" data-lightbox=\"1\" data-href=\"https:\/\/bonifratrzy.pl\/klasztor-nazaret\/wp-content\/uploads\/sites\/10\/2021\/04\/IMG-20210407-WA0002-1024x497.jpg\" title=\"IMG 20210407 WA0002\" target=\"_self\" data-index=\"1\"><img decoding=\"async\" class=\"wpmf_img\" alt=\"IMG 20210407 WA0002\" src=\"https:\/\/bonifratrzy.pl\/klasztor-nazaret\/wp-content\/uploads\/sites\/10\/2021\/04\/IMG-20210407-WA0002-1024x497.jpg\" data-type=\"wpmfgalleryimg\" data-lazy-src=\"https:\/\/bonifratrzy.pl\/klasztor-nazaret\/wp-content\/uploads\/sites\/10\/2021\/04\/IMG-20210407-WA0002-1024x497.jpg\"><\/a><\/div><\/div><\/div><\/figure><figure class=\"wpmf-gallery-item\" data-index=\"2\"><div class=\"wpmf-gallery-icon\"><div class=\"square_thumbnail\"><div class=\"img_centered\"><a class=\" not_video noLightbox\" data-lightbox=\"1\" data-href=\"https:\/\/bonifratrzy.pl\/klasztor-nazaret\/wp-content\/uploads\/sites\/10\/2021\/04\/IMG-20210407-WA0003-1024x497.jpg\" title=\"IMG 20210407 WA0003\" target=\"_self\" data-index=\"2\"><img decoding=\"async\" class=\"wpmf_img\" alt=\"IMG 20210407 WA0003\" src=\"https:\/\/bonifratrzy.pl\/klasztor-nazaret\/wp-content\/uploads\/sites\/10\/2021\/04\/IMG-20210407-WA0003-1024x497.jpg\" data-type=\"wpmfgalleryimg\" data-lazy-src=\"https:\/\/bonifratrzy.pl\/klasztor-nazaret\/wp-content\/uploads\/sites\/10\/2021\/04\/IMG-20210407-WA0003-1024x497.jpg\"><\/a><\/div><\/div><\/div><\/figure><figure class=\"wpmf-gallery-item\" data-index=\"3\"><div class=\"wpmf-gallery-icon\"><div class=\"square_thumbnail\"><div class=\"img_centered\"><a class=\" not_video noLightbox\" data-lightbox=\"1\" data-href=\"https:\/\/bonifratrzy.pl\/klasztor-nazaret\/wp-content\/uploads\/sites\/10\/2021\/04\/IMG-20210407-WA0004-1024x497.jpg\" title=\"IMG 20210407 WA0004\" target=\"_self\" data-index=\"3\"><img decoding=\"async\" class=\"wpmf_img\" alt=\"IMG 20210407 WA0004\" src=\"https:\/\/bonifratrzy.pl\/klasztor-nazaret\/wp-content\/uploads\/sites\/10\/2021\/04\/IMG-20210407-WA0004-1024x497.jpg\" data-type=\"wpmfgalleryimg\" data-lazy-src=\"https:\/\/bonifratrzy.pl\/klasztor-nazaret\/wp-content\/uploads\/sites\/10\/2021\/04\/IMG-20210407-WA0004-1024x497.jpg\"><\/a><\/div><\/div><\/div><\/figure><figure class=\"wpmf-gallery-item\" data-index=\"4\"><div class=\"wpmf-gallery-icon\"><div class=\"square_thumbnail\"><div class=\"img_centered\"><a class=\" not_video noLightbox\" data-lightbox=\"1\" data-href=\"https:\/\/bonifratrzy.pl\/klasztor-nazaret\/wp-content\/uploads\/sites\/10\/2021\/04\/IMG-20210407-WA0005-1024x497.jpg\" title=\"IMG 20210407 WA0005\" target=\"_self\" data-index=\"4\"><img decoding=\"async\" class=\"wpmf_img\" alt=\"IMG 20210407 WA0005\" src=\"https:\/\/bonifratrzy.pl\/klasztor-nazaret\/wp-content\/uploads\/sites\/10\/2021\/04\/IMG-20210407-WA0005-1024x497.jpg\" data-type=\"wpmfgalleryimg\" data-lazy-src=\"https:\/\/bonifratrzy.pl\/klasztor-nazaret\/wp-content\/uploads\/sites\/10\/2021\/04\/IMG-20210407-WA0005-1024x497.jpg\"><\/a><\/div><\/div><\/div><\/figure><figure class=\"wpmf-gallery-item\" data-index=\"5\"><div class=\"wpmf-gallery-icon\"><div class=\"square_thumbnail\"><div class=\"img_centered\"><a class=\" not_video noLightbox\" data-lightbox=\"1\" data-href=\"https:\/\/bonifratrzy.pl\/klasztor-nazaret\/wp-content\/uploads\/sites\/10\/2021\/04\/IMG-20210407-WA0006-1024x497.jpg\" title=\"IMG 20210407 WA0006\" target=\"_self\" data-index=\"5\"><img decoding=\"async\" class=\"wpmf_img\" alt=\"IMG 20210407 WA0006\" src=\"https:\/\/bonifratrzy.pl\/klasztor-nazaret\/wp-content\/uploads\/sites\/10\/2021\/04\/IMG-20210407-WA0006-1024x497.jpg\" data-type=\"wpmfgalleryimg\" data-lazy-src=\"https:\/\/bonifratrzy.pl\/klasztor-nazaret\/wp-content\/uploads\/sites\/10\/2021\/04\/IMG-20210407-WA0006-1024x497.jpg\"><\/a><\/div><\/div><\/div><\/figure><\/div><\/div>\n","protected":false},"excerpt":{"rendered":"<p>W poniedzia\u0142ek wielkanocny rozpocz\u0119\u0142a pos\u0142ug\u0119 prze\u0142o\u017conej s. Carmel. Decyzj\u0105 siostry prowincjalnej zast\u0105pi\u0142a s. Aleya, kt\u00f3ra pe\u0142ni\u0142a ten urz\u0105d 9 lat. \u017byczymy obu siostrom Bo\u017cego b\u0142ogos\u0142awie\u0144stwa i modlimy si\u0119 w ich intencjach.<\/p>\n","protected":false},"author":57,"featured_media":6739,"comment_status":"open","ping_status":"open","sticky":false,"template":"","format":"standard","meta":{"footnotes":""},"categories":[1],"tags":[],"_links":{"self":[{"href":"https:\/\/bonifratrzy.pl\/klasztor-nazaret\/wp-json\/wp\/v2\/posts\/6734"}],"collection":[{"href":"https:\/\/bonifratrzy.pl\/klasztor-nazaret\/wp-json\/wp\/v2\/posts"}],"about":[{"href":"https:\/\/bonifratrzy.pl\/klasztor-nazaret\/wp-json\/wp\/v2\/types\/post"}],"author":[{"embeddable":true,"href":"https:\/\/bonifratrzy.pl\/klasztor-nazaret\/wp-json\/wp\/v2\/users\/57"}],"replies":[{"embeddable":true,"href":"https:\/\/bonifratrzy.pl\/klasztor-nazaret\/wp-json\/wp\/v2\/comments?post=6734"}],"version-history":[{"count":3,"href":"https:\/\/bonifratrzy.pl\/klasztor-nazaret\/wp-json\/wp\/v2\/posts\/6734\/revisions"}],"predecessor-version":[{"id":6745,"href":"https:\/\/bonifratrzy.pl\/klasztor-nazaret\/wp-json\/wp\/v2\/posts\/6734\/revisions\/6745"}],"wp:featuredmedia":[{"embeddable":true,"href":"https:\/\/bonifratrzy.pl\/klasztor-nazaret\/wp-json\/wp\/v2\/media\/6739"}],"wp:attachment":[{"href":"https:\/\/bonifratrzy.pl\/klasztor-nazaret\/wp-json\/wp\/v2\/media?parent=6734"}],"wp:term":[{"taxonomy":"category","embeddable":true,"href":"https:\/\/bonifratrzy.pl\/klasztor-nazaret\/wp-json\/wp\/v2\/categories?post=6734"},{"taxonomy":"post_tag","embeddable":true,"href":"https:\/\/bonifratrzy.pl\/klasztor-nazaret\/wp-json\/wp\/v2\/tags?post=6734"}],"curies":[{"name":"wp","href":"https:\/\/api.w.org\/{rel}","templated":true}]}}