{"id":6580,"date":"2021-03-25T00:00:53","date_gmt":"2021-03-24T23:00:53","guid":{"rendered":"https:\/\/bonifratrzy.pl\/klasztor-nazaret\/?p=6580"},"modified":"2021-03-24T21:40:14","modified_gmt":"2021-03-24T20:40:14","slug":"25-marca-uroczystosc-zwiastowania-nmp-w-nazarecie","status":"publish","type":"post","link":"https:\/\/bonifratrzy.pl\/klasztor-nazaret\/2021\/03\/25\/25-marca-uroczystosc-zwiastowania-nmp-w-nazarecie\/","title":{"rendered":"25 marca &#8211; Uroczysto\u015b\u0107 Zwiastowania NMP w Nazarecie"},"content":{"rendered":"<p>Wsp\u00f3lnota Zakonu \u015awi\u0119tego Jana Bo\u017cego z Nazaretu przesy\u0142a wszystkim siostrom, braciom, wsp\u00f3\u0142pracownikom i pacjentom oraz przyjacio\u0142om, kt\u00f3rzy kochaj\u0105 Matk\u0119 Bo\u017c\u0105, serdeczne \u017cyczenia z darem modlitwy i przyja\u017ani. Szcz\u0119\u015b\u0107 Wam, Bo\u017ce.<!--more--><\/p>\n<div style=\"width: 640px;\" class=\"wp-video\"><!--[if lt IE 9]><script>document.createElement('video');<\/script><![endif]-->\n<video class=\"wp-video-shortcode\" id=\"video-6580-1\" width=\"640\" height=\"352\" preload=\"metadata\" controls=\"controls\"><source type=\"video\/mp4\" src=\"https:\/\/bonifratrzy.pl\/klasztor-nazaret\/wp-content\/uploads\/sites\/10\/2021\/03\/VID-20210324-WA0026.mp4?_=1\" \/><a href=\"https:\/\/bonifratrzy.pl\/klasztor-nazaret\/wp-content\/uploads\/sites\/10\/2021\/03\/VID-20210324-WA0026.mp4\">https:\/\/bonifratrzy.pl\/klasztor-nazaret\/wp-content\/uploads\/sites\/10\/2021\/03\/VID-20210324-WA0026.mp4<\/a><\/video><\/div>\n","protected":false},"excerpt":{"rendered":"<p>Wsp\u00f3lnota Zakonu \u015awi\u0119tego Jana Bo\u017cego z Nazaretu przesy\u0142a wszystkim siostrom, braciom, wsp\u00f3\u0142pracownikom i pacjentom oraz przyjacio\u0142om, kt\u00f3rzy kochaj\u0105 Matk\u0119 Bo\u017c\u0105, serdeczne \u017cyczenia z darem modlitwy i przyja\u017ani. Szcz\u0119\u015b\u0107 Wam, Bo\u017ce.<\/p>\n","protected":false},"author":57,"featured_media":6555,"comment_status":"open","ping_status":"open","sticky":false,"template":"","format":"standard","meta":{"footnotes":""},"categories":[1],"tags":[],"_links":{"self":[{"href":"https:\/\/bonifratrzy.pl\/klasztor-nazaret\/wp-json\/wp\/v2\/posts\/6580"}],"collection":[{"href":"https:\/\/bonifratrzy.pl\/klasztor-nazaret\/wp-json\/wp\/v2\/posts"}],"about":[{"href":"https:\/\/bonifratrzy.pl\/klasztor-nazaret\/wp-json\/wp\/v2\/types\/post"}],"author":[{"embeddable":true,"href":"https:\/\/bonifratrzy.pl\/klasztor-nazaret\/wp-json\/wp\/v2\/users\/57"}],"replies":[{"embeddable":true,"href":"https:\/\/bonifratrzy.pl\/klasztor-nazaret\/wp-json\/wp\/v2\/comments?post=6580"}],"version-history":[{"count":2,"href":"https:\/\/bonifratrzy.pl\/klasztor-nazaret\/wp-json\/wp\/v2\/posts\/6580\/revisions"}],"predecessor-version":[{"id":6586,"href":"https:\/\/bonifratrzy.pl\/klasztor-nazaret\/wp-json\/wp\/v2\/posts\/6580\/revisions\/6586"}],"wp:featuredmedia":[{"embeddable":true,"href":"https:\/\/bonifratrzy.pl\/klasztor-nazaret\/wp-json\/wp\/v2\/media\/6555"}],"wp:attachment":[{"href":"https:\/\/bonifratrzy.pl\/klasztor-nazaret\/wp-json\/wp\/v2\/media?parent=6580"}],"wp:term":[{"taxonomy":"category","embeddable":true,"href":"https:\/\/bonifratrzy.pl\/klasztor-nazaret\/wp-json\/wp\/v2\/categories?post=6580"},{"taxonomy":"post_tag","embeddable":true,"href":"https:\/\/bonifratrzy.pl\/klasztor-nazaret\/wp-json\/wp\/v2\/tags?post=6580"}],"curies":[{"name":"wp","href":"https:\/\/api.w.org\/{rel}","templated":true}]}}