{"id":6484,"date":"2021-03-19T15:02:45","date_gmt":"2021-03-19T14:02:45","guid":{"rendered":"https:\/\/bonifratrzy.pl\/klasztor-nazaret\/?p=6484"},"modified":"2021-03-19T19:08:09","modified_gmt":"2021-03-19T18:08:09","slug":"19-marca-2021-uroczystosc-sw-jozefa","status":"publish","type":"post","link":"https:\/\/bonifratrzy.pl\/klasztor-nazaret\/2021\/03\/19\/19-marca-2021-uroczystosc-sw-jozefa\/","title":{"rendered":"19 marca 2021 &#8211; Uroczysto\u015b\u0107 \u015bw. J\u00f3zefa"},"content":{"rendered":"<p>Triduum przed uroczysto\u015bci\u0105 rozpocz\u0119li\u015bmy w Nazarecie &#8211; Msz\u0105 \u015awi\u0119t\u0105 w \u015brod\u0119 17 marca w ko\u015bciele \u015bw. J\u00f3zefa. W czwartek 18 marca kustosz Franciszkan\u00f3w przewodniczy\u0142 nieszporom, a 19 marca w bazylice Zwiastowania NMP odby\u0142a si\u0119 uroczysto\u015b\u0107 odpustowa o 10.30 z procesj\u0105 do krypty J\u00f3zefa. <!--more--><\/p>\n<p>W po\u0142udnie modlitwa Anio\u0142 Pa\u0144ski z duchownymi z Nazaretu w Grocie Maryi, a o 18.00 dla arabskich parafian Msza \u015awi\u0119ta ku czci \u015bw. J\u00f3zefa.<\/p>\n<div class=\"wpmf-gallerys wpmf-gallerys-life \" ><div id=\"gallery-1\" class=\"gallery gallery_life wpmf_gallery_default gallery_default  gallery-columns-3 gallery-size-medium gallery-link-file wpmf-has-border-radius-0 wpmf-gutterwidth-5 no_ratio\"><figure class=\"wpmf-gallery-item\" data-index=\"0\"><div class=\"wpmf-gallery-icon\"><div class=\"square_thumbnail\"><div class=\"img_centered\"><a class=\" not_video noLightbox\" data-lightbox=\"1\" data-href=\"https:\/\/bonifratrzy.pl\/klasztor-nazaret\/wp-content\/uploads\/sites\/10\/2021\/03\/IMG-20210319-WA0024-1024x576.jpg\" title=\"IMG 20210319 WA0024\" target=\"_self\" data-index=\"0\"><img decoding=\"async\" class=\"wpmf_img\" alt=\"IMG 20210319 WA0024\" src=\"https:\/\/bonifratrzy.pl\/klasztor-nazaret\/wp-content\/uploads\/sites\/10\/2021\/03\/IMG-20210319-WA0024-300x169.jpg\" data-type=\"wpmfgalleryimg\" data-lazy-src=\"https:\/\/bonifratrzy.pl\/klasztor-nazaret\/wp-content\/uploads\/sites\/10\/2021\/03\/IMG-20210319-WA0024-300x169.jpg\"><\/a><\/div><\/div><\/div><\/figure><figure class=\"wpmf-gallery-item\" data-index=\"1\"><div class=\"wpmf-gallery-icon\"><div class=\"square_thumbnail\"><div class=\"img_centered\"><a class=\" not_video noLightbox\" data-lightbox=\"1\" data-href=\"https:\/\/bonifratrzy.pl\/klasztor-nazaret\/wp-content\/uploads\/sites\/10\/2021\/03\/IMG-20210319-WA0027-1024x497.jpg\" title=\"IMG 20210319 WA0027\" target=\"_self\" data-index=\"1\"><img decoding=\"async\" class=\"wpmf_img\" alt=\"IMG 20210319 WA0027\" src=\"https:\/\/bonifratrzy.pl\/klasztor-nazaret\/wp-content\/uploads\/sites\/10\/2021\/03\/IMG-20210319-WA0027-300x146.jpg\" data-type=\"wpmfgalleryimg\" data-lazy-src=\"https:\/\/bonifratrzy.pl\/klasztor-nazaret\/wp-content\/uploads\/sites\/10\/2021\/03\/IMG-20210319-WA0027-300x146.jpg\"><\/a><\/div><\/div><\/div><\/figure><figure class=\"wpmf-gallery-item\" data-index=\"2\"><div class=\"wpmf-gallery-icon\"><div class=\"square_thumbnail\"><div class=\"img_centered\"><a class=\" not_video noLightbox\" data-lightbox=\"1\" data-href=\"https:\/\/bonifratrzy.pl\/klasztor-nazaret\/wp-content\/uploads\/sites\/10\/2021\/03\/IMG-20210319-WA0026.jpg\" title=\"IMG 20210319 WA0026\" target=\"_self\" data-index=\"2\"><img decoding=\"async\" class=\"wpmf_img\" alt=\"IMG 20210319 WA0026\" src=\"https:\/\/bonifratrzy.pl\/klasztor-nazaret\/wp-content\/uploads\/sites\/10\/2021\/03\/IMG-20210319-WA0026-300x146.jpg\" data-type=\"wpmfgalleryimg\" data-lazy-src=\"https:\/\/bonifratrzy.pl\/klasztor-nazaret\/wp-content\/uploads\/sites\/10\/2021\/03\/IMG-20210319-WA0026-300x146.jpg\"><\/a><\/div><\/div><\/div><\/figure><\/div><\/div>\n","protected":false},"excerpt":{"rendered":"<p>Triduum przed uroczysto\u015bci\u0105 rozpocz\u0119li\u015bmy w Nazarecie &#8211; Msz\u0105 \u015awi\u0119t\u0105 w \u015brod\u0119 17 marca w ko\u015bciele \u015bw. J\u00f3zefa. W czwartek 18 marca kustosz Franciszkan\u00f3w przewodniczy\u0142 nieszporom, a 19 marca w bazylice Zwiastowania NMP odby\u0142a si\u0119 uroczysto\u015b\u0107 odpustowa o 10.30 z procesj\u0105 do krypty J\u00f3zefa.<\/p>\n","protected":false},"author":57,"featured_media":6486,"comment_status":"open","ping_status":"open","sticky":false,"template":"","format":"standard","meta":{"footnotes":""},"categories":[1],"tags":[],"_links":{"self":[{"href":"https:\/\/bonifratrzy.pl\/klasztor-nazaret\/wp-json\/wp\/v2\/posts\/6484"}],"collection":[{"href":"https:\/\/bonifratrzy.pl\/klasztor-nazaret\/wp-json\/wp\/v2\/posts"}],"about":[{"href":"https:\/\/bonifratrzy.pl\/klasztor-nazaret\/wp-json\/wp\/v2\/types\/post"}],"author":[{"embeddable":true,"href":"https:\/\/bonifratrzy.pl\/klasztor-nazaret\/wp-json\/wp\/v2\/users\/57"}],"replies":[{"embeddable":true,"href":"https:\/\/bonifratrzy.pl\/klasztor-nazaret\/wp-json\/wp\/v2\/comments?post=6484"}],"version-history":[{"count":9,"href":"https:\/\/bonifratrzy.pl\/klasztor-nazaret\/wp-json\/wp\/v2\/posts\/6484\/revisions"}],"predecessor-version":[{"id":6499,"href":"https:\/\/bonifratrzy.pl\/klasztor-nazaret\/wp-json\/wp\/v2\/posts\/6484\/revisions\/6499"}],"wp:featuredmedia":[{"embeddable":true,"href":"https:\/\/bonifratrzy.pl\/klasztor-nazaret\/wp-json\/wp\/v2\/media\/6486"}],"wp:attachment":[{"href":"https:\/\/bonifratrzy.pl\/klasztor-nazaret\/wp-json\/wp\/v2\/media?parent=6484"}],"wp:term":[{"taxonomy":"category","embeddable":true,"href":"https:\/\/bonifratrzy.pl\/klasztor-nazaret\/wp-json\/wp\/v2\/categories?post=6484"},{"taxonomy":"post_tag","embeddable":true,"href":"https:\/\/bonifratrzy.pl\/klasztor-nazaret\/wp-json\/wp\/v2\/tags?post=6484"}],"curies":[{"name":"wp","href":"https:\/\/api.w.org\/{rel}","templated":true}]}}