{"id":6456,"date":"2021-03-08T14:43:53","date_gmt":"2021-03-08T13:43:53","guid":{"rendered":"https:\/\/bonifratrzy.pl\/klasztor-nazaret\/?p=6456"},"modified":"2021-03-19T14:48:53","modified_gmt":"2021-03-19T13:48:53","slug":"teatr-w-szpitalu-dla-medykow","status":"publish","type":"post","link":"https:\/\/bonifratrzy.pl\/klasztor-nazaret\/2021\/03\/08\/teatr-w-szpitalu-dla-medykow\/","title":{"rendered":"Teatr w szpitalu dla medyk\u00f3w"},"content":{"rendered":"<div>W poniedzia\u0142ek 8 marca 2021 mia\u0142o miejsce spotkanie teatralne jednego aktora z pracownikami z okazji Mi\u0119dzynarodowego Dnia Kobiet. W audytorium szpitalnym odby\u0142y si\u0119 dwa przedstawienia teatralne artystki pani Sany Lahab, kt\u00f3re zosta\u0142y zaprezentowane przez gmin\u0119 Nazareth i Ministerstwo Kultury w uznaniu dla personelu medycznego za ich wysi\u0142ek i po\u015bwi\u0119cenie przez ca\u0142y ci\u0119\u017cki rok s\u0142u\u017cby z pandemi\u0105.\u00a0<a href=\"https:\/\/www.alarab.com\/Article\/985942\">https:\/\/www.alarab.com\/Article\/985942<\/a><\/div>\n<p><!--more--><\/p>\n<div class=\"wpmf-gallerys wpmf-gallerys-life \" ><div id=\"gallery-1\" class=\"gallery gallery_life wpmf_gallery_default gallery_default  gallery-columns-3 gallery-size-medium gallery-link-file wpmf-has-border-radius-0 wpmf-gutterwidth-5 no_ratio\"><figure class=\"wpmf-gallery-item\" data-index=\"0\"><div class=\"wpmf-gallery-icon\"><div class=\"square_thumbnail\"><div class=\"img_centered\"><a class=\" not_video noLightbox\" data-lightbox=\"1\" data-href=\"https:\/\/bonifratrzy.pl\/klasztor-nazaret\/wp-content\/uploads\/sites\/10\/2021\/03\/IMG-20210319-WA0006.jpg\" title=\"IMG 20210319 WA0006\" target=\"_self\" data-index=\"0\"><img decoding=\"async\" class=\"wpmf_img\" alt=\"IMG 20210319 WA0006\" src=\"https:\/\/bonifratrzy.pl\/klasztor-nazaret\/wp-content\/uploads\/sites\/10\/2021\/03\/IMG-20210319-WA0006-300x169.jpg\" data-type=\"wpmfgalleryimg\" data-lazy-src=\"https:\/\/bonifratrzy.pl\/klasztor-nazaret\/wp-content\/uploads\/sites\/10\/2021\/03\/IMG-20210319-WA0006-300x169.jpg\"><\/a><\/div><\/div><\/div><\/figure><\/div><\/div>\n","protected":false},"excerpt":{"rendered":"<p>W poniedzia\u0142ek 8 marca 2021 mia\u0142o miejsce spotkanie teatralne jednego aktora z pracownikami z okazji Mi\u0119dzynarodowego Dnia Kobiet. W audytorium szpitalnym odby\u0142y si\u0119 dwa przedstawienia teatralne artystki pani Sany Lahab, kt\u00f3re zosta\u0142y zaprezentowane przez gmin\u0119 Nazareth i Ministerstwo Kultury w uznaniu dla personelu medycznego za ich wysi\u0142ek i po\u015bwi\u0119cenie przez ca\u0142y ci\u0119\u017cki rok s\u0142u\u017cby z [&hellip;]<\/p>\n","protected":false},"author":57,"featured_media":6457,"comment_status":"open","ping_status":"open","sticky":false,"template":"","format":"standard","meta":{"footnotes":""},"categories":[1],"tags":[],"_links":{"self":[{"href":"https:\/\/bonifratrzy.pl\/klasztor-nazaret\/wp-json\/wp\/v2\/posts\/6456"}],"collection":[{"href":"https:\/\/bonifratrzy.pl\/klasztor-nazaret\/wp-json\/wp\/v2\/posts"}],"about":[{"href":"https:\/\/bonifratrzy.pl\/klasztor-nazaret\/wp-json\/wp\/v2\/types\/post"}],"author":[{"embeddable":true,"href":"https:\/\/bonifratrzy.pl\/klasztor-nazaret\/wp-json\/wp\/v2\/users\/57"}],"replies":[{"embeddable":true,"href":"https:\/\/bonifratrzy.pl\/klasztor-nazaret\/wp-json\/wp\/v2\/comments?post=6456"}],"version-history":[{"count":2,"href":"https:\/\/bonifratrzy.pl\/klasztor-nazaret\/wp-json\/wp\/v2\/posts\/6456\/revisions"}],"predecessor-version":[{"id":6459,"href":"https:\/\/bonifratrzy.pl\/klasztor-nazaret\/wp-json\/wp\/v2\/posts\/6456\/revisions\/6459"}],"wp:featuredmedia":[{"embeddable":true,"href":"https:\/\/bonifratrzy.pl\/klasztor-nazaret\/wp-json\/wp\/v2\/media\/6457"}],"wp:attachment":[{"href":"https:\/\/bonifratrzy.pl\/klasztor-nazaret\/wp-json\/wp\/v2\/media?parent=6456"}],"wp:term":[{"taxonomy":"category","embeddable":true,"href":"https:\/\/bonifratrzy.pl\/klasztor-nazaret\/wp-json\/wp\/v2\/categories?post=6456"},{"taxonomy":"post_tag","embeddable":true,"href":"https:\/\/bonifratrzy.pl\/klasztor-nazaret\/wp-json\/wp\/v2\/tags?post=6456"}],"curies":[{"name":"wp","href":"https:\/\/api.w.org\/{rel}","templated":true}]}}