{"id":5060,"date":"2020-06-05T08:56:26","date_gmt":"2020-06-05T06:56:26","guid":{"rendered":"https:\/\/bonifratrzy.pl\/klasztor-nazaret\/?p=5060"},"modified":"2020-06-05T08:56:36","modified_gmt":"2020-06-05T06:56:36","slug":"dzien-wspomnienia-sw-bonifacego","status":"publish","type":"post","link":"https:\/\/bonifratrzy.pl\/klasztor-nazaret\/2020\/06\/05\/dzien-wspomnienia-sw-bonifacego\/","title":{"rendered":"Dzie\u0144 wspomnienia \u015bw. Bonifacego"},"content":{"rendered":"<p>5 czerwca swoje patronalne imieniny w Zakonie Bonifratr\u00f3w obchodzi br. Bonifacy Ja\u015bkiewicz. \u017byczymy Mu sta\u0142ego wzrostu duchowego oraz zdrowia i rado\u015bci w Dniu Imienin i w ka\u017cdym nast\u0119pnym dniu \u017cycia zakonnego. Do \u017cycze\u0144 do\u0142\u0105czamy modlitw\u0119 w intencji Solenizanta i duchowe owoce Mszy \u015awi\u0119tej.<\/p>\n","protected":false},"excerpt":{"rendered":"<p>5 czerwca swoje patronalne imieniny w Zakonie Bonifratr\u00f3w obchodzi br. Bonifacy Ja\u015bkiewicz. \u017byczymy Mu sta\u0142ego wzrostu duchowego oraz zdrowia i rado\u015bci w Dniu Imienin i w ka\u017cdym nast\u0119pnym dniu \u017cycia zakonnego. Do \u017cycze\u0144 do\u0142\u0105czamy modlitw\u0119 w intencji Solenizanta i duchowe owoce Mszy \u015awi\u0119tej.<\/p>\n","protected":false},"author":57,"featured_media":5061,"comment_status":"open","ping_status":"open","sticky":false,"template":"","format":"standard","meta":{"footnotes":""},"categories":[1],"tags":[],"_links":{"self":[{"href":"https:\/\/bonifratrzy.pl\/klasztor-nazaret\/wp-json\/wp\/v2\/posts\/5060"}],"collection":[{"href":"https:\/\/bonifratrzy.pl\/klasztor-nazaret\/wp-json\/wp\/v2\/posts"}],"about":[{"href":"https:\/\/bonifratrzy.pl\/klasztor-nazaret\/wp-json\/wp\/v2\/types\/post"}],"author":[{"embeddable":true,"href":"https:\/\/bonifratrzy.pl\/klasztor-nazaret\/wp-json\/wp\/v2\/users\/57"}],"replies":[{"embeddable":true,"href":"https:\/\/bonifratrzy.pl\/klasztor-nazaret\/wp-json\/wp\/v2\/comments?post=5060"}],"version-history":[{"count":1,"href":"https:\/\/bonifratrzy.pl\/klasztor-nazaret\/wp-json\/wp\/v2\/posts\/5060\/revisions"}],"predecessor-version":[{"id":5062,"href":"https:\/\/bonifratrzy.pl\/klasztor-nazaret\/wp-json\/wp\/v2\/posts\/5060\/revisions\/5062"}],"wp:featuredmedia":[{"embeddable":true,"href":"https:\/\/bonifratrzy.pl\/klasztor-nazaret\/wp-json\/wp\/v2\/media\/5061"}],"wp:attachment":[{"href":"https:\/\/bonifratrzy.pl\/klasztor-nazaret\/wp-json\/wp\/v2\/media?parent=5060"}],"wp:term":[{"taxonomy":"category","embeddable":true,"href":"https:\/\/bonifratrzy.pl\/klasztor-nazaret\/wp-json\/wp\/v2\/categories?post=5060"},{"taxonomy":"post_tag","embeddable":true,"href":"https:\/\/bonifratrzy.pl\/klasztor-nazaret\/wp-json\/wp\/v2\/tags?post=5060"}],"curies":[{"name":"wp","href":"https:\/\/api.w.org\/{rel}","templated":true}]}}