{"id":4965,"date":"2020-05-17T17:29:36","date_gmt":"2020-05-17T15:29:36","guid":{"rendered":"https:\/\/bonifratrzy.pl\/klasztor-nazaret\/?p=4965"},"modified":"2020-05-17T17:31:01","modified_gmt":"2020-05-17T15:31:01","slug":"18-maja-70-rocznica-kanonizacji","status":"publish","type":"post","link":"https:\/\/bonifratrzy.pl\/klasztor-nazaret\/2020\/05\/17\/18-maja-70-rocznica-kanonizacji\/","title":{"rendered":"18 maja 70. rocznica kanonizacji"},"content":{"rendered":"<p>W poniedzia\u0142ek, 18 maja, Zgromadzenie Si\u00f3str Mi\u0142osierdzia \u201eMaria Bambina\u201d, celebruje uroczysto\u015b\u0107 za\u0142o\u017cycielek Zgromadzenia: Bart\u0142omieji i Wincencji. W tym roku przypada 70 lat od ich kanonizacji. W niedziel\u0119 siostry wyda\u0142y uroczysty obiad, a w poniedzia\u0142ek w kaplicy dzi\u0119kowali\u015bmy Bogu za dzie\u0142o, charyzmat i pos\u0142ug\u0119 si\u00f3str na \u015bwiecie.<!--more--><\/p>\n<div class=\"wpmf-gallerys wpmf-gallerys-life \" ><div id=\"gallery-1\" class=\"gallery gallery_life wpmf_gallery_default gallery_default  gallery-columns-3 gallery-size-medium gallery-link-file wpmf-has-border-radius-0 wpmf-gutterwidth-5 no_ratio\"><figure class=\"wpmf-gallery-item\" data-index=\"0\"><div class=\"wpmf-gallery-icon\"><div class=\"square_thumbnail\"><div class=\"img_centered\"><a class=\" not_video noLightbox\" data-lightbox=\"1\" data-href=\"https:\/\/bonifratrzy.pl\/klasztor-nazaret\/wp-content\/uploads\/sites\/10\/2020\/05\/IMG-202005182-1024x497.jpg\" title=\"IMG 202005182\" target=\"_self\" data-index=\"0\"><img decoding=\"async\" class=\"wpmf_img\" alt=\"IMG 202005182\" src=\"https:\/\/bonifratrzy.pl\/klasztor-nazaret\/wp-content\/uploads\/sites\/10\/2020\/05\/IMG-202005182-300x146.jpg\" data-type=\"wpmfgalleryimg\" data-lazy-src=\"https:\/\/bonifratrzy.pl\/klasztor-nazaret\/wp-content\/uploads\/sites\/10\/2020\/05\/IMG-202005182-300x146.jpg\"><\/a><\/div><\/div><\/div><\/figure><figure class=\"wpmf-gallery-item\" data-index=\"1\"><div class=\"wpmf-gallery-icon\"><div class=\"square_thumbnail\"><div class=\"img_centered\"><a class=\" not_video noLightbox\" data-lightbox=\"1\" data-href=\"https:\/\/bonifratrzy.pl\/klasztor-nazaret\/wp-content\/uploads\/sites\/10\/2020\/05\/IMG-202005183-1024x578.jpg\" title=\"IMG 202005183\" target=\"_self\" data-index=\"1\"><img decoding=\"async\" class=\"wpmf_img\" alt=\"IMG 202005183\" src=\"https:\/\/bonifratrzy.pl\/klasztor-nazaret\/wp-content\/uploads\/sites\/10\/2020\/05\/IMG-202005183-300x169.jpg\" data-type=\"wpmfgalleryimg\" data-lazy-src=\"https:\/\/bonifratrzy.pl\/klasztor-nazaret\/wp-content\/uploads\/sites\/10\/2020\/05\/IMG-202005183-300x169.jpg\"><\/a><\/div><\/div><\/div><\/figure><figure class=\"wpmf-gallery-item\" data-index=\"2\"><div class=\"wpmf-gallery-icon\"><div class=\"square_thumbnail\"><div class=\"img_centered\"><a class=\" not_video noLightbox\" data-lightbox=\"1\" data-href=\"https:\/\/bonifratrzy.pl\/klasztor-nazaret\/wp-content\/uploads\/sites\/10\/2020\/05\/IMG-202005184-1024x497.jpg\" title=\"IMG 202005184\" target=\"_self\" data-index=\"2\"><img decoding=\"async\" class=\"wpmf_img\" alt=\"IMG 202005184\" src=\"https:\/\/bonifratrzy.pl\/klasztor-nazaret\/wp-content\/uploads\/sites\/10\/2020\/05\/IMG-202005184-300x146.jpg\" data-type=\"wpmfgalleryimg\" data-lazy-src=\"https:\/\/bonifratrzy.pl\/klasztor-nazaret\/wp-content\/uploads\/sites\/10\/2020\/05\/IMG-202005184-300x146.jpg\"><\/a><\/div><\/div><\/div><\/figure><\/div><\/div>\n","protected":false},"excerpt":{"rendered":"<p>W poniedzia\u0142ek, 18 maja, Zgromadzenie Si\u00f3str Mi\u0142osierdzia \u201eMaria Bambina\u201d, celebruje uroczysto\u015b\u0107 za\u0142o\u017cycielek Zgromadzenia: Bart\u0142omieji i Wincencji. W tym roku przypada 70 lat od ich kanonizacji. W niedziel\u0119 siostry wyda\u0142y uroczysty obiad, a w poniedzia\u0142ek w kaplicy dzi\u0119kowali\u015bmy Bogu za dzie\u0142o, charyzmat i pos\u0142ug\u0119 si\u00f3str na \u015bwiecie.<\/p>\n","protected":false},"author":57,"featured_media":4966,"comment_status":"open","ping_status":"open","sticky":false,"template":"","format":"standard","meta":{"footnotes":""},"categories":[1],"tags":[],"_links":{"self":[{"href":"https:\/\/bonifratrzy.pl\/klasztor-nazaret\/wp-json\/wp\/v2\/posts\/4965"}],"collection":[{"href":"https:\/\/bonifratrzy.pl\/klasztor-nazaret\/wp-json\/wp\/v2\/posts"}],"about":[{"href":"https:\/\/bonifratrzy.pl\/klasztor-nazaret\/wp-json\/wp\/v2\/types\/post"}],"author":[{"embeddable":true,"href":"https:\/\/bonifratrzy.pl\/klasztor-nazaret\/wp-json\/wp\/v2\/users\/57"}],"replies":[{"embeddable":true,"href":"https:\/\/bonifratrzy.pl\/klasztor-nazaret\/wp-json\/wp\/v2\/comments?post=4965"}],"version-history":[{"count":2,"href":"https:\/\/bonifratrzy.pl\/klasztor-nazaret\/wp-json\/wp\/v2\/posts\/4965\/revisions"}],"predecessor-version":[{"id":4971,"href":"https:\/\/bonifratrzy.pl\/klasztor-nazaret\/wp-json\/wp\/v2\/posts\/4965\/revisions\/4971"}],"wp:featuredmedia":[{"embeddable":true,"href":"https:\/\/bonifratrzy.pl\/klasztor-nazaret\/wp-json\/wp\/v2\/media\/4966"}],"wp:attachment":[{"href":"https:\/\/bonifratrzy.pl\/klasztor-nazaret\/wp-json\/wp\/v2\/media?parent=4965"}],"wp:term":[{"taxonomy":"category","embeddable":true,"href":"https:\/\/bonifratrzy.pl\/klasztor-nazaret\/wp-json\/wp\/v2\/categories?post=4965"},{"taxonomy":"post_tag","embeddable":true,"href":"https:\/\/bonifratrzy.pl\/klasztor-nazaret\/wp-json\/wp\/v2\/tags?post=4965"}],"curies":[{"name":"wp","href":"https:\/\/api.w.org\/{rel}","templated":true}]}}