{"id":4403,"date":"2024-06-25T09:49:08","date_gmt":"2024-06-25T07:49:08","guid":{"rendered":"https:\/\/bonifratrzy.pl\/klasztor-lodz\/?p=4403"},"modified":"2024-06-25T09:49:08","modified_gmt":"2024-06-25T07:49:08","slug":"bonifratrzy-z-6-jerychem-rowerowo-modlitewnym-wokol-lodzi","status":"publish","type":"post","link":"https:\/\/bonifratrzy.pl\/klasztor-lodz\/2024\/06\/25\/bonifratrzy-z-6-jerychem-rowerowo-modlitewnym-wokol-lodzi\/","title":{"rendered":"Bonifratrzy z 6. Jerychem Rowerowo-Modlitewnym wok\u00f3\u0142 \u0141odzi"},"content":{"rendered":"<p><strong>Z rado\u015bci\u0105 w\u0142\u0105czyli\u015bmy si\u0119 w inicjatyw\u0119 dotycz\u0105c\u0105 Jerycha, organizowan\u0105 ju\u017c po raz sz\u00f3sty przez duszpasterstwo Mocni w Duchu dzia\u0142aj\u0105ce przy ul. Sienkiewicza u Ojc\u00f3w Jezuit\u00f3w w \u0141odzi. Zamys\u0142 zrodzi\u0142 si\u0119 z potrzeby serca, aby obj\u0105\u0107 modlitw\u0105 nasze miasto \u0141\u00f3d\u017a i jego mieszka\u0144c\u00f3w. Intencja modlitewna przy\u015bwiecaj\u0105ca organizatorom jest godna uwagi, bowiem zawarta jest w s\u0142owach i pragnieniu \u201eBy Jezus zamieszka\u0142 w sercu ka\u017cdego \u0142odzianina\u201d.<\/strong><\/p>\n<p>Oto jak wygl\u0105da\u0142a trasa przejazdu:<\/p>\n<ul>\n<li>Msza \u015bw. w Ko\u015bciele pw. \u015bw. Aposto\u0142\u00f3w Piotra i Paw\u0142a, ul. Nawrot.<\/li>\n<li>Przejazd do Cerkwi \u015bw. Olgi, ul. Piramowicza.<\/li>\n<li>Zb\u00f3r Zwyci\u0119stwo w Jezusie, ul. Jaracza.<\/li>\n<li>Ko\u015bci\u00f3\u0142 pw. Niepokalanego Pocz\u0119cia Naj\u015bwi\u0119tszej Maryi Panny w \u0141odzi \u2013 Andrzejowie, ul. Rokici\u0144ska.<\/li>\n<li>Ko\u015bci\u00f3\u0142 pw. \u015bw. Rafa\u0142a Kalinowskiego, ul. \u015bw. Rafa\u0142a.<\/li>\n<li>Szpital Zakonu Bonifratr\u00f3w \u015bw. Jana Bo\u017cego, ul. Kosynier\u00f3w Gdy\u0144skich 61a, gdzie odby\u0142o si\u0119 spotkanie modlitewne przed Aptek\u0105 i przy Grocie Matki Bo\u017cej z Lourdes.<\/li>\n<\/ul>\n<p>Panie z Bonifraterskiej Rodziny R\u00f3\u017ca\u0144cowej upiek\u0142y pyszne ciasta, aby pocz\u0119stowa\u0107 p\u0105tnik\u00f3w. Nie zabrak\u0142o r\u00f3wnie\u017c modlitwy w intencjach chorych, wsp\u00f3\u0142pracownik\u00f3w i dzie\u0142 apostolskich prowadzonych przez Braci.<\/p>\n<p>Kolejnymi miejscami by\u0142y:<\/p>\n<ul>\n<li>Zb\u00f3r Druga Szansa, ul. Krzemieniecka.<\/li>\n<li>Ko\u015bci\u00f3\u0142 pw. \u015bw. Antoniego, ul. \u015bw. Antoniego Padewskiego.<\/li>\n<li>Zako\u0144czenie przed Ko\u015bcio\u0142em Starokatolickim Mariawit\u00f3w.<\/li>\n<\/ul>\n<p>Fina\u0142em Jerycha by\u0142o Uwielbienie na Starym Rynku. Mamy nadziej\u0119, \u017ce w przysz\u0142ym roku, zgodnie z wydarzeniami z Ksi\u0119gi Jozuego 6, 1-6, odb\u0119dzie si\u0119 si\u00f3dmy dzie\u0144 Jerycha, a owoce tej modlitwy b\u0119d\u0105 widoczne.<\/p>\n<div class=\"wpmf-gallerys wpmf-gallerys-life \" ><div id=\"gallery-1\"\n data-gutter-width=\"5\"\n  data-wpmfcolumns=\"3\" class=\"wpmf-gallery gallery-link-file gallery_life gallery-masonry gallery-columns-3 gallery-size-medium wpmf-gallery-bottomspace-default wpmf-gallery-clear wpmf-has-border-radius-0 wpmf-gutterwidth-5\"><div class=\"wpmf-gallery-item\n     wpmf-gallery-item-position-0 wpmf-gallery-item-attachment-4398\" data-index=\"0\"><div class=\"wpmf-gallery-icon\"><a class=\" not_video noLightbox\" data-lightbox=\"1\" data-href=\"https:\/\/bonifratrzy.pl\/klasztor-lodz\/wp-content\/uploads\/sites\/4\/2024\/06\/2ok-1024x683.jpg\" title=\"Szablon Zdj\u0119cia Www Bcm\" target=\"_self\" data-index=\"0\"><img decoding=\"async\" class=\"wpmf_img\" alt=\"Szablon Zdj\u0119cia Www Bcm\" src=\"https:\/\/bonifratrzy.pl\/klasztor-lodz\/wp-content\/uploads\/sites\/4\/2024\/06\/2ok-300x200.jpg\" data-type=\"wpmfgalleryimg\" data-lazy-src=\"https:\/\/bonifratrzy.pl\/klasztor-lodz\/wp-content\/uploads\/sites\/4\/2024\/06\/2ok-300x200.jpg\"><\/a><\/div><\/div><div class=\"wpmf-gallery-item\n     wpmf-gallery-item-position-1 wpmf-gallery-item-attachment-4397\" data-index=\"1\"><div class=\"wpmf-gallery-icon\"><a class=\" not_video noLightbox\" data-lightbox=\"1\" data-href=\"https:\/\/bonifratrzy.pl\/klasztor-lodz\/wp-content\/uploads\/sites\/4\/2024\/06\/1ok-1024x683.jpg\" title=\"Szablon Zdj\u0119cia Www Bcm\" target=\"_self\" data-index=\"1\"><img decoding=\"async\" class=\"wpmf_img\" alt=\"Szablon Zdj\u0119cia Www Bcm\" src=\"https:\/\/bonifratrzy.pl\/klasztor-lodz\/wp-content\/uploads\/sites\/4\/2024\/06\/1ok-300x200.jpg\" data-type=\"wpmfgalleryimg\" data-lazy-src=\"https:\/\/bonifratrzy.pl\/klasztor-lodz\/wp-content\/uploads\/sites\/4\/2024\/06\/1ok-300x200.jpg\"><\/a><\/div><\/div><div class=\"wpmf-gallery-item\n     wpmf-gallery-item-position-2 wpmf-gallery-item-attachment-4402\" data-index=\"2\"><div class=\"wpmf-gallery-icon\"><a class=\" not_video noLightbox\" data-lightbox=\"1\" data-href=\"https:\/\/bonifratrzy.pl\/klasztor-lodz\/wp-content\/uploads\/sites\/4\/2024\/06\/6ok-1024x683.jpg\" title=\"Szablon Zdj\u0119cia Www Bcm\" target=\"_self\" data-index=\"2\"><img decoding=\"async\" class=\"wpmf_img\" alt=\"Szablon Zdj\u0119cia Www Bcm\" src=\"https:\/\/bonifratrzy.pl\/klasztor-lodz\/wp-content\/uploads\/sites\/4\/2024\/06\/6ok-300x200.jpg\" data-type=\"wpmfgalleryimg\" data-lazy-src=\"https:\/\/bonifratrzy.pl\/klasztor-lodz\/wp-content\/uploads\/sites\/4\/2024\/06\/6ok-300x200.jpg\"><\/a><\/div><\/div><div class=\"wpmf-gallery-item\n     wpmf-gallery-item-position-3 wpmf-gallery-item-attachment-4401\" data-index=\"3\"><div class=\"wpmf-gallery-icon\"><a class=\" not_video noLightbox\" data-lightbox=\"1\" data-href=\"https:\/\/bonifratrzy.pl\/klasztor-lodz\/wp-content\/uploads\/sites\/4\/2024\/06\/5ok-1024x683.jpg\" title=\"Szablon Zdj\u0119cia Www Bcm\" target=\"_self\" data-index=\"3\"><img decoding=\"async\" class=\"wpmf_img\" alt=\"Szablon Zdj\u0119cia Www Bcm\" src=\"https:\/\/bonifratrzy.pl\/klasztor-lodz\/wp-content\/uploads\/sites\/4\/2024\/06\/5ok-300x200.jpg\" data-type=\"wpmfgalleryimg\" data-lazy-src=\"https:\/\/bonifratrzy.pl\/klasztor-lodz\/wp-content\/uploads\/sites\/4\/2024\/06\/5ok-300x200.jpg\"><\/a><\/div><\/div><div class=\"wpmf-gallery-item\n     wpmf-gallery-item-position-4 wpmf-gallery-item-attachment-4400\" data-index=\"4\"><div class=\"wpmf-gallery-icon\"><a class=\" not_video noLightbox\" data-lightbox=\"1\" data-href=\"https:\/\/bonifratrzy.pl\/klasztor-lodz\/wp-content\/uploads\/sites\/4\/2024\/06\/4ok-1024x683.jpg\" title=\"Szablon Zdj\u0119cia Www Bcm\" target=\"_self\" data-index=\"4\"><img decoding=\"async\" class=\"wpmf_img\" alt=\"Szablon Zdj\u0119cia Www Bcm\" src=\"https:\/\/bonifratrzy.pl\/klasztor-lodz\/wp-content\/uploads\/sites\/4\/2024\/06\/4ok-300x200.jpg\" data-type=\"wpmfgalleryimg\" data-lazy-src=\"https:\/\/bonifratrzy.pl\/klasztor-lodz\/wp-content\/uploads\/sites\/4\/2024\/06\/4ok-300x200.jpg\"><\/a><\/div><\/div><div class=\"wpmf-gallery-item\n     wpmf-gallery-item-position-5 wpmf-gallery-item-attachment-4399\" data-index=\"5\"><div class=\"wpmf-gallery-icon\"><a class=\" not_video noLightbox\" data-lightbox=\"1\" data-href=\"https:\/\/bonifratrzy.pl\/klasztor-lodz\/wp-content\/uploads\/sites\/4\/2024\/06\/3ok-1024x683.jpg\" title=\"Szablon Zdj\u0119cia Www Bcm\" target=\"_self\" data-index=\"5\"><img decoding=\"async\" class=\"wpmf_img\" alt=\"Szablon Zdj\u0119cia Www Bcm\" src=\"https:\/\/bonifratrzy.pl\/klasztor-lodz\/wp-content\/uploads\/sites\/4\/2024\/06\/3ok-300x200.jpg\" data-type=\"wpmfgalleryimg\" data-lazy-src=\"https:\/\/bonifratrzy.pl\/klasztor-lodz\/wp-content\/uploads\/sites\/4\/2024\/06\/3ok-300x200.jpg\"><\/a><\/div><\/div><\/div><\/div>\n\n","protected":false},"excerpt":{"rendered":"<p>Z rado\u015bci\u0105 w\u0142\u0105czyli\u015bmy si\u0119 w inicjatyw\u0119 dotycz\u0105c\u0105 Jerycha, organizowan\u0105 ju\u017c po raz sz\u00f3sty przez duszpasterstwo Mocni w Duchu dzia\u0142aj\u0105ce przy ul. Sienkiewicza u Ojc\u00f3w Jezuit\u00f3w w \u0141odzi. Zamys\u0142 zrodzi\u0142 si\u0119 z potrzeby serca, aby obj\u0105\u0107 modlitw\u0105 nasze miasto \u0141\u00f3d\u017a i jego mieszka\u0144c\u00f3w&#8230;<\/p>\n","protected":false},"author":50,"featured_media":4402,"comment_status":"open","ping_status":"open","sticky":false,"template":"","format":"standard","meta":{"footnotes":""},"categories":[1],"tags":[],"_links":{"self":[{"href":"https:\/\/bonifratrzy.pl\/klasztor-lodz\/wp-json\/wp\/v2\/posts\/4403"}],"collection":[{"href":"https:\/\/bonifratrzy.pl\/klasztor-lodz\/wp-json\/wp\/v2\/posts"}],"about":[{"href":"https:\/\/bonifratrzy.pl\/klasztor-lodz\/wp-json\/wp\/v2\/types\/post"}],"author":[{"embeddable":true,"href":"https:\/\/bonifratrzy.pl\/klasztor-lodz\/wp-json\/wp\/v2\/users\/50"}],"replies":[{"embeddable":true,"href":"https:\/\/bonifratrzy.pl\/klasztor-lodz\/wp-json\/wp\/v2\/comments?post=4403"}],"version-history":[{"count":1,"href":"https:\/\/bonifratrzy.pl\/klasztor-lodz\/wp-json\/wp\/v2\/posts\/4403\/revisions"}],"predecessor-version":[{"id":4404,"href":"https:\/\/bonifratrzy.pl\/klasztor-lodz\/wp-json\/wp\/v2\/posts\/4403\/revisions\/4404"}],"wp:featuredmedia":[{"embeddable":true,"href":"https:\/\/bonifratrzy.pl\/klasztor-lodz\/wp-json\/wp\/v2\/media\/4402"}],"wp:attachment":[{"href":"https:\/\/bonifratrzy.pl\/klasztor-lodz\/wp-json\/wp\/v2\/media?parent=4403"}],"wp:term":[{"taxonomy":"category","embeddable":true,"href":"https:\/\/bonifratrzy.pl\/klasztor-lodz\/wp-json\/wp\/v2\/categories?post=4403"},{"taxonomy":"post_tag","embeddable":true,"href":"https:\/\/bonifratrzy.pl\/klasztor-lodz\/wp-json\/wp\/v2\/tags?post=4403"}],"curies":[{"name":"wp","href":"https:\/\/api.w.org\/{rel}","templated":true}]}}