{"id":4344,"date":"2024-06-04T12:13:26","date_gmt":"2024-06-04T10:13:26","guid":{"rendered":"https:\/\/bonifratrzy.pl\/klasztor-lodz\/?p=4344"},"modified":"2024-06-04T12:13:26","modified_gmt":"2024-06-04T10:13:26","slug":"wspomnienie-sw-jana-grandego-i-bl-eustachego-kuglera","status":"publish","type":"post","link":"https:\/\/bonifratrzy.pl\/klasztor-lodz\/2024\/06\/04\/wspomnienie-sw-jana-grandego-i-bl-eustachego-kuglera\/","title":{"rendered":"Wspomnienie \u015bw. Jana Grandego i b\u0142. Eustachego Kuglera"},"content":{"rendered":"<p><strong>3 czerwca wspominamy \u015bw. Jana Grandego,<\/strong> kt\u00f3ry jest wzorem mi\u0142osierdzia i opieki nad chorymi. Jan Grande by\u0142 znany z niezwyk\u0142ej pokory i oddania. Zmar\u0142 w wyniku epidemii d\u017cumy, kt\u00f3rej nabawi\u0142 si\u0119 podczas opieki nad zara\u017conymi. Zosta\u0142 kanonizowany przez papie\u017ca Jana Paw\u0142a II w 1996 roku. <strong>10 czerwca wspominamy b\u0142. Eustachego Kuglera<\/strong>, zakonnika.<\/p>\n<p><img loading=\"lazy\" decoding=\"async\" class=\" wp-image-4343 alignleft\" src=\"https:\/\/bonifratrzy.pl\/klasztor-lodz\/wp-content\/uploads\/sites\/4\/2024\/06\/1-164x300.jpg\" alt=\"\" width=\"106\" height=\"194\" data-wp-editing=\"1\" srcset=\"https:\/\/bonifratrzy.pl\/klasztor-lodz\/wp-content\/uploads\/sites\/4\/2024\/06\/1-164x300.jpg 164w, https:\/\/bonifratrzy.pl\/klasztor-lodz\/wp-content\/uploads\/sites\/4\/2024\/06\/1.jpg 182w\" sizes=\"(max-width: 106px) 100vw, 106px\" \/>Eustachy Kugler urodzi\u0142 si\u0119 15 stycznia 1876r w miasteczku Neuhaus, w diecezji Ratyzbona. \u015aluby zakonne\u00a0 w Zakonie Szpitalnym \u015aw. Jana Bo\u017cego z\u0142o\u017cy\u0142 21 pa\u017adziernika 1895r.. Brat Eustachy wyr\u00f3\u017cnia\u0142 si\u0119 g\u0142\u0119boka duchowo\u015bci\u0105, by\u0142 pokorny, opieku\u0144czy, pe\u0142en mi\u0142osierdzia i prowadzi\u0142 \u017cycie pokutne. Przez 20lat pe\u0142ni\u0142 funkcj\u0119 prze\u0142o\u017conego wsp\u00f3lnoty , a w 1925 roku zosta\u0142 wybrany na urz\u0105d prowincja\u0142a Prowincji bawarskiej, kt\u00f3ry sprawowa\u0142 a\u017c do\u00a0 \u015bmierci. Zmar\u0142 10 czerwca 1946 r.<\/p>\n<p>Kocha\u0142 ca\u0142ym sercem swoje powo\u0142anie szpitalnicze na\u015bladuj\u0105c wsp\u00f3\u0142czuj\u0105cego i mi\u0142osiernego Chrystusa. Odznacza\u0142 si\u0119 nieprzeci\u0119tn\u0105 wiar\u0105 i z wielkim zaanga\u017cowaniem oraz gorliw\u0105 mi\u0142o\u015bci\u0105 ku Bogu, po\u015bwi\u0119ci\u0142 si\u0119 mi\u0142osiernej pos\u0142udze chorym i ubogim. Dzielnie znosi\u0142 zar\u00f3wno przes\u0142uchania przez gestapo w czasach re\u017cimu hitlerowskiego, jak tez nieustanny b\u00f3l fizyczny, spowodowany chroniczn\u0105 choroba \u017co\u0142\u0105dka. Modlitwa r\u00f3\u017ca\u0144cowa i czuwanie przed Naj\u015bwi\u0119tszym Sakramentem, oraz postanowienie: <em>chc\u0119 i musz\u0119 zosta\u0107 \u015bwi\u0119tym, dlatego te\u017c, wszystko czyni\u0119 z mi\u0142o\u015bci do Bo<\/em>ga, stanowi\u0142y fundament jego wiary. Jego relikwie spoczywaj\u0105 w Ratyzbonie, w ko\u015bciele szpitalnym pod wezwaniem \u015bw. Piusa V, zbudowanym z jego inicjatywy.<\/p>\n<p>Eustachy Kugler zosta\u0142 beatyfikowany w Ratyzbonie 4 pa\u017adziernika 2009 roku.<\/p>\n<p><strong><u>Modlitwa: <\/u><\/strong><\/p>\n<p><em>Bo\u017ce, mocy ufaj\u0105cy Tobie, kt\u00f3ry obdarzy\u0142e\u015b b\u0142ogos\u0142awionego Eustachego Kuglera \u0142ask\u0105 szczeg\u00f3lnej pokory w\u015br\u00f3d braci i mi\u0142osierdziem ku chorym, daj nam za jego wstawiennictwem, aby\u015bmy nieustannie Tobie ufali i z mi\u0142o\u015bci\u0105 s\u0142u\u017cyli ludziom cierpi\u0105cym i potrzebuj\u0105cym pomocy. Przez naszego Pana Jezusa Chrystusa, Twojego Syna, kt\u00f3ry \u017cyje i kr\u00f3luje w jedno\u015bci Ducha \u015awi\u0119tego, B\u00f3g przez wszystkie wieki wiek\u00f3w. Amen<\/em><\/p>\n","protected":false},"excerpt":{"rendered":"<p>3 czerwca wspominamy \u015bw. Jana Grandego, kt\u00f3ry jest wzorem mi\u0142osierdzia i opieki nad chorymi. Jan Grande by\u0142 znany z niezwyk\u0142ej pokory i oddania. Zmar\u0142 w wyniku epidemii d\u017cumy, kt\u00f3rej nabawi\u0142 si\u0119 podczas opieki nad zara\u017conymi. Zosta\u0142 kanonizowany przez papie\u017ca Jana Paw\u0142a II w 1996 roku. 10 czerwca wspominamy b\u0142. Eustachego Kuglera, zakonnika.<\/p>\n","protected":false},"author":50,"featured_media":4343,"comment_status":"open","ping_status":"open","sticky":false,"template":"","format":"standard","meta":{"footnotes":""},"categories":[1],"tags":[],"_links":{"self":[{"href":"https:\/\/bonifratrzy.pl\/klasztor-lodz\/wp-json\/wp\/v2\/posts\/4344"}],"collection":[{"href":"https:\/\/bonifratrzy.pl\/klasztor-lodz\/wp-json\/wp\/v2\/posts"}],"about":[{"href":"https:\/\/bonifratrzy.pl\/klasztor-lodz\/wp-json\/wp\/v2\/types\/post"}],"author":[{"embeddable":true,"href":"https:\/\/bonifratrzy.pl\/klasztor-lodz\/wp-json\/wp\/v2\/users\/50"}],"replies":[{"embeddable":true,"href":"https:\/\/bonifratrzy.pl\/klasztor-lodz\/wp-json\/wp\/v2\/comments?post=4344"}],"version-history":[{"count":1,"href":"https:\/\/bonifratrzy.pl\/klasztor-lodz\/wp-json\/wp\/v2\/posts\/4344\/revisions"}],"predecessor-version":[{"id":4345,"href":"https:\/\/bonifratrzy.pl\/klasztor-lodz\/wp-json\/wp\/v2\/posts\/4344\/revisions\/4345"}],"wp:featuredmedia":[{"embeddable":true,"href":"https:\/\/bonifratrzy.pl\/klasztor-lodz\/wp-json\/wp\/v2\/media\/4343"}],"wp:attachment":[{"href":"https:\/\/bonifratrzy.pl\/klasztor-lodz\/wp-json\/wp\/v2\/media?parent=4344"}],"wp:term":[{"taxonomy":"category","embeddable":true,"href":"https:\/\/bonifratrzy.pl\/klasztor-lodz\/wp-json\/wp\/v2\/categories?post=4344"},{"taxonomy":"post_tag","embeddable":true,"href":"https:\/\/bonifratrzy.pl\/klasztor-lodz\/wp-json\/wp\/v2\/tags?post=4344"}],"curies":[{"name":"wp","href":"https:\/\/api.w.org\/{rel}","templated":true}]}}