{"id":4336,"date":"2024-05-29T13:51:59","date_gmt":"2024-05-29T11:51:59","guid":{"rendered":"https:\/\/bonifratrzy.pl\/klasztor-lodz\/?p=4336"},"modified":"2024-05-29T13:54:26","modified_gmt":"2024-05-29T11:54:26","slug":"br-adrian-del-cerro-sanchez","status":"publish","type":"post","link":"https:\/\/bonifratrzy.pl\/klasztor-lodz\/2024\/05\/29\/br-adrian-del-cerro-sanchez\/","title":{"rendered":"Br. Adrian del Cerro S\u00e1nchez"},"content":{"rendered":"<p><img loading=\"lazy\" decoding=\"async\" class=\"size-full wp-image-4340 alignleft\" src=\"https:\/\/bonifratrzy.pl\/klasztor-lodz\/wp-content\/uploads\/sites\/4\/2024\/05\/blob.png\" alt=\"\" width=\"182\" height=\"223\" \/>Urodzony w Retamoso de la Jara (Toledo) 2 lipca 1923 r. Zmar\u0142 w Jerez del la Frontera, 8 sierpnia 2015 r.<\/p>\n<p>W wieku 27 lat zdecydowa\u0142 po\u015bwi\u0119ci\u0107 si\u0119 Panu i po zwierzeniu si\u0119 z tego pragnienia proboszczowi, zosta\u0142 polecony bonifratrom, kt\u00f3rzy pos\u0142ali go do swojego Instytutu Psychiatrycznego w Ciempozuelos, by opiekowa\u0142 si\u0119 osobami chorymi psychicznie. 25 kwietnia 1951 r. zosta\u0142 przyj\u0119ty do nowicjatu; 26 kwietnia 1952 r. z\u0142o\u017cy\u0142 profesj\u0119 czasow\u0105, a 26 kwietnia 1955 r. profesj\u0119 uroczyst\u0105.<\/p>\n<p>15 wrze\u015bnia 1952 r. zosta\u0142 przeniesiony do wsp\u00f3lnoty szpitala w Jerez, specjalizuj\u0105cego si\u0119 w rehabilitacji dzieci dotkni\u0119tych polio lub gru\u017alic\u0105 ko\u015bci, dla kt\u00f3rych mia\u0142 prosi\u0107 o ja\u0142mu\u017cn\u0119, chodz\u0105c codziennie po ulicach Jerez. Z odwag\u0105 powtarza\u0142 \u201eProsz\u0119 o mi\u0142osierdzie dla potrzebuj\u0105cych, by urzeczywistnia\u0107 nasz\u0105 mi\u0142o\u015b\u0107 do Boga\u201d<\/p>\n<p>Dni sp\u0119dzone w kontakcie z tak wieloma hojnymi lud\u017ami obfituj\u0105 w epizody, z kt\u00f3rych wy\u0142ania si\u0119 obraz bardzo prostego zakonnika, uczciwego w kontakcie z tak du\u017cymi sumami pieni\u0119dzy i ubogiego. U\u017cywa\u0142a bardzo znoszonych but\u00f3w, a kiedy udawa\u0142 si\u0119 daleko od miasta, by zbiera\u0107 datki, czasami tylko podwozi\u0142 go kierowca szpitalnym samochodem.<\/p>\n<p>Po kr\u00f3tkim pobycie w Madrycie, a nast\u0119pnie w Ciempozuelos, w 1962 r. zosta\u0142 przeniesiony z powrotem do Jerez, gdzie kontynuowa\u0142 zbieranie ja\u0142mu\u017cny a\u017c do \u015bmierci. Robi\u0142 to ju\u017c nie dla szpitala, kt\u00f3ry sta\u0142 si\u0119 obecnie Szpitalem Og\u00f3lnym, ale dla wielu rodzin znajduj\u0105cych si\u0119 w trudnej sytuacji i dla imigrant\u00f3w, kt\u00f3rzy przychodzili do niego po \u017cywno\u015b\u0107 lub po pomoc w op\u0142aceniu rachunk\u00f3w za pr\u0105d, wod\u0119 lub czynsz za mieszkanie.<\/p>\n<p>Miasto Jerez, jeszcze za jego \u017cycia, wyrazi\u0142o mu swoj\u0105 wdzi\u0119czno\u015b\u0107, nazywaj\u0105c ulic\u0119 jego nazwiskiem, umieszczaj\u0105c w holu szpitalnym popiersie przedstawiaj\u0105ce br. Adriana, a historyk napisa\u0142 jego biografi\u0119 zatytu\u0142owan\u0105 \u201eBr. Adrian. \u017bebrak Boga. \u017bycie, pos\u0142uga i przygody br. Adriana del Cerro\u201d.<\/p>\n<p>Zosta\u0142 pochowany w ko\u015bciele wsp\u00f3lnoty Jerez, w kt\u00f3rym spoczywa \u015bw. Jan Grande (1546-1600), za\u0142o\u017cyciel szpitala i b\u0142ogos\u0142awiony br. Manuel Jim\u00e9nez Salado (1907-1936), m\u0119czennik wojny domowej i prze\u015bladowa\u0144 religijnych.<\/p>\n<p>Wi\u0119cej na ten temat przeczytasz <a href=\"https:\/\/www.ohsjd.org\/Objects\/Pagina.asp?ID=13257\" target=\"_blank\" rel=\"noopener\">tutaj\u00a0<\/a><\/p>\n","protected":false},"excerpt":{"rendered":"<p>W wieku 27 lat zdecydowa\u0142 po\u015bwi\u0119ci\u0107 si\u0119 Panu i po zwierzeniu si\u0119 z tego pragnienia proboszczowi, zosta\u0142 polecony bonifratrom, kt\u00f3rzy pos\u0142ali go do swojego Instytutu Psychiatrycznego w Ciempozuelos, by opiekowa\u0142 si\u0119 osobami chorymi psychicznie. 25 kwietnia 1951 r. zosta\u0142 przyj\u0119ty do nowicjatu; 26 kwietnia 1952 r. z\u0142o\u017cy\u0142 profesj\u0119 czasow\u0105, a 26 kwietnia 1955 r. profesj\u0119 uroczyst\u0105&#8230;<\/p>\n","protected":false},"author":50,"featured_media":4340,"comment_status":"open","ping_status":"open","sticky":false,"template":"","format":"standard","meta":{"footnotes":""},"categories":[1],"tags":[],"_links":{"self":[{"href":"https:\/\/bonifratrzy.pl\/klasztor-lodz\/wp-json\/wp\/v2\/posts\/4336"}],"collection":[{"href":"https:\/\/bonifratrzy.pl\/klasztor-lodz\/wp-json\/wp\/v2\/posts"}],"about":[{"href":"https:\/\/bonifratrzy.pl\/klasztor-lodz\/wp-json\/wp\/v2\/types\/post"}],"author":[{"embeddable":true,"href":"https:\/\/bonifratrzy.pl\/klasztor-lodz\/wp-json\/wp\/v2\/users\/50"}],"replies":[{"embeddable":true,"href":"https:\/\/bonifratrzy.pl\/klasztor-lodz\/wp-json\/wp\/v2\/comments?post=4336"}],"version-history":[{"count":4,"href":"https:\/\/bonifratrzy.pl\/klasztor-lodz\/wp-json\/wp\/v2\/posts\/4336\/revisions"}],"predecessor-version":[{"id":4341,"href":"https:\/\/bonifratrzy.pl\/klasztor-lodz\/wp-json\/wp\/v2\/posts\/4336\/revisions\/4341"}],"wp:featuredmedia":[{"embeddable":true,"href":"https:\/\/bonifratrzy.pl\/klasztor-lodz\/wp-json\/wp\/v2\/media\/4340"}],"wp:attachment":[{"href":"https:\/\/bonifratrzy.pl\/klasztor-lodz\/wp-json\/wp\/v2\/media?parent=4336"}],"wp:term":[{"taxonomy":"category","embeddable":true,"href":"https:\/\/bonifratrzy.pl\/klasztor-lodz\/wp-json\/wp\/v2\/categories?post=4336"},{"taxonomy":"post_tag","embeddable":true,"href":"https:\/\/bonifratrzy.pl\/klasztor-lodz\/wp-json\/wp\/v2\/tags?post=4336"}],"curies":[{"name":"wp","href":"https:\/\/api.w.org\/{rel}","templated":true}]}}