{"id":4331,"date":"2024-05-29T13:49:37","date_gmt":"2024-05-29T11:49:37","guid":{"rendered":"https:\/\/bonifratrzy.pl\/klasztor-lodz\/?p=4331"},"modified":"2024-05-29T13:50:42","modified_gmt":"2024-05-29T11:50:42","slug":"kolejny-brat-rozpoczyna-droge-do-czci-oltarzy","status":"publish","type":"post","link":"https:\/\/bonifratrzy.pl\/klasztor-lodz\/2024\/05\/29\/kolejny-brat-rozpoczyna-droge-do-czci-oltarzy\/","title":{"rendered":"Kolejny brat rozpoczyna drog\u0119 do czci o\u0142tarzy"},"content":{"rendered":"<p><img loading=\"lazy\" decoding=\"async\" class=\"size-medium wp-image-4330 alignleft\" src=\"https:\/\/bonifratrzy.pl\/klasztor-lodz\/wp-content\/uploads\/sites\/4\/2024\/05\/nowy-brat-300x154.jpg\" alt=\"\" width=\"300\" height=\"154\" srcset=\"https:\/\/bonifratrzy.pl\/klasztor-lodz\/wp-content\/uploads\/sites\/4\/2024\/05\/nowy-brat-300x154.jpg 300w, https:\/\/bonifratrzy.pl\/klasztor-lodz\/wp-content\/uploads\/sites\/4\/2024\/05\/nowy-brat.jpg 663w\" sizes=\"(max-width: 300px) 100vw, 300px\" \/>W wtorek 28 maja, w Sanktuarium \u015bw. Jana Grande w Jerez de la Frontera, Hiszpania, JE. Jos\u00e8 Rico Pav\u00e9s, biskup Asidonia-Jerez de la Frontera, przewodniczy\u0142 otwarciu diecezjalnego procesu beatyfikacyjnego i kanonizacyjnego S\u0142ugi Bo\u017cego o. Adri\u00e1na del Cerro, brata Zakonu Szpitalnego \u015bw. Jana Bo\u017cego z Prowincji Hiszpa\u0144skiej. Po otrzymaniu\u00a0<i>Nihil obstat<\/i>\u00a0z Dykasterii do Spraw \u015awi\u0119tych 21 wrze\u015bnia 2023 r., biskup w dniu 14 lutego 2024 r. opublikowa\u0142 edykt, w kt\u00f3rym zaprosi\u0142 wsp\u00f3lnot\u0119 ko\u015bcieln\u0105 do wyra\u017cenia opinii na temat \u015bwi\u0119to\u015bci i \u015bwiadectwa \u017cycia S\u0142ugi Bo\u017cego. Brat Adri\u00e1n by\u0142 prostym i dobrym cz\u0142owiekiem, kt\u00f3ry zawsze czyni\u0142 dobro i wsz\u0119dzie je dostrzega\u0142, by\u0142 prawdziwym synem \u015bw. Jana Bo\u017cego, zawsze oddany chorym i ubogim. S\u0142uga Bo\u017cy urodzi\u0142 si\u0119 w Retamoso de la Jara (Toledo) 2 lipca 1923 r. Do Zakonu wst\u0105pi\u0142 w 1950 r., profesj\u0119 czasow\u0105 z\u0142o\u017cy\u0142 26 kwietnia 1952 r., a wieczyst\u0105 w 1955 r. w Ciempozuelos. Swoje \u017cycie zakonne sp\u0119dzi\u0142 jako brat kwestarz, kochany przez wszystkich za swoj\u0105 dobro\u0107 i \u017cyczliwo\u015b\u0107. S\u0142uga Bo\u017cy odszed\u0142 8 sierpnia 2015 r. w wieku 92 lat, skromnie tak jak \u017cy\u0142. Tamtego dnia dla mieszka\u0144c\u00f3w Jerez umiera\u0142 \u015bwi\u0119ty zakonnik. Jego doczesne szcz\u0105tki spoczywaj\u0105 w Sanktuarium \u015bw. Jana Grande, u st\u00f3p Matki Bo\u017cej, kolejnej wielkiej mi\u0142o\u015bci jego \u017cycia. Rozpocz\u0119cie procesu beatyfikacyjnego i kanonizacyjnego jest potwierdzeniem opinii \u015bwi\u0119to\u015bci S\u0142ugi Bo\u017cego.<\/p>\n<p>Wi\u0119cej informacji na ten temat przeczytasz <a href=\"https:\/\/www.ohsjd.org\/Objects\/Pagina.asp?ID=14731&amp;Titolo=Kolejny%20brat%20rozpoczyna%20drog%26%23281%3B%20do%20czci%20o%26%23322%3Btarzy\" target=\"_blank\" rel=\"noopener\">tutaj<\/a><\/p>\n","protected":false},"excerpt":{"rendered":"<p>W wtorek 28 maja, w Sanktuarium \u015bw. Jana Grande w Jerez de la Frontera, Hiszpania, JE. Jos\u00e8 Rico Pav\u00e9s, biskup Asidonia-Jerez de la Frontera, przewodniczy\u0142 otwarciu diecezjalnego procesu beatyfikacyjnego i kanonizacyjnego S\u0142ugi Bo\u017cego o. Adri\u00e1na del Cerro, brata Zakonu Szpitalnego \u015bw. Jana Bo\u017cego z Prowincji Hiszpa\u0144skiej&#8230;<\/p>\n","protected":false},"author":50,"featured_media":4330,"comment_status":"open","ping_status":"open","sticky":false,"template":"","format":"standard","meta":{"footnotes":""},"categories":[1],"tags":[],"_links":{"self":[{"href":"https:\/\/bonifratrzy.pl\/klasztor-lodz\/wp-json\/wp\/v2\/posts\/4331"}],"collection":[{"href":"https:\/\/bonifratrzy.pl\/klasztor-lodz\/wp-json\/wp\/v2\/posts"}],"about":[{"href":"https:\/\/bonifratrzy.pl\/klasztor-lodz\/wp-json\/wp\/v2\/types\/post"}],"author":[{"embeddable":true,"href":"https:\/\/bonifratrzy.pl\/klasztor-lodz\/wp-json\/wp\/v2\/users\/50"}],"replies":[{"embeddable":true,"href":"https:\/\/bonifratrzy.pl\/klasztor-lodz\/wp-json\/wp\/v2\/comments?post=4331"}],"version-history":[{"count":4,"href":"https:\/\/bonifratrzy.pl\/klasztor-lodz\/wp-json\/wp\/v2\/posts\/4331\/revisions"}],"predecessor-version":[{"id":4335,"href":"https:\/\/bonifratrzy.pl\/klasztor-lodz\/wp-json\/wp\/v2\/posts\/4331\/revisions\/4335"}],"wp:featuredmedia":[{"embeddable":true,"href":"https:\/\/bonifratrzy.pl\/klasztor-lodz\/wp-json\/wp\/v2\/media\/4330"}],"wp:attachment":[{"href":"https:\/\/bonifratrzy.pl\/klasztor-lodz\/wp-json\/wp\/v2\/media?parent=4331"}],"wp:term":[{"taxonomy":"category","embeddable":true,"href":"https:\/\/bonifratrzy.pl\/klasztor-lodz\/wp-json\/wp\/v2\/categories?post=4331"},{"taxonomy":"post_tag","embeddable":true,"href":"https:\/\/bonifratrzy.pl\/klasztor-lodz\/wp-json\/wp\/v2\/tags?post=4331"}],"curies":[{"name":"wp","href":"https:\/\/api.w.org\/{rel}","templated":true}]}}