{"id":4308,"date":"2024-05-14T13:04:39","date_gmt":"2024-05-14T11:04:39","guid":{"rendered":"https:\/\/bonifratrzy.pl\/klasztor-lodz\/?p=4308"},"modified":"2024-05-14T13:04:39","modified_gmt":"2024-05-14T11:04:39","slug":"14-maja-miedzynarodowy-dzien-farmaceuty","status":"publish","type":"post","link":"https:\/\/bonifratrzy.pl\/klasztor-lodz\/2024\/05\/14\/14-maja-miedzynarodowy-dzien-farmaceuty\/","title":{"rendered":"14 maja &#8211; Mi\u0119dzynarodowy dzie\u0144 Farmaceuty"},"content":{"rendered":"<p><strong>Drodzy Wsp\u00f3\u0142pracownicy &#8211; Farmaceuci<\/strong><br \/>\nZ okazji Mi\u0119dzynarodowego Dnia Farmaceuty \u017cyczymy by \u015bw. Kosma i Damian wspierali Was w codziennej pracy.<br \/>\nNiech Bo\u017ce b\u0142ogos\u0142awie\u0144stwo i opieka Matki Bo\u017cej Uzdrowienia Chorych towarzyszy Wam ka\u017cdego dnia.<\/p>\n<p>Bracia Bonifratrzy<\/p>\n<p><img loading=\"lazy\" decoding=\"async\" class=\"wp-image-4307 size-full\" src=\"https:\/\/bonifratrzy.pl\/klasztor-lodz\/wp-content\/uploads\/sites\/4\/2024\/05\/1-1.jpg\" alt=\"\" width=\"680\" height=\"900\" srcset=\"https:\/\/bonifratrzy.pl\/klasztor-lodz\/wp-content\/uploads\/sites\/4\/2024\/05\/1-1.jpg 680w, https:\/\/bonifratrzy.pl\/klasztor-lodz\/wp-content\/uploads\/sites\/4\/2024\/05\/1-1-227x300.jpg 227w\" sizes=\"(max-width: 680px) 100vw, 680px\" \/><\/p>\n","protected":false},"excerpt":{"rendered":"<p>Drodzy Wsp\u00f3\u0142pracownicy &#8211; Farmaceuci. Z okazji Mi\u0119dzynarodowego Dnia Farmaceuty \u017cyczymy by \u015bw. Kosma i Damian wspierali Was w codziennej pracy. Niech Bo\u017ce b\u0142ogos\u0142awie\u0144stwo i opieka Matki Bo\u017cej Uzdrowienia Chorych towarzyszy Wam ka\u017cdego dnia&#8230;<\/p>\n","protected":false},"author":50,"featured_media":4306,"comment_status":"open","ping_status":"open","sticky":false,"template":"","format":"standard","meta":{"footnotes":""},"categories":[1],"tags":[],"_links":{"self":[{"href":"https:\/\/bonifratrzy.pl\/klasztor-lodz\/wp-json\/wp\/v2\/posts\/4308"}],"collection":[{"href":"https:\/\/bonifratrzy.pl\/klasztor-lodz\/wp-json\/wp\/v2\/posts"}],"about":[{"href":"https:\/\/bonifratrzy.pl\/klasztor-lodz\/wp-json\/wp\/v2\/types\/post"}],"author":[{"embeddable":true,"href":"https:\/\/bonifratrzy.pl\/klasztor-lodz\/wp-json\/wp\/v2\/users\/50"}],"replies":[{"embeddable":true,"href":"https:\/\/bonifratrzy.pl\/klasztor-lodz\/wp-json\/wp\/v2\/comments?post=4308"}],"version-history":[{"count":1,"href":"https:\/\/bonifratrzy.pl\/klasztor-lodz\/wp-json\/wp\/v2\/posts\/4308\/revisions"}],"predecessor-version":[{"id":4309,"href":"https:\/\/bonifratrzy.pl\/klasztor-lodz\/wp-json\/wp\/v2\/posts\/4308\/revisions\/4309"}],"wp:featuredmedia":[{"embeddable":true,"href":"https:\/\/bonifratrzy.pl\/klasztor-lodz\/wp-json\/wp\/v2\/media\/4306"}],"wp:attachment":[{"href":"https:\/\/bonifratrzy.pl\/klasztor-lodz\/wp-json\/wp\/v2\/media?parent=4308"}],"wp:term":[{"taxonomy":"category","embeddable":true,"href":"https:\/\/bonifratrzy.pl\/klasztor-lodz\/wp-json\/wp\/v2\/categories?post=4308"},{"taxonomy":"post_tag","embeddable":true,"href":"https:\/\/bonifratrzy.pl\/klasztor-lodz\/wp-json\/wp\/v2\/tags?post=4308"}],"curies":[{"name":"wp","href":"https:\/\/api.w.org\/{rel}","templated":true}]}}