{"id":4301,"date":"2024-05-13T14:32:41","date_gmt":"2024-05-13T12:32:41","guid":{"rendered":"https:\/\/bonifratrzy.pl\/klasztor-lodz\/?p=4301"},"modified":"2024-05-13T14:34:29","modified_gmt":"2024-05-13T12:34:29","slug":"dobro-ktore-uczyniles-zostanie-jutro-zapomniane-niewazne-czyn-dobro","status":"publish","type":"post","link":"https:\/\/bonifratrzy.pl\/klasztor-lodz\/2024\/05\/13\/dobro-ktore-uczyniles-zostanie-jutro-zapomniane-niewazne-czyn-dobro\/","title":{"rendered":"&#8221; Dobro kt\u00f3re uczyni\u0142e\u015b, zostanie jutro zapomniane. NIEWA\u017bNE &#8211;  czy\u0144 Dobro.&#8221;"},"content":{"rendered":"<p><strong><em>&#8221; Dobro kt\u00f3re uczyni\u0142e\u015b, zostanie jutro zapomniane. NIEWA\u017bNE &#8211; czy\u0144 Dobro.&#8221; <\/em><\/strong><br \/>\n<strong><em>Matka Teresa z Kalkuty<\/em><\/strong><\/p>\n<p>12 maja obchodzony jest Mi\u0119dzynarodowy Dzie\u0144 Piel\u0119gniarki i Po\u0142o\u017cnej. Z tej okazji sk\u0142adamy najserdeczniejsze \u017cyczenia b\u0142ogos\u0142awie\u0144stwa Bo\u017cego i opieki Matki Bo\u017cej Uzdrowienia Chorych.<\/p>\n<p>Bracia Bonifratrzy pami\u0119taj\u0105 w modlitwie.<\/p>\n<h6><img loading=\"lazy\" decoding=\"async\" class=\"alignnone size-medium wp-image-4300\" src=\"https:\/\/bonifratrzy.pl\/klasztor-lodz\/wp-content\/uploads\/sites\/4\/2024\/05\/leszczynska-300x250.jpg\" alt=\"\" width=\"300\" height=\"250\" srcset=\"https:\/\/bonifratrzy.pl\/klasztor-lodz\/wp-content\/uploads\/sites\/4\/2024\/05\/leszczynska-300x250.jpg 300w, https:\/\/bonifratrzy.pl\/klasztor-lodz\/wp-content\/uploads\/sites\/4\/2024\/05\/leszczynska.jpg 432w\" sizes=\"(max-width: 300px) 100vw, 300px\" \/><br \/>\n<em>fot. Marek BAZAK\/East News<\/em><\/h6>\n","protected":false},"excerpt":{"rendered":"<p>12 maja obchodzony jest Mi\u0119dzynarodowy Dzie\u0144 Piel\u0119gniarki i Po\u0142o\u017cnej. Z tej okazji sk\u0142adamy najserdeczniejsze \u017cyczenia b\u0142ogos\u0142awie\u0144stwa Bo\u017cego i opieki Matki Bo\u017cej Uzdrowienia Chorych. Bracia Bonifratrzy pami\u0119taj\u0105 w modlitwie&#8230;<\/p>\n","protected":false},"author":50,"featured_media":4300,"comment_status":"open","ping_status":"open","sticky":false,"template":"","format":"standard","meta":{"footnotes":""},"categories":[1],"tags":[],"_links":{"self":[{"href":"https:\/\/bonifratrzy.pl\/klasztor-lodz\/wp-json\/wp\/v2\/posts\/4301"}],"collection":[{"href":"https:\/\/bonifratrzy.pl\/klasztor-lodz\/wp-json\/wp\/v2\/posts"}],"about":[{"href":"https:\/\/bonifratrzy.pl\/klasztor-lodz\/wp-json\/wp\/v2\/types\/post"}],"author":[{"embeddable":true,"href":"https:\/\/bonifratrzy.pl\/klasztor-lodz\/wp-json\/wp\/v2\/users\/50"}],"replies":[{"embeddable":true,"href":"https:\/\/bonifratrzy.pl\/klasztor-lodz\/wp-json\/wp\/v2\/comments?post=4301"}],"version-history":[{"count":4,"href":"https:\/\/bonifratrzy.pl\/klasztor-lodz\/wp-json\/wp\/v2\/posts\/4301\/revisions"}],"predecessor-version":[{"id":4305,"href":"https:\/\/bonifratrzy.pl\/klasztor-lodz\/wp-json\/wp\/v2\/posts\/4301\/revisions\/4305"}],"wp:featuredmedia":[{"embeddable":true,"href":"https:\/\/bonifratrzy.pl\/klasztor-lodz\/wp-json\/wp\/v2\/media\/4300"}],"wp:attachment":[{"href":"https:\/\/bonifratrzy.pl\/klasztor-lodz\/wp-json\/wp\/v2\/media?parent=4301"}],"wp:term":[{"taxonomy":"category","embeddable":true,"href":"https:\/\/bonifratrzy.pl\/klasztor-lodz\/wp-json\/wp\/v2\/categories?post=4301"},{"taxonomy":"post_tag","embeddable":true,"href":"https:\/\/bonifratrzy.pl\/klasztor-lodz\/wp-json\/wp\/v2\/tags?post=4301"}],"curies":[{"name":"wp","href":"https:\/\/api.w.org\/{rel}","templated":true}]}}