{"id":3024,"date":"2025-10-10T15:46:35","date_gmt":"2025-10-10T13:46:35","guid":{"rendered":"https:\/\/bonifratrzy.pl\/klasztor-krakow\/?p=3024"},"modified":"2025-10-10T15:46:35","modified_gmt":"2025-10-10T13:46:35","slug":"zmarl-br-franciszek-caputa-oh","status":"publish","type":"post","link":"https:\/\/bonifratrzy.pl\/klasztor-krakow\/2025\/10\/10\/zmarl-br-franciszek-caputa-oh\/","title":{"rendered":"Zmar\u0142 br. Franciszek Caputa OH"},"content":{"rendered":"\n<p>Z \u017calem zawiadamiamy, \u017ce w wieku 73 lat i 40 lat po z\u0142o\u017ceniu \u015blub\u00f3w zakonnych 9 pa\u017adziernika 2025 r. w \u015al\u0105skim Centrum Chor\u00f3b Serca w Zabrzu zmar\u0142 nasz Wsp\u00f3\u0142brat<\/p>\n\n\n\n<p><strong>Br. Franciszek Caputa, OH<\/strong><\/p>\n\n\n\n<p>Polecajmy Zmar\u0142ego Brata Bo\u017cemu Mi\u0142osierdziu.<br>Niech odpoczywa w pokoju!<\/p>\n\n\n\n<p>O uroczysto\u015bciach pogrzebowych poinformujemy w najbli\u017cszym czasie.<\/p>\n","protected":false},"excerpt":{"rendered":"<p>Z \u017calem zawiadamiamy, \u017ce w wieku 73 lat i 40 lat po z\u0142o\u017ceniu \u015blub\u00f3w zakonnych 9 pa\u017adziernika 2025 r. w \u015al\u0105skim Centrum Chor\u00f3b Serca w Zabrzu zmar\u0142 nasz Wsp\u00f3\u0142brat Br. Franciszek Caputa, OH Polecajmy Zmar\u0142ego Brata Bo\u017cemu Mi\u0142osierdziu.Niech odpoczywa w pokoju! O uroczysto\u015bciach pogrzebowych poinformujemy w najbli\u017cszym czasie.<\/p>\n","protected":false},"author":78,"featured_media":3023,"comment_status":"open","ping_status":"open","sticky":false,"template":"","format":"standard","meta":{"footnotes":""},"categories":[1],"tags":[],"_links":{"self":[{"href":"https:\/\/bonifratrzy.pl\/klasztor-krakow\/wp-json\/wp\/v2\/posts\/3024"}],"collection":[{"href":"https:\/\/bonifratrzy.pl\/klasztor-krakow\/wp-json\/wp\/v2\/posts"}],"about":[{"href":"https:\/\/bonifratrzy.pl\/klasztor-krakow\/wp-json\/wp\/v2\/types\/post"}],"author":[{"embeddable":true,"href":"https:\/\/bonifratrzy.pl\/klasztor-krakow\/wp-json\/wp\/v2\/users\/78"}],"replies":[{"embeddable":true,"href":"https:\/\/bonifratrzy.pl\/klasztor-krakow\/wp-json\/wp\/v2\/comments?post=3024"}],"version-history":[{"count":3,"href":"https:\/\/bonifratrzy.pl\/klasztor-krakow\/wp-json\/wp\/v2\/posts\/3024\/revisions"}],"predecessor-version":[{"id":3027,"href":"https:\/\/bonifratrzy.pl\/klasztor-krakow\/wp-json\/wp\/v2\/posts\/3024\/revisions\/3027"}],"wp:featuredmedia":[{"embeddable":true,"href":"https:\/\/bonifratrzy.pl\/klasztor-krakow\/wp-json\/wp\/v2\/media\/3023"}],"wp:attachment":[{"href":"https:\/\/bonifratrzy.pl\/klasztor-krakow\/wp-json\/wp\/v2\/media?parent=3024"}],"wp:term":[{"taxonomy":"category","embeddable":true,"href":"https:\/\/bonifratrzy.pl\/klasztor-krakow\/wp-json\/wp\/v2\/categories?post=3024"},{"taxonomy":"post_tag","embeddable":true,"href":"https:\/\/bonifratrzy.pl\/klasztor-krakow\/wp-json\/wp\/v2\/tags?post=3024"}],"curies":[{"name":"wp","href":"https:\/\/api.w.org\/{rel}","templated":true}]}}