{"id":4339,"date":"2026-04-23T19:30:15","date_gmt":"2026-04-23T17:30:15","guid":{"rendered":"https:\/\/bonifratrzy.pl\/klasztor-konary-zielona\/?p=4339"},"modified":"2026-04-23T19:30:16","modified_gmt":"2026-04-23T17:30:16","slug":"ojciec-grzegorz-nowym-przeorem-na-zielonej","status":"publish","type":"post","link":"https:\/\/bonifratrzy.pl\/klasztor-konary-zielona\/2026\/04\/23\/ojciec-grzegorz-nowym-przeorem-na-zielonej\/","title":{"rendered":"Ojciec Grzegorz nowym Przeorem na Zielonej"},"content":{"rendered":"\n<p>Wyb\u00f3r na urz\u0105d Przeora to wyraz wielkiego zaufania braci, ale tak\u017ce Bo\u017ce wezwanie do przewodzenia nam w wierze i codziennym \u017cyciu. Ojcze Przeorze Grzeogorzu, w imieniu ca\u0142ej konarskiej spo\u0142eczno\u015bci \u017cyczymy Ci, aby\u015b w swojej pos\u0142udze odnajdywa\u0142 rado\u015b\u0107 i pok\u00f3j, a Duch \u015awi\u0119ty niech obdarza Ci\u0119 m\u0105dro\u015bci\u0105 i cierpliwo\u015bci\u0105 w podejmowaniu wa\u017cnych decyzji. Zapewniamy o naszej modlitwie i gotowo\u015bci do wsp\u00f3lnego budowania dobra w tym miejscu. Szcz\u0119\u015b\u0107 Bo\u017ce!<\/p>\n\n\n\n<figure class=\"wp-block-gallery has-nested-images columns-default is-cropped wp-block-gallery-1 is-layout-flex wp-block-gallery-is-layout-flex\">\n<figure class=\"wp-block-image size-large\"><img loading=\"lazy\" decoding=\"async\" width=\"1024\" height=\"771\" data-id=\"4340\" src=\"https:\/\/bonifratrzy.pl\/klasztor-konary-zielona\/wp-content\/uploads\/sites\/13\/2026\/04\/WhatsApp-Image-2026-04-15-at-09.46.15-1-1024x771.jpeg\" alt=\"\" class=\"wp-image-4340\" srcset=\"https:\/\/bonifratrzy.pl\/klasztor-konary-zielona\/wp-content\/uploads\/sites\/13\/2026\/04\/WhatsApp-Image-2026-04-15-at-09.46.15-1-1024x771.jpeg 1024w, https:\/\/bonifratrzy.pl\/klasztor-konary-zielona\/wp-content\/uploads\/sites\/13\/2026\/04\/WhatsApp-Image-2026-04-15-at-09.46.15-1-300x226.jpeg 300w, https:\/\/bonifratrzy.pl\/klasztor-konary-zielona\/wp-content\/uploads\/sites\/13\/2026\/04\/WhatsApp-Image-2026-04-15-at-09.46.15-1-768x578.jpeg 768w, https:\/\/bonifratrzy.pl\/klasztor-konary-zielona\/wp-content\/uploads\/sites\/13\/2026\/04\/WhatsApp-Image-2026-04-15-at-09.46.15-1-1536x1156.jpeg 1536w, https:\/\/bonifratrzy.pl\/klasztor-konary-zielona\/wp-content\/uploads\/sites\/13\/2026\/04\/WhatsApp-Image-2026-04-15-at-09.46.15-1.jpeg 1600w\" sizes=\"(max-width: 1024px) 100vw, 1024px\" \/><\/figure>\n\n\n\n<figure class=\"wp-block-image size-large\"><img loading=\"lazy\" decoding=\"async\" width=\"768\" height=\"1024\" data-id=\"4341\" src=\"https:\/\/bonifratrzy.pl\/klasztor-konary-zielona\/wp-content\/uploads\/sites\/13\/2026\/04\/WhatsApp-Image-2026-04-15-at-09.49.06-4-768x1024.jpeg\" alt=\"\" class=\"wp-image-4341\" srcset=\"https:\/\/bonifratrzy.pl\/klasztor-konary-zielona\/wp-content\/uploads\/sites\/13\/2026\/04\/WhatsApp-Image-2026-04-15-at-09.49.06-4-768x1024.jpeg 768w, https:\/\/bonifratrzy.pl\/klasztor-konary-zielona\/wp-content\/uploads\/sites\/13\/2026\/04\/WhatsApp-Image-2026-04-15-at-09.49.06-4-225x300.jpeg 225w, https:\/\/bonifratrzy.pl\/klasztor-konary-zielona\/wp-content\/uploads\/sites\/13\/2026\/04\/WhatsApp-Image-2026-04-15-at-09.49.06-4-1152x1536.jpeg 1152w, https:\/\/bonifratrzy.pl\/klasztor-konary-zielona\/wp-content\/uploads\/sites\/13\/2026\/04\/WhatsApp-Image-2026-04-15-at-09.49.06-4.jpeg 1536w\" sizes=\"(max-width: 768px) 100vw, 768px\" \/><\/figure>\n\n\n\n<figure class=\"wp-block-image size-large\"><img loading=\"lazy\" decoding=\"async\" width=\"1024\" height=\"768\" data-id=\"4342\" src=\"https:\/\/bonifratrzy.pl\/klasztor-konary-zielona\/wp-content\/uploads\/sites\/13\/2026\/04\/WhatsApp-Image-2026-04-15-at-09.49.06-1024x768.jpeg\" alt=\"\" class=\"wp-image-4342\" srcset=\"https:\/\/bonifratrzy.pl\/klasztor-konary-zielona\/wp-content\/uploads\/sites\/13\/2026\/04\/WhatsApp-Image-2026-04-15-at-09.49.06-1024x768.jpeg 1024w, https:\/\/bonifratrzy.pl\/klasztor-konary-zielona\/wp-content\/uploads\/sites\/13\/2026\/04\/WhatsApp-Image-2026-04-15-at-09.49.06-300x225.jpeg 300w, https:\/\/bonifratrzy.pl\/klasztor-konary-zielona\/wp-content\/uploads\/sites\/13\/2026\/04\/WhatsApp-Image-2026-04-15-at-09.49.06-768x576.jpeg 768w, https:\/\/bonifratrzy.pl\/klasztor-konary-zielona\/wp-content\/uploads\/sites\/13\/2026\/04\/WhatsApp-Image-2026-04-15-at-09.49.06-1536x1152.jpeg 1536w, https:\/\/bonifratrzy.pl\/klasztor-konary-zielona\/wp-content\/uploads\/sites\/13\/2026\/04\/WhatsApp-Image-2026-04-15-at-09.49.06.jpeg 2048w\" sizes=\"(max-width: 1024px) 100vw, 1024px\" \/><\/figure>\n<\/figure>\n\n\n\n<p><\/p>\n","protected":false},"excerpt":{"rendered":"<p>Witamy nowego Przeora<\/p>\n","protected":false},"author":76,"featured_media":4343,"comment_status":"open","ping_status":"open","sticky":false,"template":"","format":"standard","meta":{"footnotes":""},"categories":[1],"tags":[],"_links":{"self":[{"href":"https:\/\/bonifratrzy.pl\/klasztor-konary-zielona\/wp-json\/wp\/v2\/posts\/4339"}],"collection":[{"href":"https:\/\/bonifratrzy.pl\/klasztor-konary-zielona\/wp-json\/wp\/v2\/posts"}],"about":[{"href":"https:\/\/bonifratrzy.pl\/klasztor-konary-zielona\/wp-json\/wp\/v2\/types\/post"}],"author":[{"embeddable":true,"href":"https:\/\/bonifratrzy.pl\/klasztor-konary-zielona\/wp-json\/wp\/v2\/users\/76"}],"replies":[{"embeddable":true,"href":"https:\/\/bonifratrzy.pl\/klasztor-konary-zielona\/wp-json\/wp\/v2\/comments?post=4339"}],"version-history":[{"count":1,"href":"https:\/\/bonifratrzy.pl\/klasztor-konary-zielona\/wp-json\/wp\/v2\/posts\/4339\/revisions"}],"predecessor-version":[{"id":4344,"href":"https:\/\/bonifratrzy.pl\/klasztor-konary-zielona\/wp-json\/wp\/v2\/posts\/4339\/revisions\/4344"}],"wp:featuredmedia":[{"embeddable":true,"href":"https:\/\/bonifratrzy.pl\/klasztor-konary-zielona\/wp-json\/wp\/v2\/media\/4343"}],"wp:attachment":[{"href":"https:\/\/bonifratrzy.pl\/klasztor-konary-zielona\/wp-json\/wp\/v2\/media?parent=4339"}],"wp:term":[{"taxonomy":"category","embeddable":true,"href":"https:\/\/bonifratrzy.pl\/klasztor-konary-zielona\/wp-json\/wp\/v2\/categories?post=4339"},{"taxonomy":"post_tag","embeddable":true,"href":"https:\/\/bonifratrzy.pl\/klasztor-konary-zielona\/wp-json\/wp\/v2\/tags?post=4339"}],"curies":[{"name":"wp","href":"https:\/\/api.w.org\/{rel}","templated":true}]}}