{"id":4335,"date":"2026-04-23T19:22:35","date_gmt":"2026-04-23T17:22:35","guid":{"rendered":"https:\/\/bonifratrzy.pl\/klasztor-konary-zielona\/?p=4335"},"modified":"2026-04-27T11:03:26","modified_gmt":"2026-04-27T09:03:26","slug":"pozegnanie-ojca-przeora","status":"publish","type":"post","link":"https:\/\/bonifratrzy.pl\/klasztor-konary-zielona\/2026\/04\/23\/pozegnanie-ojca-przeora\/","title":{"rendered":"Po\u017cegnanie Ojca Przeora"},"content":{"rendered":"\n<p>Po czterech latach nasz\u0105 wsp\u00f3lnot\u0119 opuszcza Ojciec Anzlem Skiba OH, brat, kt\u00f3ry wni\u00f3s\u0142 do naszej wsp\u00f3lnoty mn\u00f3stwo u\u015bmiechu i charyzmatu \u015bw. Jana Bo\u017cego.<br>Dzi\u0119kujemy za wsp\u00f3lnie sp\u0119dzony czas! <\/p>\n\n\n\n<figure class=\"wp-block-image size-large\"><img loading=\"lazy\" decoding=\"async\" width=\"1024\" height=\"576\" src=\"https:\/\/bonifratrzy.pl\/klasztor-konary-zielona\/wp-content\/uploads\/sites\/13\/2026\/04\/Pozegnanie-Ojca-Anzlema-13.04.2026r-1-1024x576.jpg\" alt=\"Ko\u0144czymy pewn\u0105 epok\u0119! \" class=\"wp-image-4336\" srcset=\"https:\/\/bonifratrzy.pl\/klasztor-konary-zielona\/wp-content\/uploads\/sites\/13\/2026\/04\/Pozegnanie-Ojca-Anzlema-13.04.2026r-1-1024x576.jpg 1024w, https:\/\/bonifratrzy.pl\/klasztor-konary-zielona\/wp-content\/uploads\/sites\/13\/2026\/04\/Pozegnanie-Ojca-Anzlema-13.04.2026r-1-300x169.jpg 300w, https:\/\/bonifratrzy.pl\/klasztor-konary-zielona\/wp-content\/uploads\/sites\/13\/2026\/04\/Pozegnanie-Ojca-Anzlema-13.04.2026r-1-768x432.jpg 768w, https:\/\/bonifratrzy.pl\/klasztor-konary-zielona\/wp-content\/uploads\/sites\/13\/2026\/04\/Pozegnanie-Ojca-Anzlema-13.04.2026r-1-1536x864.jpg 1536w, https:\/\/bonifratrzy.pl\/klasztor-konary-zielona\/wp-content\/uploads\/sites\/13\/2026\/04\/Pozegnanie-Ojca-Anzlema-13.04.2026r-1.jpg 1920w\" sizes=\"(max-width: 1024px) 100vw, 1024px\" \/><\/figure>\n","protected":false},"excerpt":{"rendered":"<p>Podzi\u0119kowanie<\/p>\n","protected":false},"author":76,"featured_media":4337,"comment_status":"open","ping_status":"open","sticky":false,"template":"","format":"standard","meta":{"footnotes":""},"categories":[1],"tags":[],"_links":{"self":[{"href":"https:\/\/bonifratrzy.pl\/klasztor-konary-zielona\/wp-json\/wp\/v2\/posts\/4335"}],"collection":[{"href":"https:\/\/bonifratrzy.pl\/klasztor-konary-zielona\/wp-json\/wp\/v2\/posts"}],"about":[{"href":"https:\/\/bonifratrzy.pl\/klasztor-konary-zielona\/wp-json\/wp\/v2\/types\/post"}],"author":[{"embeddable":true,"href":"https:\/\/bonifratrzy.pl\/klasztor-konary-zielona\/wp-json\/wp\/v2\/users\/76"}],"replies":[{"embeddable":true,"href":"https:\/\/bonifratrzy.pl\/klasztor-konary-zielona\/wp-json\/wp\/v2\/comments?post=4335"}],"version-history":[{"count":2,"href":"https:\/\/bonifratrzy.pl\/klasztor-konary-zielona\/wp-json\/wp\/v2\/posts\/4335\/revisions"}],"predecessor-version":[{"id":4346,"href":"https:\/\/bonifratrzy.pl\/klasztor-konary-zielona\/wp-json\/wp\/v2\/posts\/4335\/revisions\/4346"}],"wp:featuredmedia":[{"embeddable":true,"href":"https:\/\/bonifratrzy.pl\/klasztor-konary-zielona\/wp-json\/wp\/v2\/media\/4337"}],"wp:attachment":[{"href":"https:\/\/bonifratrzy.pl\/klasztor-konary-zielona\/wp-json\/wp\/v2\/media?parent=4335"}],"wp:term":[{"taxonomy":"category","embeddable":true,"href":"https:\/\/bonifratrzy.pl\/klasztor-konary-zielona\/wp-json\/wp\/v2\/categories?post=4335"},{"taxonomy":"post_tag","embeddable":true,"href":"https:\/\/bonifratrzy.pl\/klasztor-konary-zielona\/wp-json\/wp\/v2\/tags?post=4335"}],"curies":[{"name":"wp","href":"https:\/\/api.w.org\/{rel}","templated":true}]}}