{"id":2317,"date":"2026-04-17T09:45:00","date_gmt":"2026-04-17T07:45:00","guid":{"rendered":"https:\/\/bonifratrzy.pl\/klasztor-katowice\/?p=2317"},"modified":"2026-04-21T09:47:25","modified_gmt":"2026-04-21T07:47:25","slug":"brat-anzelm-skiba-nowym-przeorem","status":"publish","type":"post","link":"https:\/\/bonifratrzy.pl\/klasztor-katowice\/2026\/04\/17\/brat-anzelm-skiba-nowym-przeorem\/","title":{"rendered":"Brat Anzelm Skiba nowym przeorem"},"content":{"rendered":"\n<p>16 kwietnia 202 r. Prowincja\u0142 Polskiej Prowincji Zakonu Szpitalnego \u015bw. Jana Bo\u017cego pw. Zwiastowania NMP br. Pawe\u0142 w towarzystwie Radnego Prowincjalnego br. Eugeniusza wr\u0119czy\u0142 <strong>bratu\u00a0 Anzelmowi Skibie <\/strong>nominacj\u0119 prze\u0142o\u017conego generalnego do obj\u0119cia urz\u0119du Przeora Konwentu Bonifratr\u00f3w w Katowicach.<\/p>\n","protected":false},"excerpt":{"rendered":"<p>16 kwietnia 202 r. Prowincja\u0142 Polskiej Prowincji Zakonu Szpitalnego \u015bw. Jana Bo\u017cego pw. Zwiastowania NMP br. Pawe\u0142 w towarzystwie Radnego Prowincjalnego br. Eugeniusza wr\u0119czy\u0142 bratu\u00a0 Anzelmowi Skibie nominacj\u0119 prze\u0142o\u017conego generalnego do obj\u0119cia urz\u0119du Przeora Konwentu Bonifratr\u00f3w w Katowicach.<\/p>\n","protected":false},"author":25,"featured_media":2318,"comment_status":"open","ping_status":"open","sticky":false,"template":"","format":"standard","meta":{"footnotes":""},"categories":[1],"tags":[],"_links":{"self":[{"href":"https:\/\/bonifratrzy.pl\/klasztor-katowice\/wp-json\/wp\/v2\/posts\/2317"}],"collection":[{"href":"https:\/\/bonifratrzy.pl\/klasztor-katowice\/wp-json\/wp\/v2\/posts"}],"about":[{"href":"https:\/\/bonifratrzy.pl\/klasztor-katowice\/wp-json\/wp\/v2\/types\/post"}],"author":[{"embeddable":true,"href":"https:\/\/bonifratrzy.pl\/klasztor-katowice\/wp-json\/wp\/v2\/users\/25"}],"replies":[{"embeddable":true,"href":"https:\/\/bonifratrzy.pl\/klasztor-katowice\/wp-json\/wp\/v2\/comments?post=2317"}],"version-history":[{"count":1,"href":"https:\/\/bonifratrzy.pl\/klasztor-katowice\/wp-json\/wp\/v2\/posts\/2317\/revisions"}],"predecessor-version":[{"id":2319,"href":"https:\/\/bonifratrzy.pl\/klasztor-katowice\/wp-json\/wp\/v2\/posts\/2317\/revisions\/2319"}],"wp:featuredmedia":[{"embeddable":true,"href":"https:\/\/bonifratrzy.pl\/klasztor-katowice\/wp-json\/wp\/v2\/media\/2318"}],"wp:attachment":[{"href":"https:\/\/bonifratrzy.pl\/klasztor-katowice\/wp-json\/wp\/v2\/media?parent=2317"}],"wp:term":[{"taxonomy":"category","embeddable":true,"href":"https:\/\/bonifratrzy.pl\/klasztor-katowice\/wp-json\/wp\/v2\/categories?post=2317"},{"taxonomy":"post_tag","embeddable":true,"href":"https:\/\/bonifratrzy.pl\/klasztor-katowice\/wp-json\/wp\/v2\/tags?post=2317"}],"curies":[{"name":"wp","href":"https:\/\/api.w.org\/{rel}","templated":true}]}}