{"id":18197,"date":"2025-12-01T18:12:07","date_gmt":"2025-12-01T17:12:07","guid":{"rendered":"https:\/\/bonifratrzy.pl\/klasztor-drohobycz\/?p=18197"},"modified":"2025-12-03T10:26:16","modified_gmt":"2025-12-03T09:26:16","slug":"uroczystosc-dni-niepodleglosci-polski","status":"publish","type":"post","link":"https:\/\/bonifratrzy.pl\/klasztor-drohobycz\/uroczystosc-dni-niepodleglosci-polski\/","title":{"rendered":"Uroczysto\u015b\u0107 Dni Niepodleg\u0142o\u015bci Polski"},"content":{"rendered":"<p style=\"text-align: justify\">15 listopada 2025 r. \u2013 Nasza \u00a0wsp\u00f3lnota otrzyma\u0142a zaproszenie od zarz\u0105du Drohobyckiego Kulturalno \u2013 O\u015bwiatowego Stowarzyszenia \u201eOdrodzenie\u201d w osobie prezes Marii Galas \u00a0na uroczysto\u015bci Dni Niepodleg\u0142o\u015bci Polski. <!--more-->Spotkanie odby\u0142o si\u0119 w Drohobyckim Pa\u0144stwowym Pedagogicznym Uniwersytecie im. Iwana Franka przy ul. Szewczenki. W obchodach, wzi\u0119li m.in. udzia\u0142 przedstawiciel Konsulatu Generalnego we Lwowie I Radca, Konsul Micha\u0142 Bogdanowicz, proboszcz drohobycki ks. Miros\u0142aw Lech, prezes Towarzystwa Polskiego w Drohobyczu Lubomir Frajt oraz z naszej bonifraterskiej wsp\u00f3lnoty br. Jonasz Wojewodzic.<\/p>\n<div class=\"wpmf-gallerys wpmf-gallerys-life \" ><div id=\"gallery-1\"\n data-gutter-width=\"5\"\n  data-wpmfcolumns=\"3\" class=\"wpmf-gallery gallery-link-file gallery_life gallery-masonry gallery-columns-3 gallery-size-thumbnail wpmf-gallery-bottomspace-default wpmf-gallery-clear wpmf-has-border-radius-0 wpmf-gutterwidth-5\"><div class=\"wpmf-gallery-item\n     wpmf-gallery-item-position-0 wpmf-gallery-item-attachment-18198\" data-index=\"0\"><div class=\"wpmf-gallery-icon\"><a class=\" not_video noLightbox\" data-lightbox=\"1\" data-href=\"https:\/\/bonifratrzy.pl\/klasztor-drohobycz\/wp-content\/uploads\/sites\/6\/2025\/12\/Zdjecie-WhatsApp-2025-11-15-o-15.28.10_57148e1b-1024x472.jpg\" title=\"Zdj\u0119cie WhatsApp 2025 11 15 O 15.28.10 57148e1b\" target=\"_self\" data-index=\"0\"><img decoding=\"async\" class=\"wpmf_img\" alt=\"Zdj\u0119cie WhatsApp 2025 11 15 O 15.28.10 57148e1b\" src=\"https:\/\/bonifratrzy.pl\/klasztor-drohobycz\/wp-content\/uploads\/sites\/6\/2025\/12\/Zdjecie-WhatsApp-2025-11-15-o-15.28.10_57148e1b-150x150.jpg\" data-type=\"wpmfgalleryimg\" data-lazy-src=\"https:\/\/bonifratrzy.pl\/klasztor-drohobycz\/wp-content\/uploads\/sites\/6\/2025\/12\/Zdjecie-WhatsApp-2025-11-15-o-15.28.10_57148e1b-150x150.jpg\"><\/a><\/div><\/div><div class=\"wpmf-gallery-item\n     wpmf-gallery-item-position-1 wpmf-gallery-item-attachment-18200\" data-index=\"1\"><div class=\"wpmf-gallery-icon\"><a class=\" not_video noLightbox\" data-lightbox=\"1\" data-href=\"https:\/\/bonifratrzy.pl\/klasztor-drohobycz\/wp-content\/uploads\/sites\/6\/2025\/12\/Zdjecie-WhatsApp-2025-11-15-o-15.28.10_acad12de-1024x472.jpg\" title=\"Zdj\u0119cie WhatsApp 2025 11 15 O 15.28.10 Acad12de\" target=\"_self\" data-index=\"1\"><img decoding=\"async\" class=\"wpmf_img\" alt=\"Zdj\u0119cie WhatsApp 2025 11 15 O 15.28.10 Acad12de\" src=\"https:\/\/bonifratrzy.pl\/klasztor-drohobycz\/wp-content\/uploads\/sites\/6\/2025\/12\/Zdjecie-WhatsApp-2025-11-15-o-15.28.10_acad12de-150x150.jpg\" data-type=\"wpmfgalleryimg\" data-lazy-src=\"https:\/\/bonifratrzy.pl\/klasztor-drohobycz\/wp-content\/uploads\/sites\/6\/2025\/12\/Zdjecie-WhatsApp-2025-11-15-o-15.28.10_acad12de-150x150.jpg\"><\/a><\/div><\/div><div class=\"wpmf-gallery-item\n     wpmf-gallery-item-position-2 wpmf-gallery-item-attachment-18202\" data-index=\"2\"><div class=\"wpmf-gallery-icon\"><a class=\" not_video noLightbox\" data-lightbox=\"1\" data-href=\"https:\/\/bonifratrzy.pl\/klasztor-drohobycz\/wp-content\/uploads\/sites\/6\/2025\/12\/Zdjecie-WhatsApp-2025-11-15-o-15.28.10_f771acbe-1024x472.jpg\" title=\"Zdj\u0119cie WhatsApp 2025 11 15 O 15.28.10 F771acbe\" target=\"_self\" data-index=\"2\"><img decoding=\"async\" class=\"wpmf_img\" alt=\"Zdj\u0119cie WhatsApp 2025 11 15 O 15.28.10 F771acbe\" src=\"https:\/\/bonifratrzy.pl\/klasztor-drohobycz\/wp-content\/uploads\/sites\/6\/2025\/12\/Zdjecie-WhatsApp-2025-11-15-o-15.28.10_f771acbe-150x150.jpg\" data-type=\"wpmfgalleryimg\" data-lazy-src=\"https:\/\/bonifratrzy.pl\/klasztor-drohobycz\/wp-content\/uploads\/sites\/6\/2025\/12\/Zdjecie-WhatsApp-2025-11-15-o-15.28.10_f771acbe-150x150.jpg\"><\/a><\/div><\/div><\/div><\/div>\n\n","protected":false},"excerpt":{"rendered":"<p>15 listopada 2025 r. \u2013 Nasza \u00a0wsp\u00f3lnota otrzyma\u0142a zaproszenie od zarz\u0105du Drohobyckiego Kulturalno \u2013 O\u015bwiatowego Stowarzyszenia \u201eOdrodzenie\u201d w osobie prezes Marii Galas \u00a0na uroczysto\u015bci Dni Niepodleg\u0142o\u015bci Polski.<\/p>\n","protected":false},"author":28,"featured_media":18202,"comment_status":"open","ping_status":"open","sticky":false,"template":"","format":"standard","meta":{"footnotes":""},"categories":[1],"tags":[],"_links":{"self":[{"href":"https:\/\/bonifratrzy.pl\/klasztor-drohobycz\/wp-json\/wp\/v2\/posts\/18197"}],"collection":[{"href":"https:\/\/bonifratrzy.pl\/klasztor-drohobycz\/wp-json\/wp\/v2\/posts"}],"about":[{"href":"https:\/\/bonifratrzy.pl\/klasztor-drohobycz\/wp-json\/wp\/v2\/types\/post"}],"author":[{"embeddable":true,"href":"https:\/\/bonifratrzy.pl\/klasztor-drohobycz\/wp-json\/wp\/v2\/users\/28"}],"replies":[{"embeddable":true,"href":"https:\/\/bonifratrzy.pl\/klasztor-drohobycz\/wp-json\/wp\/v2\/comments?post=18197"}],"version-history":[{"count":3,"href":"https:\/\/bonifratrzy.pl\/klasztor-drohobycz\/wp-json\/wp\/v2\/posts\/18197\/revisions"}],"predecessor-version":[{"id":18218,"href":"https:\/\/bonifratrzy.pl\/klasztor-drohobycz\/wp-json\/wp\/v2\/posts\/18197\/revisions\/18218"}],"wp:featuredmedia":[{"embeddable":true,"href":"https:\/\/bonifratrzy.pl\/klasztor-drohobycz\/wp-json\/wp\/v2\/media\/18202"}],"wp:attachment":[{"href":"https:\/\/bonifratrzy.pl\/klasztor-drohobycz\/wp-json\/wp\/v2\/media?parent=18197"}],"wp:term":[{"taxonomy":"category","embeddable":true,"href":"https:\/\/bonifratrzy.pl\/klasztor-drohobycz\/wp-json\/wp\/v2\/categories?post=18197"},{"taxonomy":"post_tag","embeddable":true,"href":"https:\/\/bonifratrzy.pl\/klasztor-drohobycz\/wp-json\/wp\/v2\/tags?post=18197"}],"curies":[{"name":"wp","href":"https:\/\/api.w.org\/{rel}","templated":true}]}}