{"id":17642,"date":"2025-09-15T10:18:30","date_gmt":"2025-09-15T08:18:30","guid":{"rendered":"https:\/\/bonifratrzy.pl\/klasztor-drohobycz\/?p=17642"},"modified":"2025-09-15T10:27:26","modified_gmt":"2025-09-15T08:27:26","slug":"uroczyste-obchody-650-lecia-metropolii-halickiej-lwowskiej","status":"publish","type":"post","link":"https:\/\/bonifratrzy.pl\/klasztor-drohobycz\/uroczyste-obchody-650-lecia-metropolii-halickiej-lwowskiej\/","title":{"rendered":"Uroczyste obchody 650-lecia metropolii (halickiej) lwowskiej"},"content":{"rendered":"<p style=\"text-align: justify\">2025.o9.06 &#8211; We Lwowie odby\u0142y si\u0119 uroczyste obchody 650-lecia metropolii (halickiej) lwowskiej. Uroczystej Mszy \u015awi\u0119tej w bazylice metropolitalnej Wniebowzi\u0119cia Naj\u015bwi\u0119tszej Maryi Panny<!--more--> przewodniczy\u0142 legat papieski, kard. Crescenzio Sepe, kt\u00f3ry przyby\u0142 z W\u0142och z przes\u0142aniem jedno\u015bci i wsparcia dla Ukrainy od Ojca \u015awi\u0119tego Leona XIV.<\/p>\n<p style=\"text-align: justify\">W s\u0142owie powitalnym metropolita lwowski, abp Mieczys\u0142aw Mokrzycki, podzi\u0119kowa\u0142 kard. Sepe za przewodniczenie liturgii i wezwa\u0142 do modlitwy o zako\u0144czenie wojny i trwa\u0142y pok\u00f3j dla Ukrainy.<\/p>\n<p style=\"text-align: justify\">W homilii przedstawiciel Ojca \u015awi\u0119tego przypomnia\u0142 duchowe dziedzictwo metropolii halickiej oraz zach\u0119ci\u0142 wiernych do budowania \u201e\u017cywego Ko\u015bcio\u0142a\u201d, otwartego na ubogich, odrzuconych i chorych. Na zako\u0144czenie przekaza\u0142 b\u0142ogos\u0142awie\u0144stwo papie\u017ca Leona XIV, prosz\u0105c o umocnienie ca\u0142ej wsp\u00f3lnoty metropolii w jej misji.<\/p>\n<p style=\"text-align: justify\">Po Mszy \u015awi\u0119tej wr\u0119czono medale b\u0142. Jakuba Strzemi\u0119 osobom zas\u0142u\u017conym dla archidiecezji lwowskiej. Tego dnia kard. Sepe odwiedzi\u0142 tak\u017ce pole honorowych poch\u00f3wk\u00f3w, sk\u0142adaj\u0105c kwiaty i modl\u0105c si\u0119 za \u017co\u0142nierzy poleg\u0142ych w wojnie rosyjsko-ukrai\u0144skiej. G\u0142\u0119boko poruszy\u0142a go liczba poch\u00f3wk\u00f3w, poniewa\u017c groby te s\u0105 \u015bwiadectwem tego, ile rodzin straci\u0142o swoich syn\u00f3w, m\u0119\u017c\u00f3w, ojc\u00f3w, c\u00f3rki, matki i siostry tylko w ci\u0105gu ostatnich trzech lat. Szczeg\u00f3lnie wzruszaj\u0105cym momentem dla kardyna\u0142a Crescenzio Sepe by\u0142o pro\u015bba o b\u0142ogos\u0142awie\u0144stwo i modlitw\u0119 od m\u0142odej wdowy, kt\u00f3ra w\u0142a\u015bnie odwiedza\u0142a gr\u00f3b zmar\u0142ego m\u0119\u017ca.<\/p>\n<p style=\"text-align: justify\">Kardyna\u0142 Crescenzio Sepe przyby\u0142 do Ukrainy 4 wrze\u015bnia 2025 roku jako legat papieski na uroczysto\u015bci 650-lecia metropolii halickiej. W ramach pobytu kardyna\u0142 odwiedzi\u0142 o\u015brodek rehabilitacyjny \u201eUnbroken\u201d, gdzie spotka\u0142 si\u0119 z rannymi \u017co\u0142nierzami, a tak\u017ce uda\u0142 si\u0119 do braci albertyn\u00f3w i Wsp\u00f3lnoty \u015bw. Idziego. Odwiedzi\u0142 Brzuchowice, gdzie rozmawia\u0142 z alumnami, spotka\u0142 si\u0119 z wyk\u0142adowcami i m\u0142odzie\u017c\u0105 podczas Archidiecezjalnych Dni M\u0142odzie\u017cy, a tak\u017ce odwiedzi\u0142 Dom Mi\u0142osierdzia \u015bw. Zygmunta Gorazdowskiego. Kardyna\u0142 podkre\u015bli\u0142 znaczenie modlitwy os\u00f3b starszych za Ko\u015bci\u00f3\u0142 i kraj oraz wezwa\u0142 do wzajemnego wsparcia w czasie wojny.<\/p>\n<p style=\"text-align: justify\">To druga wizyta kardyna\u0142a Sepe na Ukrainie: po raz pierwszy przyjecha\u0142 w 1995 roku na zaproszenie kardyna\u0142a Mariana Jaworskiego, uczestnicz\u0105c w plenarnym posiedzeniu Konferencji Biskup\u00f3w Rzymskokatolickich Ukrainy.<\/p>\n<p>Za:\u00a0<a href=\"https:\/\/credo.pro\/pl\/2025\/09\/387002\" target=\"_blank\" rel=\"noopener\">CREDO\u00a0<\/a> <a class=\"autor_a\" href=\"https:\/\/www.rkc.lviv.ua\/author.php?id=14&amp;lang=3\">Autor : Wita Jakubowska\u00a0<\/a><\/p>\n<p><iframe loading=\"lazy\" title=\"\u041f\u0440\u043e\u043f\u043e\u0432\u0456\u0434\u044c \u041a\u0430\u0440\u0434\u0438\u043d\u0430\u043b\u0430 \u041a\u0440\u0435\u0448\u0435\u043d\u0446\u0456\u043e \u0421\u0435\u043f\u0435 \u043d\u0430 650\u043b\u0456\u0442\u0442\u044f \u041b\u044c\u0432\u0456\u0432\u0441\u044c\u043a\u043e\u0457 \u043c\u0438\u0442\u0440\u043e\u043f\u043e\u043b\u0456\u0457 \u0432 \u043a\u0430\u0442\u0435\u0434\u0440\u0456\" width=\"500\" height=\"281\" src=\"https:\/\/www.youtube.com\/embed\/GfYuQ6QRhkU?feature=oembed\" frameborder=\"0\" allow=\"accelerometer; autoplay; clipboard-write; encrypted-media; gyroscope; picture-in-picture; web-share\" referrerpolicy=\"strict-origin-when-cross-origin\" allowfullscreen><\/iframe><\/p>\n<p>https:\/\/www.rkc.lviv.ua\/news_view-U_Lvovi_urochusto_vidznachulu_650_richchya_zasnuvannya_Galuckoi_mutropolii-pl<\/p>\n<div class=\"wpmf-gallerys wpmf-gallerys-life \" ><div id=\"gallery-1\"\n data-gutter-width=\"5\"\n  data-wpmfcolumns=\"3\" class=\"wpmf-gallery gallery-link-file gallery_life gallery-masonry gallery-columns-3 gallery-size-thumbnail wpmf-gallery-bottomspace-default wpmf-gallery-clear wpmf-has-border-radius-0 wpmf-gutterwidth-5\"><div class=\"wpmf-gallery-item\n     wpmf-gallery-item-position-0 wpmf-gallery-item-attachment-17654\" data-index=\"0\"><div class=\"wpmf-gallery-icon\"><a class=\" not_video noLightbox\" data-lightbox=\"1\" data-href=\"https:\/\/bonifratrzy.pl\/klasztor-drohobycz\/wp-content\/uploads\/sites\/6\/2025\/09\/20250907_115604_\u0421\u0435\u043f\u0435-\u0443-\u041b\u044c\u0432\u043e\u0432\u0456_DSC3113.jpg\" title=\"20250907 115604 \u0421\u0435\u043f\u0435 \u0443 \u041b\u044c\u0432\u043e\u0432\u0456 DSC3113\" target=\"_self\" data-index=\"0\"><img decoding=\"async\" class=\"wpmf_img\" alt=\"20250907 115604 \u0421\u0435\u043f\u0435 \u0443 \u041b\u044c\u0432\u043e\u0432\u0456 DSC3113\" src=\"https:\/\/bonifratrzy.pl\/klasztor-drohobycz\/wp-content\/uploads\/sites\/6\/2025\/09\/20250907_115604_\u0421\u0435\u043f\u0435-\u0443-\u041b\u044c\u0432\u043e\u0432\u0456_DSC3113-150x150.jpg\" data-type=\"wpmfgalleryimg\" data-lazy-src=\"https:\/\/bonifratrzy.pl\/klasztor-drohobycz\/wp-content\/uploads\/sites\/6\/2025\/09\/20250907_115604_\u0421\u0435\u043f\u0435-\u0443-\u041b\u044c\u0432\u043e\u0432\u0456_DSC3113-150x150.jpg\"><\/a><\/div><\/div><div class=\"wpmf-gallery-item\n     wpmf-gallery-item-position-1 wpmf-gallery-item-attachment-17652\" data-index=\"1\"><div class=\"wpmf-gallery-icon\"><a class=\" not_video noLightbox\" data-lightbox=\"1\" data-href=\"https:\/\/bonifratrzy.pl\/klasztor-drohobycz\/wp-content\/uploads\/sites\/6\/2025\/09\/20250907_115603_\u0421\u0435\u043f\u0435-\u0443-\u041b\u044c\u0432\u043e\u0432\u0456_DSC3473.jpg\" title=\"20250907 115603 \u0421\u0435\u043f\u0435 \u0443 \u041b\u044c\u0432\u043e\u0432\u0456 DSC3473\" target=\"_self\" data-index=\"1\"><img decoding=\"async\" class=\"wpmf_img\" alt=\"20250907 115603 \u0421\u0435\u043f\u0435 \u0443 \u041b\u044c\u0432\u043e\u0432\u0456 DSC3473\" src=\"https:\/\/bonifratrzy.pl\/klasztor-drohobycz\/wp-content\/uploads\/sites\/6\/2025\/09\/20250907_115603_\u0421\u0435\u043f\u0435-\u0443-\u041b\u044c\u0432\u043e\u0432\u0456_DSC3473-150x150.jpg\" data-type=\"wpmfgalleryimg\" data-lazy-src=\"https:\/\/bonifratrzy.pl\/klasztor-drohobycz\/wp-content\/uploads\/sites\/6\/2025\/09\/20250907_115603_\u0421\u0435\u043f\u0435-\u0443-\u041b\u044c\u0432\u043e\u0432\u0456_DSC3473-150x150.jpg\"><\/a><\/div><\/div><div class=\"wpmf-gallery-item\n     wpmf-gallery-item-position-2 wpmf-gallery-item-attachment-17650\" data-index=\"2\"><div class=\"wpmf-gallery-icon\"><a class=\" not_video noLightbox\" data-lightbox=\"1\" data-href=\"https:\/\/bonifratrzy.pl\/klasztor-drohobycz\/wp-content\/uploads\/sites\/6\/2025\/09\/20250907_115602_\u0421\u0435\u043f\u0435-\u0443-\u041b\u044c\u0432\u043e\u0432\u0456_DSC3903.jpg\" title=\"20250907 115602 \u0421\u0435\u043f\u0435 \u0443 \u041b\u044c\u0432\u043e\u0432\u0456 DSC3903\" target=\"_self\" data-index=\"2\"><img decoding=\"async\" class=\"wpmf_img\" alt=\"20250907 115602 \u0421\u0435\u043f\u0435 \u0443 \u041b\u044c\u0432\u043e\u0432\u0456 DSC3903\" src=\"https:\/\/bonifratrzy.pl\/klasztor-drohobycz\/wp-content\/uploads\/sites\/6\/2025\/09\/20250907_115602_\u0421\u0435\u043f\u0435-\u0443-\u041b\u044c\u0432\u043e\u0432\u0456_DSC3903-150x150.jpg\" data-type=\"wpmfgalleryimg\" data-lazy-src=\"https:\/\/bonifratrzy.pl\/klasztor-drohobycz\/wp-content\/uploads\/sites\/6\/2025\/09\/20250907_115602_\u0421\u0435\u043f\u0435-\u0443-\u041b\u044c\u0432\u043e\u0432\u0456_DSC3903-150x150.jpg\"><\/a><\/div><\/div><\/div><\/div>\n\n","protected":false},"excerpt":{"rendered":"<p>2025.o9.06 &#8211; We Lwowie odby\u0142y si\u0119 uroczyste obchody 650-lecia metropolii (halickiej) lwowskiej. Uroczystej Mszy \u015awi\u0119tej w bazylice metropolitalnej Wniebowzi\u0119cia Naj\u015bwi\u0119tszej Maryi Panny<\/p>\n","protected":false},"author":28,"featured_media":17654,"comment_status":"open","ping_status":"open","sticky":false,"template":"","format":"standard","meta":{"footnotes":""},"categories":[1],"tags":[],"_links":{"self":[{"href":"https:\/\/bonifratrzy.pl\/klasztor-drohobycz\/wp-json\/wp\/v2\/posts\/17642"}],"collection":[{"href":"https:\/\/bonifratrzy.pl\/klasztor-drohobycz\/wp-json\/wp\/v2\/posts"}],"about":[{"href":"https:\/\/bonifratrzy.pl\/klasztor-drohobycz\/wp-json\/wp\/v2\/types\/post"}],"author":[{"embeddable":true,"href":"https:\/\/bonifratrzy.pl\/klasztor-drohobycz\/wp-json\/wp\/v2\/users\/28"}],"replies":[{"embeddable":true,"href":"https:\/\/bonifratrzy.pl\/klasztor-drohobycz\/wp-json\/wp\/v2\/comments?post=17642"}],"version-history":[{"count":4,"href":"https:\/\/bonifratrzy.pl\/klasztor-drohobycz\/wp-json\/wp\/v2\/posts\/17642\/revisions"}],"predecessor-version":[{"id":17657,"href":"https:\/\/bonifratrzy.pl\/klasztor-drohobycz\/wp-json\/wp\/v2\/posts\/17642\/revisions\/17657"}],"wp:featuredmedia":[{"embeddable":true,"href":"https:\/\/bonifratrzy.pl\/klasztor-drohobycz\/wp-json\/wp\/v2\/media\/17654"}],"wp:attachment":[{"href":"https:\/\/bonifratrzy.pl\/klasztor-drohobycz\/wp-json\/wp\/v2\/media?parent=17642"}],"wp:term":[{"taxonomy":"category","embeddable":true,"href":"https:\/\/bonifratrzy.pl\/klasztor-drohobycz\/wp-json\/wp\/v2\/categories?post=17642"},{"taxonomy":"post_tag","embeddable":true,"href":"https:\/\/bonifratrzy.pl\/klasztor-drohobycz\/wp-json\/wp\/v2\/tags?post=17642"}],"curies":[{"name":"wp","href":"https:\/\/api.w.org\/{rel}","templated":true}]}}