{"id":8636,"date":"2024-01-12T13:41:08","date_gmt":"2024-01-12T12:41:08","guid":{"rendered":"https:\/\/bonifratrzy.pl\/dps-iwonicz\/?p=8636"},"modified":"2024-01-12T13:44:47","modified_gmt":"2024-01-12T12:44:47","slug":"xxv-konkurs-koled-pastoralek-i-tradycji-bozonarodzeniowych-w-iwoniczu-zdroju","status":"publish","type":"post","link":"https:\/\/bonifratrzy.pl\/dps-iwonicz\/2024\/01\/12\/xxv-konkurs-koled-pastoralek-i-tradycji-bozonarodzeniowych-w-iwoniczu-zdroju\/","title":{"rendered":"XXV konkurs kol\u0119d, pastora\u0142ek i tradycji Bo\u017conarodzeniowych w Iwoniczu Zdroju."},"content":{"rendered":"<p align=\"justify\"><span style=\"font-family: Times New Roman, serif\"><span style=\"font-size: medium\">Dnia 11.01.2024 mieli\u015bmy przyjemno\u015b\u0107 by\u0107 biernymi s\u0142uchaczami XXV Konkursu Kol\u0119d, Pastora\u0142ek i Tradycji Bo\u017conarodzeniowych w Iwoniczu Zdroju.<\/span><\/span><\/p>\n<p align=\"justify\"><!--more--><\/p>\n<p align=\"justify\"><span style=\"font-family: Times New Roman, serif\"><span style=\"font-size: medium\">Wys\u0142uchali\u015bmy mn\u00f3stwa wspania\u0142ych wyst\u0119p\u00f3w oraz obejrzeli\u015bmy pi\u0119kne jase\u0142ka. Bardzo udzieli\u0142 si\u0119 nam \u015bwi\u0105teczny klimat, pe\u0142ni rado\u015bci wr\u00f3cili\u015bmy do domu i na pewno powt\u00f3rzymy ten wyjazd za rok.<\/span><\/span><\/p>\n<p align=\"justify\"><!--more--><\/p>\n<div class=\"wpmf-gallerys wpmf-gallerys-life \" ><div id=\"gallery-1\" class=\"gallery gallery_life wpmf_gallery_default gallery_default  gallery-columns-3 gallery-size-thumbnail gallery-link-post wpmf-has-border-radius-0 wpmf-gutterwidth-5 no_ratio\"><figure class=\"wpmf-gallery-item\" data-index=\"0\"><div class=\"wpmf-gallery-icon\"><div class=\"square_thumbnail\"><div class=\"img_centered\"><a class=\" not_video noLightbox\" data-lightbox=\"0\" data-href=\"https:\/\/bonifratrzy.pl\/dps-iwonicz\/wp-content\/uploads\/sites\/26\/2024\/01\/20240111_095629.jpg\" title=\"20240111_095629\" target=\"_self\" data-index=\"0\"><img decoding=\"async\" class=\"wpmf_img\" alt=\"20240111_095629\" src=\"https:\/\/bonifratrzy.pl\/dps-iwonicz\/wp-content\/uploads\/sites\/26\/2024\/01\/20240111_095629-480x286.jpg\" data-type=\"wpmfgalleryimg\" data-lazy-src=\"https:\/\/bonifratrzy.pl\/dps-iwonicz\/wp-content\/uploads\/sites\/26\/2024\/01\/20240111_095629-480x286.jpg\"><\/a><\/div><\/div><\/div><\/figure><\/div><\/div>\n","protected":false},"excerpt":{"rendered":"<p>Dnia 11.01.2024 mieli\u015bmy przyjemno\u015b\u0107 by\u0107 biernymi s\u0142uchaczami XXV Konkursu Kol\u0119d, Pastora\u0142ek i Tradycji Bo\u017conarodzeniowych w Iwoniczu Zdroju.<\/p>\n","protected":false},"author":30,"featured_media":8637,"comment_status":"open","ping_status":"open","sticky":false,"template":"","format":"standard","meta":{"footnotes":""},"categories":[1],"tags":[],"_links":{"self":[{"href":"https:\/\/bonifratrzy.pl\/dps-iwonicz\/wp-json\/wp\/v2\/posts\/8636"}],"collection":[{"href":"https:\/\/bonifratrzy.pl\/dps-iwonicz\/wp-json\/wp\/v2\/posts"}],"about":[{"href":"https:\/\/bonifratrzy.pl\/dps-iwonicz\/wp-json\/wp\/v2\/types\/post"}],"author":[{"embeddable":true,"href":"https:\/\/bonifratrzy.pl\/dps-iwonicz\/wp-json\/wp\/v2\/users\/30"}],"replies":[{"embeddable":true,"href":"https:\/\/bonifratrzy.pl\/dps-iwonicz\/wp-json\/wp\/v2\/comments?post=8636"}],"version-history":[{"count":2,"href":"https:\/\/bonifratrzy.pl\/dps-iwonicz\/wp-json\/wp\/v2\/posts\/8636\/revisions"}],"predecessor-version":[{"id":8642,"href":"https:\/\/bonifratrzy.pl\/dps-iwonicz\/wp-json\/wp\/v2\/posts\/8636\/revisions\/8642"}],"wp:featuredmedia":[{"embeddable":true,"href":"https:\/\/bonifratrzy.pl\/dps-iwonicz\/wp-json\/wp\/v2\/media\/8637"}],"wp:attachment":[{"href":"https:\/\/bonifratrzy.pl\/dps-iwonicz\/wp-json\/wp\/v2\/media?parent=8636"}],"wp:term":[{"taxonomy":"category","embeddable":true,"href":"https:\/\/bonifratrzy.pl\/dps-iwonicz\/wp-json\/wp\/v2\/categories?post=8636"},{"taxonomy":"post_tag","embeddable":true,"href":"https:\/\/bonifratrzy.pl\/dps-iwonicz\/wp-json\/wp\/v2\/tags?post=8636"}],"curies":[{"name":"wp","href":"https:\/\/api.w.org\/{rel}","templated":true}]}}