{"id":8142,"date":"2023-06-30T11:55:54","date_gmt":"2023-06-30T09:55:54","guid":{"rendered":"https:\/\/bonifratrzy.pl\/dps-iwonicz\/?p=8142"},"modified":"2023-06-30T11:56:23","modified_gmt":"2023-06-30T09:56:23","slug":"obchody-25-lecia-domu-pomocy-spolecznej-w-rudzie","status":"publish","type":"post","link":"https:\/\/bonifratrzy.pl\/dps-iwonicz\/2023\/06\/30\/obchody-25-lecia-domu-pomocy-spolecznej-w-rudzie\/","title":{"rendered":"Obchody 25 \u2013 lecia Domu Pomocy Spo\u0142ecznej w Rudzie"},"content":{"rendered":"<p>Na zaproszenie Domu Pomocy Spo\u0142ecznej im. \u015bw. Jana Paw\u0142a II w Rudzie 20 czerwca w\u0142\u0105czyli\u015bmy si\u0119 w obchody uroczysto\u015bci zwi\u0105zanej z jubileuszem 25 \u2013 lecia powstania plac\u00f3wki, kt\u00f3re po\u0142\u0105czone by\u0142y z odpustem ku czci \u015bw. Brata Alberta.<\/p>\n<p><!--more--><\/p>\n<p align=\"justify\">Uroczysto\u015bci rozpocz\u0119\u0142y si\u0119 Msz\u0105 \u015bw. pod przewodnictwem biskupa Kazimierza G\u00f3rnego. Po zako\u0144czeniu Mszy \u015bw. g\u0142os zabra\u0142a pani dyrektor przybli\u017caj\u0105c zebranym histori\u0119 domu. Dzi\u0119kujemy za zaproszenie i \u017cyczymy dalszych sukces\u00f3w.<\/p>\n<p align=\"justify\"><!--more--><\/p>\n<div class=\"wpmf-gallerys wpmf-gallerys-life \" ><div id=\"gallery-1\"\n data-gutter-width=\"5\"\n  data-wpmfcolumns=\"3\" class=\"wpmf-gallery gallery-link-file gallery_life gallery-masonry gallery-columns-3 gallery-size-thumbnail wpmf-gallery-bottomspace-default wpmf-gallery-clear wpmf-has-border-radius-0 wpmf-gutterwidth-5\"><div class=\"wpmf-gallery-item\n     wpmf-gallery-item-position-0 wpmf-gallery-item-attachment-8143\" data-index=\"0\"><div class=\"wpmf-gallery-icon\"><a class=\" not_video noLightbox\" data-lightbox=\"1\" data-href=\"https:\/\/bonifratrzy.pl\/dps-iwonicz\/wp-content\/uploads\/sites\/26\/2023\/06\/20230620_140422.jpg\" title=\"20230620_140422\" target=\"_self\" data-index=\"0\"><img decoding=\"async\" class=\"wpmf_img\" alt=\"20230620_140422\" src=\"https:\/\/bonifratrzy.pl\/dps-iwonicz\/wp-content\/uploads\/sites\/26\/2023\/06\/20230620_140422-480x286.jpg\" data-type=\"wpmfgalleryimg\" data-lazy-src=\"https:\/\/bonifratrzy.pl\/dps-iwonicz\/wp-content\/uploads\/sites\/26\/2023\/06\/20230620_140422-480x286.jpg\"><\/a><\/div><\/div><div class=\"wpmf-gallery-item\n     wpmf-gallery-item-position-1 wpmf-gallery-item-attachment-8144\" data-index=\"1\"><div class=\"wpmf-gallery-icon\"><a class=\" not_video noLightbox\" data-lightbox=\"1\" data-href=\"https:\/\/bonifratrzy.pl\/dps-iwonicz\/wp-content\/uploads\/sites\/26\/2023\/06\/20230620_140514.jpg\" title=\"20230620_140514\" target=\"_self\" data-index=\"1\"><img decoding=\"async\" class=\"wpmf_img\" alt=\"20230620_140514\" src=\"https:\/\/bonifratrzy.pl\/dps-iwonicz\/wp-content\/uploads\/sites\/26\/2023\/06\/20230620_140514-480x286.jpg\" data-type=\"wpmfgalleryimg\" data-lazy-src=\"https:\/\/bonifratrzy.pl\/dps-iwonicz\/wp-content\/uploads\/sites\/26\/2023\/06\/20230620_140514-480x286.jpg\"><\/a><\/div><\/div><div class=\"wpmf-gallery-item\n     wpmf-gallery-item-position-2 wpmf-gallery-item-attachment-8145\" data-index=\"2\"><div class=\"wpmf-gallery-icon\"><a class=\" not_video noLightbox\" data-lightbox=\"1\" data-href=\"https:\/\/bonifratrzy.pl\/dps-iwonicz\/wp-content\/uploads\/sites\/26\/2023\/06\/20230620_145627.jpg\" title=\"20230620_145627\" target=\"_self\" data-index=\"2\"><img decoding=\"async\" class=\"wpmf_img\" alt=\"20230620_145627\" src=\"https:\/\/bonifratrzy.pl\/dps-iwonicz\/wp-content\/uploads\/sites\/26\/2023\/06\/20230620_145627-480x286.jpg\" data-type=\"wpmfgalleryimg\" data-lazy-src=\"https:\/\/bonifratrzy.pl\/dps-iwonicz\/wp-content\/uploads\/sites\/26\/2023\/06\/20230620_145627-480x286.jpg\"><\/a><\/div><\/div><div class=\"wpmf-gallery-item\n     wpmf-gallery-item-position-3 wpmf-gallery-item-attachment-8146\" data-index=\"3\"><div class=\"wpmf-gallery-icon\"><a class=\" not_video noLightbox\" data-lightbox=\"1\" data-href=\"https:\/\/bonifratrzy.pl\/dps-iwonicz\/wp-content\/uploads\/sites\/26\/2023\/06\/20230620_151047.jpg\" title=\"20230620_151047\" target=\"_self\" data-index=\"3\"><img decoding=\"async\" class=\"wpmf_img\" alt=\"20230620_151047\" src=\"https:\/\/bonifratrzy.pl\/dps-iwonicz\/wp-content\/uploads\/sites\/26\/2023\/06\/20230620_151047-480x286.jpg\" data-type=\"wpmfgalleryimg\" data-lazy-src=\"https:\/\/bonifratrzy.pl\/dps-iwonicz\/wp-content\/uploads\/sites\/26\/2023\/06\/20230620_151047-480x286.jpg\"><\/a><\/div><\/div><\/div><\/div>\n\n","protected":false},"excerpt":{"rendered":"<p>Na zaproszenie Domu Pomocy Spo\u0142ecznej im. \u015bw. Jana Paw\u0142a II w Rudzie 20 czerwca w\u0142\u0105czyli\u015bmy si\u0119 w obchody uroczysto\u015bci zwi\u0105zanej z jubileuszem 25 \u2013 lecia powstania plac\u00f3wki, kt\u00f3re po\u0142\u0105czone by\u0142y z odpustem ku czci \u015bw. Brata Alberta.<\/p>\n","protected":false},"author":30,"featured_media":8145,"comment_status":"open","ping_status":"open","sticky":false,"template":"","format":"standard","meta":{"footnotes":""},"categories":[1],"tags":[],"_links":{"self":[{"href":"https:\/\/bonifratrzy.pl\/dps-iwonicz\/wp-json\/wp\/v2\/posts\/8142"}],"collection":[{"href":"https:\/\/bonifratrzy.pl\/dps-iwonicz\/wp-json\/wp\/v2\/posts"}],"about":[{"href":"https:\/\/bonifratrzy.pl\/dps-iwonicz\/wp-json\/wp\/v2\/types\/post"}],"author":[{"embeddable":true,"href":"https:\/\/bonifratrzy.pl\/dps-iwonicz\/wp-json\/wp\/v2\/users\/30"}],"replies":[{"embeddable":true,"href":"https:\/\/bonifratrzy.pl\/dps-iwonicz\/wp-json\/wp\/v2\/comments?post=8142"}],"version-history":[{"count":2,"href":"https:\/\/bonifratrzy.pl\/dps-iwonicz\/wp-json\/wp\/v2\/posts\/8142\/revisions"}],"predecessor-version":[{"id":8148,"href":"https:\/\/bonifratrzy.pl\/dps-iwonicz\/wp-json\/wp\/v2\/posts\/8142\/revisions\/8148"}],"wp:featuredmedia":[{"embeddable":true,"href":"https:\/\/bonifratrzy.pl\/dps-iwonicz\/wp-json\/wp\/v2\/media\/8145"}],"wp:attachment":[{"href":"https:\/\/bonifratrzy.pl\/dps-iwonicz\/wp-json\/wp\/v2\/media?parent=8142"}],"wp:term":[{"taxonomy":"category","embeddable":true,"href":"https:\/\/bonifratrzy.pl\/dps-iwonicz\/wp-json\/wp\/v2\/categories?post=8142"},{"taxonomy":"post_tag","embeddable":true,"href":"https:\/\/bonifratrzy.pl\/dps-iwonicz\/wp-json\/wp\/v2\/tags?post=8142"}],"curies":[{"name":"wp","href":"https:\/\/api.w.org\/{rel}","templated":true}]}}