{"id":8136,"date":"2023-06-30T11:52:13","date_gmt":"2023-06-30T09:52:13","guid":{"rendered":"https:\/\/bonifratrzy.pl\/dps-iwonicz\/?p=8136"},"modified":"2023-06-30T11:52:50","modified_gmt":"2023-06-30T09:52:50","slug":"uczestniczylismy-w-obchodach-jubileuszu-20-lecia-panstwowej-akademii-nauk-stosowanych-w-krosnie","status":"publish","type":"post","link":"https:\/\/bonifratrzy.pl\/dps-iwonicz\/2023\/06\/30\/uczestniczylismy-w-obchodach-jubileuszu-20-lecia-panstwowej-akademii-nauk-stosowanych-w-krosnie\/","title":{"rendered":"Uczestniczyli\u015bmy w obchodach jubileuszu 20-lecia  Pa\u0144stwowej Akademii Nauk Stosowanych w Kro\u015bnie"},"content":{"rendered":"<p>Dnia 28 czerwca br. przedstawiciele naszego DPS uczestniczyli w jubileuszu 20 &#8211; lecia dzia\u0142alno\u015bci kierunku Piel\u0119gniarstwo w PANS w Kro\u015bnie po\u0142\u0105czonego absolutorium student\u00f3w II stopnia na kierunku Piel\u0119gniarstwo.<\/p>\n<p><!--more--><\/p>\n<p align=\"justify\"><span style=\"font-size: medium\">Od samego pocz\u0105tku wsp\u00f3\u0142pracujemy z Uczelni\u0105. Studenci kierunku Piel\u0119gniarstwa realizuj\u0105 w naszym Domu praktyki, wspieraj\u0105 podopiecznych wnosz\u0105c w \u017cycie plac\u00f3wki du\u017co zapa\u0142u, rado\u015bci i entuzjazmu.<\/span><\/p>\n<p align=\"justify\"><span style=\"font-size: medium\">Spotkanie jubileuszowe by\u0142o okazj\u0105 do wspomnie\u0144 i podsumowa\u0144. Dzi\u0119kujemy za zaproszenie i czas wsp\u00f3lnego spotkania. Zostali\u015bmy wyr\u00f3\u017cnieni za dobr\u0105 wsp\u00f3\u0142prac\u0119, za co r\u00f3wnie\u017c bardzo dzi\u0119kujemy. Na r\u0119ce pana rektora Barabasza i pani kierownik kierunku Piel\u0119gniarstwo sk\u0142adamy \u017cyczenia dalszego rozwoju uczelni i jak najlepszych efekt\u00f3w kszta\u0142cenia.<\/span><\/p>\n<div class=\"wpmf-gallerys wpmf-gallerys-life \" ><div id=\"gallery-1\"\n data-gutter-width=\"5\"\n  data-wpmfcolumns=\"3\" class=\"wpmf-gallery gallery-link-file gallery_life gallery-masonry gallery-columns-3 gallery-size-thumbnail wpmf-gallery-bottomspace-default wpmf-gallery-clear wpmf-has-border-radius-0 wpmf-gutterwidth-5\"><div class=\"wpmf-gallery-item\n     wpmf-gallery-item-position-0 wpmf-gallery-item-attachment-8137\" data-index=\"0\"><div class=\"wpmf-gallery-icon\"><a class=\" not_video noLightbox\" data-lightbox=\"1\" data-href=\"https:\/\/bonifratrzy.pl\/dps-iwonicz\/wp-content\/uploads\/sites\/26\/2023\/06\/FB_IMG_1688117883971.jpg\" title=\"FB_IMG_1688117883971\" target=\"_self\" data-index=\"0\"><img decoding=\"async\" class=\"wpmf_img\" alt=\"FB_IMG_1688117883971\" src=\"https:\/\/bonifratrzy.pl\/dps-iwonicz\/wp-content\/uploads\/sites\/26\/2023\/06\/FB_IMG_1688117883971-480x286.jpg\" data-type=\"wpmfgalleryimg\" data-lazy-src=\"https:\/\/bonifratrzy.pl\/dps-iwonicz\/wp-content\/uploads\/sites\/26\/2023\/06\/FB_IMG_1688117883971-480x286.jpg\"><\/a><\/div><\/div><div class=\"wpmf-gallery-item\n     wpmf-gallery-item-position-1 wpmf-gallery-item-attachment-8138\" data-index=\"1\"><div class=\"wpmf-gallery-icon\"><a class=\" not_video noLightbox\" data-lightbox=\"1\" data-href=\"https:\/\/bonifratrzy.pl\/dps-iwonicz\/wp-content\/uploads\/sites\/26\/2023\/06\/FB_IMG_1688117920071.jpg\" title=\"FB_IMG_1688117920071\" target=\"_self\" data-index=\"1\"><img decoding=\"async\" class=\"wpmf_img\" alt=\"FB_IMG_1688117920071\" src=\"https:\/\/bonifratrzy.pl\/dps-iwonicz\/wp-content\/uploads\/sites\/26\/2023\/06\/FB_IMG_1688117920071-480x286.jpg\" data-type=\"wpmfgalleryimg\" data-lazy-src=\"https:\/\/bonifratrzy.pl\/dps-iwonicz\/wp-content\/uploads\/sites\/26\/2023\/06\/FB_IMG_1688117920071-480x286.jpg\"><\/a><\/div><\/div><div class=\"wpmf-gallery-item\n     wpmf-gallery-item-position-2 wpmf-gallery-item-attachment-8139\" data-index=\"2\"><div class=\"wpmf-gallery-icon\"><a class=\" not_video noLightbox\" data-lightbox=\"1\" data-href=\"https:\/\/bonifratrzy.pl\/dps-iwonicz\/wp-content\/uploads\/sites\/26\/2023\/06\/FB_IMG_1688117986472.jpg\" title=\"FB_IMG_1688117986472\" target=\"_self\" data-index=\"2\"><img decoding=\"async\" class=\"wpmf_img\" alt=\"FB_IMG_1688117986472\" src=\"https:\/\/bonifratrzy.pl\/dps-iwonicz\/wp-content\/uploads\/sites\/26\/2023\/06\/FB_IMG_1688117986472-480x286.jpg\" data-type=\"wpmfgalleryimg\" data-lazy-src=\"https:\/\/bonifratrzy.pl\/dps-iwonicz\/wp-content\/uploads\/sites\/26\/2023\/06\/FB_IMG_1688117986472-480x286.jpg\"><\/a><\/div><\/div><\/div><\/div>\n\n","protected":false},"excerpt":{"rendered":"<p>Dnia 28 czerwca br. przedstawiciele naszego DPS uczestniczyli w jubileuszu 20 &#8211; lecia dzia\u0142alno\u015bci kierunku Piel\u0119gniarstwo w PANS w Kro\u015bnie po\u0142\u0105czonego absolutorium student\u00f3w II stopnia na kierunku Piel\u0119gniarstwo.<\/p>\n","protected":false},"author":30,"featured_media":8138,"comment_status":"open","ping_status":"open","sticky":false,"template":"","format":"standard","meta":{"footnotes":""},"categories":[1],"tags":[],"_links":{"self":[{"href":"https:\/\/bonifratrzy.pl\/dps-iwonicz\/wp-json\/wp\/v2\/posts\/8136"}],"collection":[{"href":"https:\/\/bonifratrzy.pl\/dps-iwonicz\/wp-json\/wp\/v2\/posts"}],"about":[{"href":"https:\/\/bonifratrzy.pl\/dps-iwonicz\/wp-json\/wp\/v2\/types\/post"}],"author":[{"embeddable":true,"href":"https:\/\/bonifratrzy.pl\/dps-iwonicz\/wp-json\/wp\/v2\/users\/30"}],"replies":[{"embeddable":true,"href":"https:\/\/bonifratrzy.pl\/dps-iwonicz\/wp-json\/wp\/v2\/comments?post=8136"}],"version-history":[{"count":2,"href":"https:\/\/bonifratrzy.pl\/dps-iwonicz\/wp-json\/wp\/v2\/posts\/8136\/revisions"}],"predecessor-version":[{"id":8141,"href":"https:\/\/bonifratrzy.pl\/dps-iwonicz\/wp-json\/wp\/v2\/posts\/8136\/revisions\/8141"}],"wp:featuredmedia":[{"embeddable":true,"href":"https:\/\/bonifratrzy.pl\/dps-iwonicz\/wp-json\/wp\/v2\/media\/8138"}],"wp:attachment":[{"href":"https:\/\/bonifratrzy.pl\/dps-iwonicz\/wp-json\/wp\/v2\/media?parent=8136"}],"wp:term":[{"taxonomy":"category","embeddable":true,"href":"https:\/\/bonifratrzy.pl\/dps-iwonicz\/wp-json\/wp\/v2\/categories?post=8136"},{"taxonomy":"post_tag","embeddable":true,"href":"https:\/\/bonifratrzy.pl\/dps-iwonicz\/wp-json\/wp\/v2\/tags?post=8136"}],"curies":[{"name":"wp","href":"https:\/\/api.w.org\/{rel}","templated":true}]}}