{"id":2957,"date":"2018-07-04T14:17:34","date_gmt":"2018-07-04T12:17:34","guid":{"rendered":"https:\/\/bonifratrzy.pl\/dps-iwonicz\/?p=2957"},"modified":"2018-07-04T14:18:30","modified_gmt":"2018-07-04T12:18:30","slug":"25-lecie-domu-pomocy-spolecznej-nr-1-w-krosnie","status":"publish","type":"post","link":"https:\/\/bonifratrzy.pl\/dps-iwonicz\/2018\/07\/04\/25-lecie-domu-pomocy-spolecznej-nr-1-w-krosnie\/","title":{"rendered":"25-lecie Domu Pomocy Spo\u0142ecznej nr 1 w Kro\u015bnie"},"content":{"rendered":"<p>Dnia 27 czerwca korzystaj\u0105c z zaproszenia, wzi\u0119li\u015bmy udzia\u0142 w obchodach 25-lecia Domu Pomocy Spo\u0142ecznej nr 1 w Kro\u015bnie. <!--more--><\/p>\n<p align=\"JUSTIFY\">Jubileusz rozpocz\u0105\u0142 si\u0119 Msz\u0105 \u015bw. koncelebrowan\u0105 przez Abpa Stanis\u0142awa Jamrozka. Kolejnym punktem dnia by\u0142a prezentacja zdj\u0119\u0107 i filmu prezentuj\u0105cych zarys historii Domu oraz jego aktualne funkcjonowanie. Nast\u0119pnie wys\u0142uchali\u015bmy koncertu uczni\u00f3w z Zespo\u0142u Szk\u00f3\u0142 Muzycznych w Kro\u015bnie i rozpocz\u0119li\u015bmy wsp\u00f3ln\u0105 zabaw\u0119 taneczn\u0105.<\/p>\n<div class=\"wpmf-gallerys wpmf-gallerys-life \" ><div id=\"gallery-1\" class=\"gallery gallery_life wpmf_gallery_default gallery_default  gallery-columns-3 gallery-size-thumbnail gallery-link-file wpmf-has-border-radius-0 wpmf-gutterwidth-5 no_ratio\"><figure class=\"wpmf-gallery-item\" data-index=\"0\"><div class=\"wpmf-gallery-icon\"><div class=\"square_thumbnail\"><div class=\"img_centered\"><a class=\" not_video noLightbox\" data-lightbox=\"1\" data-href=\"https:\/\/bonifratrzy.pl\/dps-iwonicz\/wp-content\/uploads\/sites\/26\/2018\/07\/20180627_124258-576x1024.jpg\" title=\"20180627_124258\" target=\"_self\" data-index=\"0\"><img decoding=\"async\" class=\"wpmf_img\" alt=\"20180627_124258\" src=\"https:\/\/bonifratrzy.pl\/dps-iwonicz\/wp-content\/uploads\/sites\/26\/2018\/07\/20180627_124258-480x286.jpg\" data-type=\"wpmfgalleryimg\" data-lazy-src=\"https:\/\/bonifratrzy.pl\/dps-iwonicz\/wp-content\/uploads\/sites\/26\/2018\/07\/20180627_124258-480x286.jpg\"><\/a><\/div><\/div><\/div><\/figure><figure class=\"wpmf-gallery-item\" data-index=\"1\"><div class=\"wpmf-gallery-icon\"><div class=\"square_thumbnail\"><div class=\"img_centered\"><a class=\" not_video noLightbox\" data-lightbox=\"1\" data-href=\"https:\/\/bonifratrzy.pl\/dps-iwonicz\/wp-content\/uploads\/sites\/26\/2018\/07\/20180627_133754-576x1024.jpg\" title=\"20180627_133754\" target=\"_self\" data-index=\"1\"><img decoding=\"async\" class=\"wpmf_img\" alt=\"20180627_133754\" src=\"https:\/\/bonifratrzy.pl\/dps-iwonicz\/wp-content\/uploads\/sites\/26\/2018\/07\/20180627_133754-480x286.jpg\" data-type=\"wpmfgalleryimg\" data-lazy-src=\"https:\/\/bonifratrzy.pl\/dps-iwonicz\/wp-content\/uploads\/sites\/26\/2018\/07\/20180627_133754-480x286.jpg\"><\/a><\/div><\/div><\/div><\/figure><figure class=\"wpmf-gallery-item\" data-index=\"2\"><div class=\"wpmf-gallery-icon\"><div class=\"square_thumbnail\"><div class=\"img_centered\"><a class=\" not_video noLightbox\" data-lightbox=\"1\" data-href=\"https:\/\/bonifratrzy.pl\/dps-iwonicz\/wp-content\/uploads\/sites\/26\/2018\/07\/20180627_121656-576x1024.jpg\" title=\"20180627_121656\" target=\"_self\" data-index=\"2\"><img decoding=\"async\" class=\"wpmf_img\" alt=\"20180627_121656\" src=\"https:\/\/bonifratrzy.pl\/dps-iwonicz\/wp-content\/uploads\/sites\/26\/2018\/07\/20180627_121656-480x286.jpg\" data-type=\"wpmfgalleryimg\" data-lazy-src=\"https:\/\/bonifratrzy.pl\/dps-iwonicz\/wp-content\/uploads\/sites\/26\/2018\/07\/20180627_121656-480x286.jpg\"><\/a><\/div><\/div><\/div><\/figure><figure class=\"wpmf-gallery-item\" data-index=\"3\"><div class=\"wpmf-gallery-icon\"><div class=\"square_thumbnail\"><div class=\"img_centered\"><a class=\" not_video noLightbox\" data-lightbox=\"1\" data-href=\"https:\/\/bonifratrzy.pl\/dps-iwonicz\/wp-content\/uploads\/sites\/26\/2018\/07\/20180627_143331-576x1024.jpg\" title=\"20180627_143331\" target=\"_self\" data-index=\"3\"><img decoding=\"async\" class=\"wpmf_img\" alt=\"20180627_143331\" src=\"https:\/\/bonifratrzy.pl\/dps-iwonicz\/wp-content\/uploads\/sites\/26\/2018\/07\/20180627_143331-480x286.jpg\" data-type=\"wpmfgalleryimg\" data-lazy-src=\"https:\/\/bonifratrzy.pl\/dps-iwonicz\/wp-content\/uploads\/sites\/26\/2018\/07\/20180627_143331-480x286.jpg\"><\/a><\/div><\/div><\/div><\/figure><figure class=\"wpmf-gallery-item\" data-index=\"4\"><div class=\"wpmf-gallery-icon\"><div class=\"square_thumbnail\"><div class=\"img_centered\"><a class=\" not_video noLightbox\" data-lightbox=\"1\" data-href=\"https:\/\/bonifratrzy.pl\/dps-iwonicz\/wp-content\/uploads\/sites\/26\/2018\/07\/20180627_122150-1024x576.jpg\" title=\"20180627_122150\" target=\"_self\" data-index=\"4\"><img decoding=\"async\" class=\"wpmf_img\" alt=\"20180627_122150\" src=\"https:\/\/bonifratrzy.pl\/dps-iwonicz\/wp-content\/uploads\/sites\/26\/2018\/07\/20180627_122150-480x286.jpg\" data-type=\"wpmfgalleryimg\" data-lazy-src=\"https:\/\/bonifratrzy.pl\/dps-iwonicz\/wp-content\/uploads\/sites\/26\/2018\/07\/20180627_122150-480x286.jpg\"><\/a><\/div><\/div><\/div><\/figure><figure class=\"wpmf-gallery-item\" data-index=\"5\"><div class=\"wpmf-gallery-icon\"><div class=\"square_thumbnail\"><div class=\"img_centered\"><a class=\" not_video noLightbox\" data-lightbox=\"1\" data-href=\"https:\/\/bonifratrzy.pl\/dps-iwonicz\/wp-content\/uploads\/sites\/26\/2018\/07\/20180627_134645-576x1024.jpg\" title=\"20180627_134645\" target=\"_self\" data-index=\"5\"><img decoding=\"async\" class=\"wpmf_img\" alt=\"20180627_134645\" src=\"https:\/\/bonifratrzy.pl\/dps-iwonicz\/wp-content\/uploads\/sites\/26\/2018\/07\/20180627_134645-480x286.jpg\" data-type=\"wpmfgalleryimg\" data-lazy-src=\"https:\/\/bonifratrzy.pl\/dps-iwonicz\/wp-content\/uploads\/sites\/26\/2018\/07\/20180627_134645-480x286.jpg\"><\/a><\/div><\/div><\/div><\/figure><figure class=\"wpmf-gallery-item\" data-index=\"6\"><div class=\"wpmf-gallery-icon\"><div class=\"square_thumbnail\"><div class=\"img_centered\"><a class=\" not_video noLightbox\" data-lightbox=\"1\" data-href=\"https:\/\/bonifratrzy.pl\/dps-iwonicz\/wp-content\/uploads\/sites\/26\/2018\/07\/20180627_143103-576x1024.jpg\" title=\"20180627_143103\" target=\"_self\" data-index=\"6\"><img decoding=\"async\" class=\"wpmf_img\" alt=\"20180627_143103\" src=\"https:\/\/bonifratrzy.pl\/dps-iwonicz\/wp-content\/uploads\/sites\/26\/2018\/07\/20180627_143103-480x286.jpg\" data-type=\"wpmfgalleryimg\" data-lazy-src=\"https:\/\/bonifratrzy.pl\/dps-iwonicz\/wp-content\/uploads\/sites\/26\/2018\/07\/20180627_143103-480x286.jpg\"><\/a><\/div><\/div><\/div><\/figure><figure class=\"wpmf-gallery-item\" data-index=\"7\"><div class=\"wpmf-gallery-icon\"><div class=\"square_thumbnail\"><div class=\"img_centered\"><a class=\" not_video noLightbox\" data-lightbox=\"1\" data-href=\"https:\/\/bonifratrzy.pl\/dps-iwonicz\/wp-content\/uploads\/sites\/26\/2018\/07\/20180627_143243-576x1024.jpg\" title=\"20180627_143243\" target=\"_self\" data-index=\"7\"><img decoding=\"async\" class=\"wpmf_img\" alt=\"20180627_143243\" src=\"https:\/\/bonifratrzy.pl\/dps-iwonicz\/wp-content\/uploads\/sites\/26\/2018\/07\/20180627_143243-480x286.jpg\" data-type=\"wpmfgalleryimg\" data-lazy-src=\"https:\/\/bonifratrzy.pl\/dps-iwonicz\/wp-content\/uploads\/sites\/26\/2018\/07\/20180627_143243-480x286.jpg\"><\/a><\/div><\/div><\/div><\/figure><figure class=\"wpmf-gallery-item\" data-index=\"8\"><div class=\"wpmf-gallery-icon\"><div class=\"square_thumbnail\"><div class=\"img_centered\"><a class=\" not_video noLightbox\" data-lightbox=\"1\" data-href=\"https:\/\/bonifratrzy.pl\/dps-iwonicz\/wp-content\/uploads\/sites\/26\/2018\/07\/20180627_142951-576x1024.jpg\" title=\"20180627_142951\" target=\"_self\" data-index=\"8\"><img decoding=\"async\" class=\"wpmf_img\" alt=\"20180627_142951\" src=\"https:\/\/bonifratrzy.pl\/dps-iwonicz\/wp-content\/uploads\/sites\/26\/2018\/07\/20180627_142951-480x286.jpg\" data-type=\"wpmfgalleryimg\" data-lazy-src=\"https:\/\/bonifratrzy.pl\/dps-iwonicz\/wp-content\/uploads\/sites\/26\/2018\/07\/20180627_142951-480x286.jpg\"><\/a><\/div><\/div><\/div><\/figure><\/div><\/div>\n","protected":false},"excerpt":{"rendered":"<p>Dnia 27 czerwca korzystaj\u0105c z zaproszenia, wzi\u0119li\u015bmy udzia\u0142 w obchodach 25-lecia Domu Pomocy Spo\u0142ecznej nr 1 w Kro\u015bnie.<\/p>\n","protected":false},"author":30,"featured_media":2961,"comment_status":"open","ping_status":"open","sticky":false,"template":"","format":"standard","meta":{"footnotes":""},"categories":[1],"tags":[],"_links":{"self":[{"href":"https:\/\/bonifratrzy.pl\/dps-iwonicz\/wp-json\/wp\/v2\/posts\/2957"}],"collection":[{"href":"https:\/\/bonifratrzy.pl\/dps-iwonicz\/wp-json\/wp\/v2\/posts"}],"about":[{"href":"https:\/\/bonifratrzy.pl\/dps-iwonicz\/wp-json\/wp\/v2\/types\/post"}],"author":[{"embeddable":true,"href":"https:\/\/bonifratrzy.pl\/dps-iwonicz\/wp-json\/wp\/v2\/users\/30"}],"replies":[{"embeddable":true,"href":"https:\/\/bonifratrzy.pl\/dps-iwonicz\/wp-json\/wp\/v2\/comments?post=2957"}],"version-history":[{"count":1,"href":"https:\/\/bonifratrzy.pl\/dps-iwonicz\/wp-json\/wp\/v2\/posts\/2957\/revisions"}],"predecessor-version":[{"id":2967,"href":"https:\/\/bonifratrzy.pl\/dps-iwonicz\/wp-json\/wp\/v2\/posts\/2957\/revisions\/2967"}],"wp:featuredmedia":[{"embeddable":true,"href":"https:\/\/bonifratrzy.pl\/dps-iwonicz\/wp-json\/wp\/v2\/media\/2961"}],"wp:attachment":[{"href":"https:\/\/bonifratrzy.pl\/dps-iwonicz\/wp-json\/wp\/v2\/media?parent=2957"}],"wp:term":[{"taxonomy":"category","embeddable":true,"href":"https:\/\/bonifratrzy.pl\/dps-iwonicz\/wp-json\/wp\/v2\/categories?post=2957"},{"taxonomy":"post_tag","embeddable":true,"href":"https:\/\/bonifratrzy.pl\/dps-iwonicz\/wp-json\/wp\/v2\/tags?post=2957"}],"curies":[{"name":"wp","href":"https:\/\/api.w.org\/{rel}","templated":true}]}}