{"id":2945,"date":"2018-07-04T14:14:41","date_gmt":"2018-07-04T12:14:41","guid":{"rendered":"https:\/\/bonifratrzy.pl\/dps-iwonicz\/?p=2945"},"modified":"2018-07-04T14:15:36","modified_gmt":"2018-07-04T12:15:36","slug":"20-lecie-domu-pomocy-spolecznej-w-rudzie","status":"publish","type":"post","link":"https:\/\/bonifratrzy.pl\/dps-iwonicz\/2018\/07\/04\/20-lecie-domu-pomocy-spolecznej-w-rudzie\/","title":{"rendered":"20-lecie Domu Pomocy Spo\u0142ecznej w Rudzie"},"content":{"rendered":"<p>20 czerwca delegacja z naszego Domu wzi\u0119\u0142a udzia\u0142 w wyj\u0105tkowej uroczysto\u015bci. DPS w\u00a0Rudzie \u015bwi\u0119towa\u0142 swoje 20-lecie, a u\u015bwietnieniem tego jubileuszu by\u0142o wprowadzenie do kaplicy Domu relikwii \u015bw. Jana Paw\u0142a II \u2013 patrona DPS w Rudzie. <!--more--><\/p>\n<p align=\"JUSTIFY\">Przekazania relikwii dokona\u0142 ks. abp Mieczys\u0142aw Mokrzycki \u2013 metropolita lwowski blisko zwi\u0105zany ze \u015awi\u0119tym Papie\u017cem. Po uczcie dla ducha przyszed\u0142 czas na dalsze \u015bwi\u0119towanie. Pokrzepieni posi\u0142kiem mieszka\u0144cy skorzystali z zaproszenia do zabawy tanecznej.<\/p>\n<div class=\"wpmf-gallerys wpmf-gallerys-life \" ><div id=\"gallery-1\" class=\"gallery gallery_life wpmf_gallery_default gallery_default  gallery-columns-3 gallery-size-thumbnail gallery-link-file wpmf-has-border-radius-0 wpmf-gutterwidth-5 no_ratio\"><figure class=\"wpmf-gallery-item\" data-index=\"0\"><div class=\"wpmf-gallery-icon\"><div class=\"square_thumbnail\"><div class=\"img_centered\"><a class=\" not_video noLightbox\" data-lightbox=\"1\" data-href=\"https:\/\/bonifratrzy.pl\/dps-iwonicz\/wp-content\/uploads\/sites\/26\/2018\/07\/IMG_20180620_152417-768x1024.jpg\" title=\"dav\" target=\"_self\" data-index=\"0\"><img decoding=\"async\" class=\"wpmf_img\" alt=\"dav\" src=\"https:\/\/bonifratrzy.pl\/dps-iwonicz\/wp-content\/uploads\/sites\/26\/2018\/07\/IMG_20180620_152417-480x286.jpg\" data-type=\"wpmfgalleryimg\" data-lazy-src=\"https:\/\/bonifratrzy.pl\/dps-iwonicz\/wp-content\/uploads\/sites\/26\/2018\/07\/IMG_20180620_152417-480x286.jpg\"><\/a><\/div><\/div><\/div><\/figure><figure class=\"wpmf-gallery-item\" data-index=\"1\"><div class=\"wpmf-gallery-icon\"><div class=\"square_thumbnail\"><div class=\"img_centered\"><a class=\" not_video noLightbox\" data-lightbox=\"1\" data-href=\"https:\/\/bonifratrzy.pl\/dps-iwonicz\/wp-content\/uploads\/sites\/26\/2018\/07\/IMG_20180620_152239-1024x768.jpg\" title=\"dav\" target=\"_self\" data-index=\"1\"><img decoding=\"async\" class=\"wpmf_img\" alt=\"dav\" src=\"https:\/\/bonifratrzy.pl\/dps-iwonicz\/wp-content\/uploads\/sites\/26\/2018\/07\/IMG_20180620_152239-480x286.jpg\" data-type=\"wpmfgalleryimg\" data-lazy-src=\"https:\/\/bonifratrzy.pl\/dps-iwonicz\/wp-content\/uploads\/sites\/26\/2018\/07\/IMG_20180620_152239-480x286.jpg\"><\/a><\/div><\/div><\/div><\/figure><figure class=\"wpmf-gallery-item\" data-index=\"2\"><div class=\"wpmf-gallery-icon\"><div class=\"square_thumbnail\"><div class=\"img_centered\"><a class=\" not_video noLightbox\" data-lightbox=\"1\" data-href=\"https:\/\/bonifratrzy.pl\/dps-iwonicz\/wp-content\/uploads\/sites\/26\/2018\/07\/IMG_20180620_143943-1024x768.jpg\" title=\"dav\" target=\"_self\" data-index=\"2\"><img decoding=\"async\" class=\"wpmf_img\" alt=\"dav\" src=\"https:\/\/bonifratrzy.pl\/dps-iwonicz\/wp-content\/uploads\/sites\/26\/2018\/07\/IMG_20180620_143943-480x286.jpg\" data-type=\"wpmfgalleryimg\" data-lazy-src=\"https:\/\/bonifratrzy.pl\/dps-iwonicz\/wp-content\/uploads\/sites\/26\/2018\/07\/IMG_20180620_143943-480x286.jpg\"><\/a><\/div><\/div><\/div><\/figure><figure class=\"wpmf-gallery-item\" data-index=\"3\"><div class=\"wpmf-gallery-icon\"><div class=\"square_thumbnail\"><div class=\"img_centered\"><a class=\" not_video noLightbox\" data-lightbox=\"1\" data-href=\"https:\/\/bonifratrzy.pl\/dps-iwonicz\/wp-content\/uploads\/sites\/26\/2018\/07\/IMG_20180620_140252-1024x768.jpg\" title=\"dav\" target=\"_self\" data-index=\"3\"><img decoding=\"async\" class=\"wpmf_img\" alt=\"dav\" src=\"https:\/\/bonifratrzy.pl\/dps-iwonicz\/wp-content\/uploads\/sites\/26\/2018\/07\/IMG_20180620_140252-480x286.jpg\" data-type=\"wpmfgalleryimg\" data-lazy-src=\"https:\/\/bonifratrzy.pl\/dps-iwonicz\/wp-content\/uploads\/sites\/26\/2018\/07\/IMG_20180620_140252-480x286.jpg\"><\/a><\/div><\/div><\/div><\/figure><figure class=\"wpmf-gallery-item\" data-index=\"4\"><div class=\"wpmf-gallery-icon\"><div class=\"square_thumbnail\"><div class=\"img_centered\"><a class=\" not_video noLightbox\" data-lightbox=\"1\" data-href=\"https:\/\/bonifratrzy.pl\/dps-iwonicz\/wp-content\/uploads\/sites\/26\/2018\/07\/IMG_20180620_135657-768x1024.jpg\" title=\"dav\" target=\"_self\" data-index=\"4\"><img decoding=\"async\" class=\"wpmf_img\" alt=\"dav\" src=\"https:\/\/bonifratrzy.pl\/dps-iwonicz\/wp-content\/uploads\/sites\/26\/2018\/07\/IMG_20180620_135657-480x286.jpg\" data-type=\"wpmfgalleryimg\" data-lazy-src=\"https:\/\/bonifratrzy.pl\/dps-iwonicz\/wp-content\/uploads\/sites\/26\/2018\/07\/IMG_20180620_135657-480x286.jpg\"><\/a><\/div><\/div><\/div><\/figure><figure class=\"wpmf-gallery-item\" data-index=\"5\"><div class=\"wpmf-gallery-icon\"><div class=\"square_thumbnail\"><div class=\"img_centered\"><a class=\" not_video noLightbox\" data-lightbox=\"1\" data-href=\"https:\/\/bonifratrzy.pl\/dps-iwonicz\/wp-content\/uploads\/sites\/26\/2018\/07\/IMG_20180620_152545-768x1024.jpg\" title=\"dav\" target=\"_self\" data-index=\"5\"><img decoding=\"async\" class=\"wpmf_img\" alt=\"dav\" src=\"https:\/\/bonifratrzy.pl\/dps-iwonicz\/wp-content\/uploads\/sites\/26\/2018\/07\/IMG_20180620_152545-480x286.jpg\" data-type=\"wpmfgalleryimg\" data-lazy-src=\"https:\/\/bonifratrzy.pl\/dps-iwonicz\/wp-content\/uploads\/sites\/26\/2018\/07\/IMG_20180620_152545-480x286.jpg\"><\/a><\/div><\/div><\/div><\/figure><figure class=\"wpmf-gallery-item\" data-index=\"6\"><div class=\"wpmf-gallery-icon\"><div class=\"square_thumbnail\"><div class=\"img_centered\"><a class=\" not_video noLightbox\" data-lightbox=\"1\" data-href=\"https:\/\/bonifratrzy.pl\/dps-iwonicz\/wp-content\/uploads\/sites\/26\/2018\/07\/IMG_20180620_152602-1024x768.jpg\" title=\"sdr\" target=\"_self\" data-index=\"6\"><img decoding=\"async\" class=\"wpmf_img\" alt=\"sdr\" src=\"https:\/\/bonifratrzy.pl\/dps-iwonicz\/wp-content\/uploads\/sites\/26\/2018\/07\/IMG_20180620_152602-480x286.jpg\" data-type=\"wpmfgalleryimg\" data-lazy-src=\"https:\/\/bonifratrzy.pl\/dps-iwonicz\/wp-content\/uploads\/sites\/26\/2018\/07\/IMG_20180620_152602-480x286.jpg\"><\/a><\/div><\/div><\/div><\/figure><figure class=\"wpmf-gallery-item\" data-index=\"7\"><div class=\"wpmf-gallery-icon\"><div class=\"square_thumbnail\"><div class=\"img_centered\"><a class=\" not_video noLightbox\" data-lightbox=\"1\" data-href=\"https:\/\/bonifratrzy.pl\/dps-iwonicz\/wp-content\/uploads\/sites\/26\/2018\/07\/IMG_20180620_152651-768x1024.jpg\" title=\"sdr\" target=\"_self\" data-index=\"7\"><img decoding=\"async\" class=\"wpmf_img\" alt=\"sdr\" src=\"https:\/\/bonifratrzy.pl\/dps-iwonicz\/wp-content\/uploads\/sites\/26\/2018\/07\/IMG_20180620_152651-480x286.jpg\" data-type=\"wpmfgalleryimg\" data-lazy-src=\"https:\/\/bonifratrzy.pl\/dps-iwonicz\/wp-content\/uploads\/sites\/26\/2018\/07\/IMG_20180620_152651-480x286.jpg\"><\/a><\/div><\/div><\/div><\/figure><figure class=\"wpmf-gallery-item\" data-index=\"8\"><div class=\"wpmf-gallery-icon\"><div class=\"square_thumbnail\"><div class=\"img_centered\"><a class=\" not_video noLightbox\" data-lightbox=\"1\" data-href=\"https:\/\/bonifratrzy.pl\/dps-iwonicz\/wp-content\/uploads\/sites\/26\/2018\/07\/IMG_20180620_154635-1024x768.jpg\" title=\"dav\" target=\"_self\" data-index=\"8\"><img decoding=\"async\" class=\"wpmf_img\" alt=\"dav\" src=\"https:\/\/bonifratrzy.pl\/dps-iwonicz\/wp-content\/uploads\/sites\/26\/2018\/07\/IMG_20180620_154635-480x286.jpg\" data-type=\"wpmfgalleryimg\" data-lazy-src=\"https:\/\/bonifratrzy.pl\/dps-iwonicz\/wp-content\/uploads\/sites\/26\/2018\/07\/IMG_20180620_154635-480x286.jpg\"><\/a><\/div><\/div><\/div><\/figure><figure class=\"wpmf-gallery-item\" data-index=\"9\"><div class=\"wpmf-gallery-icon\"><div class=\"square_thumbnail\"><div class=\"img_centered\"><a class=\" not_video noLightbox\" data-lightbox=\"1\" data-href=\"https:\/\/bonifratrzy.pl\/dps-iwonicz\/wp-content\/uploads\/sites\/26\/2018\/07\/IMG_20180620_154708-1024x768.jpg\" title=\"dav\" target=\"_self\" data-index=\"9\"><img decoding=\"async\" class=\"wpmf_img\" alt=\"dav\" src=\"https:\/\/bonifratrzy.pl\/dps-iwonicz\/wp-content\/uploads\/sites\/26\/2018\/07\/IMG_20180620_154708-480x286.jpg\" data-type=\"wpmfgalleryimg\" data-lazy-src=\"https:\/\/bonifratrzy.pl\/dps-iwonicz\/wp-content\/uploads\/sites\/26\/2018\/07\/IMG_20180620_154708-480x286.jpg\"><\/a><\/div><\/div><\/div><\/figure><\/div><\/div>\n","protected":false},"excerpt":{"rendered":"<p>20 czerwca delegacja z naszego Domu wzi\u0119\u0142a udzia\u0142 w wyj\u0105tkowej uroczysto\u015bci. DPS w\u00a0Rudzie \u015bwi\u0119towa\u0142 swoje 20-lecie, a u\u015bwietnieniem tego jubileuszu by\u0142o wprowadzenie do kaplicy Domu relikwii \u015bw. Jana Paw\u0142a II \u2013 patrona DPS w Rudzie.<\/p>\n","protected":false},"author":30,"featured_media":2950,"comment_status":"open","ping_status":"open","sticky":false,"template":"","format":"standard","meta":{"footnotes":""},"categories":[1],"tags":[],"_links":{"self":[{"href":"https:\/\/bonifratrzy.pl\/dps-iwonicz\/wp-json\/wp\/v2\/posts\/2945"}],"collection":[{"href":"https:\/\/bonifratrzy.pl\/dps-iwonicz\/wp-json\/wp\/v2\/posts"}],"about":[{"href":"https:\/\/bonifratrzy.pl\/dps-iwonicz\/wp-json\/wp\/v2\/types\/post"}],"author":[{"embeddable":true,"href":"https:\/\/bonifratrzy.pl\/dps-iwonicz\/wp-json\/wp\/v2\/users\/30"}],"replies":[{"embeddable":true,"href":"https:\/\/bonifratrzy.pl\/dps-iwonicz\/wp-json\/wp\/v2\/comments?post=2945"}],"version-history":[{"count":1,"href":"https:\/\/bonifratrzy.pl\/dps-iwonicz\/wp-json\/wp\/v2\/posts\/2945\/revisions"}],"predecessor-version":[{"id":2956,"href":"https:\/\/bonifratrzy.pl\/dps-iwonicz\/wp-json\/wp\/v2\/posts\/2945\/revisions\/2956"}],"wp:featuredmedia":[{"embeddable":true,"href":"https:\/\/bonifratrzy.pl\/dps-iwonicz\/wp-json\/wp\/v2\/media\/2950"}],"wp:attachment":[{"href":"https:\/\/bonifratrzy.pl\/dps-iwonicz\/wp-json\/wp\/v2\/media?parent=2945"}],"wp:term":[{"taxonomy":"category","embeddable":true,"href":"https:\/\/bonifratrzy.pl\/dps-iwonicz\/wp-json\/wp\/v2\/categories?post=2945"},{"taxonomy":"post_tag","embeddable":true,"href":"https:\/\/bonifratrzy.pl\/dps-iwonicz\/wp-json\/wp\/v2\/tags?post=2945"}],"curies":[{"name":"wp","href":"https:\/\/api.w.org\/{rel}","templated":true}]}}