{"id":8022,"date":"2021-11-12T12:18:05","date_gmt":"2021-11-12T11:18:05","guid":{"rendered":"https:\/\/bonifratrzy.pl\/dps-cieszyn\/?p=8022"},"modified":"2021-11-12T12:18:40","modified_gmt":"2021-11-12T11:18:40","slug":"swietujemy-urodziny-mieszkancow","status":"publish","type":"post","link":"https:\/\/bonifratrzy.pl\/dps-cieszyn\/2021\/11\/12\/swietujemy-urodziny-mieszkancow\/","title":{"rendered":"\u015awi\u0119tujemy urodziny mieszka\u0144c\u00f3w"},"content":{"rendered":"<p style=\"text-align: justify\">W ostatnim czasie wielu podopiecznych cieszy\u0144skiego Domu Pomocy Spo\u0142ecznej Konwentu Bonifratr\u00f3w w Cieszynie \u015bwi\u0119towa\u0142o swoje urodziny. Zwyczajowo w uroczysto\u015bciach \u00a0uczestniczyli inni mieszka\u0144cy z poszczeg\u00f3lnych oddzia\u0142\u00f3w Domu oraz personel plac\u00f3wki. By\u0142y torty, ciasta i \u017cyczenia. Nie zabrak\u0142o tradycyjnego od\u015bpiewywania \u00a0\u201eSto Lat!\u201d. W\u015br\u00f3d jubilat\u00f3w obchodz\u0105cych 60-te urodziny znale\u017ali si\u0119 Panowie Andrzej oraz Stanis\u0142aw. Serdecznie gratulujemy.<!--more--><\/p>\n<p>Solenizanci: P. Andrzej, P. S\u0142awomir, P. Daniel, P. Jan, P. Miros\u0142aw. P. Piotr.<\/p>\n<div class=\"wpmf-gallerys wpmf-gallerys-life \" ><div id=\"gallery-1\"\n data-gutter-width=\"5\"\n  data-wpmfcolumns=\"3\" class=\"wpmf-gallery gallery-link-file gallery_life gallery-masonry gallery-columns-3 gallery-size-thumbnail wpmf-gallery-bottomspace-default wpmf-gallery-clear wpmf-has-border-radius-0 wpmf-gutterwidth-5\"><div class=\"wpmf-gallery-item\n     wpmf-gallery-item-position-0 wpmf-gallery-item-attachment-8032\" data-index=\"0\"><div class=\"wpmf-gallery-icon\"><a class=\" not_video noLightbox\" data-lightbox=\"1\" data-href=\"https:\/\/bonifratrzy.pl\/dps-cieszyn\/wp-content\/uploads\/sites\/25\/2021\/11\/DSC06940-768x1024.jpg\" title=\"\" target=\"_self\" data-index=\"0\"><img decoding=\"async\" class=\"wpmf_img\" alt=\"\" src=\"https:\/\/bonifratrzy.pl\/dps-cieszyn\/wp-content\/uploads\/sites\/25\/2021\/11\/DSC06940-scaled.jpg\" data-type=\"wpmfgalleryimg\" data-lazy-src=\"https:\/\/bonifratrzy.pl\/dps-cieszyn\/wp-content\/uploads\/sites\/25\/2021\/11\/DSC06940-scaled.jpg\"><\/a><\/div><\/div><div class=\"wpmf-gallery-item\n     wpmf-gallery-item-position-1 wpmf-gallery-item-attachment-8031\" data-index=\"1\"><div class=\"wpmf-gallery-icon\"><a class=\" not_video noLightbox\" data-lightbox=\"1\" data-href=\"https:\/\/bonifratrzy.pl\/dps-cieszyn\/wp-content\/uploads\/sites\/25\/2021\/11\/DSC06951-768x1024.jpg\" title=\"\" target=\"_self\" data-index=\"1\"><img decoding=\"async\" class=\"wpmf_img\" alt=\"\" src=\"https:\/\/bonifratrzy.pl\/dps-cieszyn\/wp-content\/uploads\/sites\/25\/2021\/11\/DSC06951-scaled.jpg\" data-type=\"wpmfgalleryimg\" data-lazy-src=\"https:\/\/bonifratrzy.pl\/dps-cieszyn\/wp-content\/uploads\/sites\/25\/2021\/11\/DSC06951-scaled.jpg\"><\/a><\/div><\/div><div class=\"wpmf-gallery-item\n     wpmf-gallery-item-position-2 wpmf-gallery-item-attachment-8033\" data-index=\"2\"><div class=\"wpmf-gallery-icon\"><a class=\" not_video noLightbox\" data-lightbox=\"1\" data-href=\"https:\/\/bonifratrzy.pl\/dps-cieszyn\/wp-content\/uploads\/sites\/25\/2021\/11\/DSC06946-1024x768.jpg\" title=\"\" target=\"_self\" data-index=\"2\"><img decoding=\"async\" class=\"wpmf_img\" alt=\"\" src=\"https:\/\/bonifratrzy.pl\/dps-cieszyn\/wp-content\/uploads\/sites\/25\/2021\/11\/DSC06946-scaled.jpg\" data-type=\"wpmfgalleryimg\" data-lazy-src=\"https:\/\/bonifratrzy.pl\/dps-cieszyn\/wp-content\/uploads\/sites\/25\/2021\/11\/DSC06946-scaled.jpg\"><\/a><\/div><\/div><div class=\"wpmf-gallery-item\n     wpmf-gallery-item-position-3 wpmf-gallery-item-attachment-8029\" data-index=\"3\"><div class=\"wpmf-gallery-icon\"><a class=\" not_video noLightbox\" data-lightbox=\"1\" data-href=\"https:\/\/bonifratrzy.pl\/dps-cieszyn\/wp-content\/uploads\/sites\/25\/2021\/11\/IMG-20210919-WA0002-765x1024.jpg\" title=\"\" target=\"_self\" data-index=\"3\"><img decoding=\"async\" class=\"wpmf_img\" alt=\"\" src=\"https:\/\/bonifratrzy.pl\/dps-cieszyn\/wp-content\/uploads\/sites\/25\/2021\/11\/IMG-20210919-WA0002.jpg\" data-type=\"wpmfgalleryimg\" data-lazy-src=\"https:\/\/bonifratrzy.pl\/dps-cieszyn\/wp-content\/uploads\/sites\/25\/2021\/11\/IMG-20210919-WA0002.jpg\"><\/a><\/div><\/div><div class=\"wpmf-gallery-item\n     wpmf-gallery-item-position-4 wpmf-gallery-item-attachment-8028\" data-index=\"4\"><div class=\"wpmf-gallery-icon\"><a class=\" not_video noLightbox\" data-lightbox=\"1\" data-href=\"https:\/\/bonifratrzy.pl\/dps-cieszyn\/wp-content\/uploads\/sites\/25\/2021\/11\/IMG-20211002-WA0004.jpg\" title=\"\" target=\"_self\" data-index=\"4\"><img decoding=\"async\" class=\"wpmf_img\" alt=\"\" src=\"https:\/\/bonifratrzy.pl\/dps-cieszyn\/wp-content\/uploads\/sites\/25\/2021\/11\/IMG-20211002-WA0004.jpg\" data-type=\"wpmfgalleryimg\" data-lazy-src=\"https:\/\/bonifratrzy.pl\/dps-cieszyn\/wp-content\/uploads\/sites\/25\/2021\/11\/IMG-20211002-WA0004.jpg\"><\/a><\/div><\/div><div class=\"wpmf-gallery-item\n     wpmf-gallery-item-position-5 wpmf-gallery-item-attachment-8027\" data-index=\"5\"><div class=\"wpmf-gallery-icon\"><a class=\" not_video noLightbox\" data-lightbox=\"1\" data-href=\"https:\/\/bonifratrzy.pl\/dps-cieszyn\/wp-content\/uploads\/sites\/25\/2021\/11\/IMG-20211002-WA0005.jpg\" title=\"\" target=\"_self\" data-index=\"5\"><img decoding=\"async\" class=\"wpmf_img\" alt=\"\" src=\"https:\/\/bonifratrzy.pl\/dps-cieszyn\/wp-content\/uploads\/sites\/25\/2021\/11\/IMG-20211002-WA0005.jpg\" data-type=\"wpmfgalleryimg\" data-lazy-src=\"https:\/\/bonifratrzy.pl\/dps-cieszyn\/wp-content\/uploads\/sites\/25\/2021\/11\/IMG-20211002-WA0005.jpg\"><\/a><\/div><\/div><div class=\"wpmf-gallery-item\n     wpmf-gallery-item-position-6 wpmf-gallery-item-attachment-8026\" data-index=\"6\"><div class=\"wpmf-gallery-icon\"><a class=\" not_video noLightbox\" data-lightbox=\"1\" data-href=\"https:\/\/bonifratrzy.pl\/dps-cieszyn\/wp-content\/uploads\/sites\/25\/2021\/11\/IMG-20211012-WA0002-765x1024.jpg\" title=\"\" target=\"_self\" data-index=\"6\"><img decoding=\"async\" class=\"wpmf_img\" alt=\"\" src=\"https:\/\/bonifratrzy.pl\/dps-cieszyn\/wp-content\/uploads\/sites\/25\/2021\/11\/IMG-20211012-WA0002.jpg\" data-type=\"wpmfgalleryimg\" data-lazy-src=\"https:\/\/bonifratrzy.pl\/dps-cieszyn\/wp-content\/uploads\/sites\/25\/2021\/11\/IMG-20211012-WA0002.jpg\"><\/a><\/div><\/div><div class=\"wpmf-gallery-item\n     wpmf-gallery-item-position-7 wpmf-gallery-item-attachment-8025\" data-index=\"7\"><div class=\"wpmf-gallery-icon\"><a class=\" not_video noLightbox\" data-lightbox=\"1\" data-href=\"https:\/\/bonifratrzy.pl\/dps-cieszyn\/wp-content\/uploads\/sites\/25\/2021\/11\/IMG-20211029-WA0000-768x1024.jpg\" title=\"\" target=\"_self\" data-index=\"7\"><img decoding=\"async\" class=\"wpmf_img\" alt=\"\" src=\"https:\/\/bonifratrzy.pl\/dps-cieszyn\/wp-content\/uploads\/sites\/25\/2021\/11\/IMG-20211029-WA0000.jpg\" data-type=\"wpmfgalleryimg\" data-lazy-src=\"https:\/\/bonifratrzy.pl\/dps-cieszyn\/wp-content\/uploads\/sites\/25\/2021\/11\/IMG-20211029-WA0000.jpg\"><\/a><\/div><\/div><div class=\"wpmf-gallery-item\n     wpmf-gallery-item-position-8 wpmf-gallery-item-attachment-8024\" data-index=\"8\"><div class=\"wpmf-gallery-icon\"><a class=\" not_video noLightbox\" data-lightbox=\"1\" data-href=\"https:\/\/bonifratrzy.pl\/dps-cieszyn\/wp-content\/uploads\/sites\/25\/2021\/11\/IMG-20211109-WA0000-765x1024.jpg\" title=\"\" target=\"_self\" data-index=\"8\"><img decoding=\"async\" class=\"wpmf_img\" alt=\"\" src=\"https:\/\/bonifratrzy.pl\/dps-cieszyn\/wp-content\/uploads\/sites\/25\/2021\/11\/IMG-20211109-WA0000.jpg\" data-type=\"wpmfgalleryimg\" data-lazy-src=\"https:\/\/bonifratrzy.pl\/dps-cieszyn\/wp-content\/uploads\/sites\/25\/2021\/11\/IMG-20211109-WA0000.jpg\"><\/a><\/div><\/div><div class=\"wpmf-gallery-item\n     wpmf-gallery-item-position-9 wpmf-gallery-item-attachment-8023\" data-index=\"9\"><div class=\"wpmf-gallery-icon\"><a class=\" not_video noLightbox\" data-lightbox=\"1\" data-href=\"https:\/\/bonifratrzy.pl\/dps-cieszyn\/wp-content\/uploads\/sites\/25\/2021\/11\/IMG-20211109-WA0002-768x1024.jpg\" title=\"\" target=\"_self\" data-index=\"9\"><img decoding=\"async\" class=\"wpmf_img\" alt=\"\" src=\"https:\/\/bonifratrzy.pl\/dps-cieszyn\/wp-content\/uploads\/sites\/25\/2021\/11\/IMG-20211109-WA0002.jpg\" data-type=\"wpmfgalleryimg\" data-lazy-src=\"https:\/\/bonifratrzy.pl\/dps-cieszyn\/wp-content\/uploads\/sites\/25\/2021\/11\/IMG-20211109-WA0002.jpg\"><\/a><\/div><\/div><\/div><\/div>\n\n","protected":false},"excerpt":{"rendered":"<p>W ostatnim czasie wielu podopiecznych cieszy\u0144skiego Domu Pomocy Spo\u0142ecznej Konwentu Bonifratr\u00f3w w Cieszynie \u015bwi\u0119towa\u0142o swoje urodziny. Zwyczajowo w uroczysto\u015bciach \u00a0uczestniczyli inni mieszka\u0144cy z poszczeg\u00f3lnych oddzia\u0142\u00f3w Domu oraz personel plac\u00f3wki. By\u0142y torty, ciasta i \u017cyczenia. Nie zabrak\u0142o tradycyjnego od\u015bpiewywania \u00a0\u201eSto Lat!\u201d. W\u015br\u00f3d jubilat\u00f3w obchodz\u0105cych 60-te urodziny znale\u017ali si\u0119 Panowie Andrzej oraz Stanis\u0142aw. Serdecznie gratulujemy.<\/p>\n","protected":false},"author":20,"featured_media":8033,"comment_status":"open","ping_status":"open","sticky":false,"template":"","format":"standard","meta":{"footnotes":""},"categories":[1],"tags":[],"_links":{"self":[{"href":"https:\/\/bonifratrzy.pl\/dps-cieszyn\/wp-json\/wp\/v2\/posts\/8022"}],"collection":[{"href":"https:\/\/bonifratrzy.pl\/dps-cieszyn\/wp-json\/wp\/v2\/posts"}],"about":[{"href":"https:\/\/bonifratrzy.pl\/dps-cieszyn\/wp-json\/wp\/v2\/types\/post"}],"author":[{"embeddable":true,"href":"https:\/\/bonifratrzy.pl\/dps-cieszyn\/wp-json\/wp\/v2\/users\/20"}],"replies":[{"embeddable":true,"href":"https:\/\/bonifratrzy.pl\/dps-cieszyn\/wp-json\/wp\/v2\/comments?post=8022"}],"version-history":[{"count":4,"href":"https:\/\/bonifratrzy.pl\/dps-cieszyn\/wp-json\/wp\/v2\/posts\/8022\/revisions"}],"predecessor-version":[{"id":8036,"href":"https:\/\/bonifratrzy.pl\/dps-cieszyn\/wp-json\/wp\/v2\/posts\/8022\/revisions\/8036"}],"wp:featuredmedia":[{"embeddable":true,"href":"https:\/\/bonifratrzy.pl\/dps-cieszyn\/wp-json\/wp\/v2\/media\/8033"}],"wp:attachment":[{"href":"https:\/\/bonifratrzy.pl\/dps-cieszyn\/wp-json\/wp\/v2\/media?parent=8022"}],"wp:term":[{"taxonomy":"category","embeddable":true,"href":"https:\/\/bonifratrzy.pl\/dps-cieszyn\/wp-json\/wp\/v2\/categories?post=8022"},{"taxonomy":"post_tag","embeddable":true,"href":"https:\/\/bonifratrzy.pl\/dps-cieszyn\/wp-json\/wp\/v2\/tags?post=8022"}],"curies":[{"name":"wp","href":"https:\/\/api.w.org\/{rel}","templated":true}]}}